{"id":11147,"date":"2012-03-21T17:44:03","date_gmt":"2012-03-21T22:44:03","guid":{"rendered":"https:\/\/www.ucaldas.edu.co\/portal\/?p=11147"},"modified":"2012-03-21T17:44:03","modified_gmt":"2012-03-21T22:44:03","slug":"i-simposio-de-cardiologia-y-cirugia-cardiovascular","status":"publish","type":"post","link":"https:\/\/www.ucaldas.edu.co\/portal\/i-simposio-de-cardiologia-y-cirugia-cardiovascular\/","title":{"rendered":"I Simposio de Cardiolog\u00eda y Cirug\u00eda Cardiovascular"},"content":{"rendered":"<p>Marzo 23<\/p>\n<p><b>\u00a0<\/b><\/p>\n<hr \/>\n<table border=\"0\">\n<tbody>\n<tr>\n<td><img loading=\"lazy\" decoding=\"async\" style=\"border: 0px\" alt=\"Cardiologia\" src=\"http:\/\/www.ucaldas.edu.co\/images\/tmp\/cardiologia.jpg\" width=\"240\" height=\"150\" border=\"0\" \/><\/td>\n<td><b>Descripci\u00f3n: <\/b>evento organizado por el Grupo de Medicina Interna Medical de la Universidad de Caldas.<br \/>\n<b>Invitado: <\/b>Director Territorial de Salud de Caldas, Jorge Hern\u00e1n Yepes Alzate.<\/td>\n<\/tr>\n<\/tbody>\n<\/table>\n<p><b><\/b><br \/>\n<b>Lugar:<\/b> Auditorio Ernesto Guti\u00e9rrez Arango, de la Facultad de Ciencias para la Salud de la U. de Caldas.<br \/>\n<b>Horario: <\/b>este viernes 23 de marzo del 2012, de 8:00 a.m. a 6:00 p.m.<br \/>\n<b>Entrada:<\/b> Libre. Inscripciones el d\u00eda del evento, a partir de las 7:00 a.m.<br \/>\n<b>Invitan: <\/b>Hospital Departamental Santa Sof\u00eda. E.S.E, Centro Cardiovascular de Caldas &#8211; Cl\u00ednica San Marcel y la Fundaci\u00f3n Peque\u00f1o Coraz\u00f3n.<br \/>\n<b>Informes:<\/b> Facultad de Ciencias para la Salud, tel\u00e9fono 878 30 60, extensi\u00f3n 31 102.<br \/>\n<b>Etiquetas: <\/b>simposio, medicina, cardiolog\u00eda, cirug\u00eda, invitado<\/p>\n","protected":false},"excerpt":{"rendered":"<p>Marzo 23 \u00a0 Descripci\u00f3n: evento organizado por el Grupo de Medicina Interna Medical de la Universidad de Caldas. Invitado: Director Territorial de Salud de Caldas, Jorge Hern\u00e1n Yepes Alzate. Lugar: Auditorio Ernesto Guti\u00e9rrez Arango, de la Facultad de Ciencias para la Salud de la U. de Caldas. Horario: este viernes 23 de marzo del 2012, [&hellip;]<\/p>\n","protected":false},"author":2,"featured_media":0,"comment_status":"closed","ping_status":"closed","sticky":false,"template":"","format":"standard","meta":{"footnotes":""},"categories":[48,53],"tags":[],"class_list":["post-11147","post","type-post","status-publish","format-standard","hentry","category-actualidad","category-universidad-al-dia"],"yoast_head":"<!-- This site is optimized with the Yoast SEO plugin v27.4 - https:\/\/yoast.com\/product\/yoast-seo-wordpress\/ -->\n<title>I Simposio de Cardiolog\u00eda y Cirug\u00eda Cardiovascular .<\/title>\n<meta name=\"robots\" content=\"index, follow, max-snippet:-1, max-image-preview:large, max-video-preview:-1\" \/>\n<link rel=\"canonical\" href=\"https:\/\/www.ucaldas.edu.co\/portal\/i-simposio-de-cardiologia-y-cirugia-cardiovascular\/\" \/>\n<script type=\"application\/ld+json\" class=\"yoast-schema-graph\">{\"@context\":\"https:\\\/\\\/schema.org\",\"@graph\":[{\"@type\":\"Article\",\"@id\":\"https:\\\/\\\/www.ucaldas.edu.co\\\/portal\\\/i-simposio-de-cardiologia-y-cirugia-cardiovascular\\\/#article\",\"isPartOf\":{\"@id\":\"https:\\\/\\\/www.ucaldas.edu.co\\\/portal\\\/i-simposio-de-cardiologia-y-cirugia-cardiovascular\\\/\"},\"author\":{\"name\":\"ofiprensa\",\"@id\":\"https:\\\/\\\/www.ucaldas.edu.co\\\/portal\\\/#\\\/schema\\\/person\\\/a1b482e23449158b4bc319926c074fdf\"},\"headline\":\"I Simposio de Cardiolog\u00eda y Cirug\u00eda Cardiovascular\",\"datePublished\":\"2012-03-21T22:44:03+00:00\",\"mainEntityOfPage\":{\"@id\":\"https:\\\/\\\/www.ucaldas.edu.co\\\/portal\\\/i-simposio-de-cardiologia-y-cirugia-cardiovascular\\\/\"},\"wordCount\":128,\"publisher\":{\"@id\":\"https:\\\/\\\/www.ucaldas.edu.co\\\/portal\\\/#organization\"},\"image\":{\"@id\":\"https:\\\/\\\/www.ucaldas.edu.co\\\/portal\\\/i-simposio-de-cardiologia-y-cirugia-cardiovascular\\\/#primaryimage\"},\"thumbnailUrl\":\"http:\\\/\\\/www.ucaldas.edu.co\\\/images\\\/tmp\\\/cardiologia.jpg\",\"articleSection\":[\"Actualidad\",\"Universidad al D\u00eda\"],\"inLanguage\":\"es\"},{\"@type\":\"WebPage\",\"@id\":\"https:\\\/\\\/www.ucaldas.edu.co\\\/portal\\\/i-simposio-de-cardiologia-y-cirugia-cardiovascular\\\/\",\"url\":\"https:\\\/\\\/www.ucaldas.edu.co\\\/portal\\\/i-simposio-de-cardiologia-y-cirugia-cardiovascular\\\/\",\"name\":\"I Simposio de Cardiolog\u00eda y Cirug\u00eda Cardiovascular .\",\"isPartOf\":{\"@id\":\"https:\\\/\\\/www.ucaldas.edu.co\\\/portal\\\/#website\"},\"primaryImageOfPage\":{\"@id\":\"https:\\\/\\\/www.ucaldas.edu.co\\\/portal\\\/i-simposio-de-cardiologia-y-cirugia-cardiovascular\\\/#primaryimage\"},\"image\":{\"@id\":\"https:\\\/\\\/www.ucaldas.edu.co\\\/portal\\\/i-simposio-de-cardiologia-y-cirugia-cardiovascular\\\/#primaryimage\"},\"thumbnailUrl\":\"http:\\\/\\\/www.ucaldas.edu.co\\\/images\\\/tmp\\\/cardiologia.jpg\",\"datePublished\":\"2012-03-21T22:44:03+00:00\",\"breadcrumb\":{\"@id\":\"https:\\\/\\\/www.ucaldas.edu.co\\\/portal\\\/i-simposio-de-cardiologia-y-cirugia-cardiovascular\\\/#breadcrumb\"},\"inLanguage\":\"es\",\"potentialAction\":[{\"@type\":\"ReadAction\",\"target\":[\"https:\\\/\\\/www.ucaldas.edu.co\\\/portal\\\/i-simposio-de-cardiologia-y-cirugia-cardiovascular\\\/\"]}]},{\"@type\":\"ImageObject\",\"inLanguage\":\"es\",\"@id\":\"https:\\\/\\\/www.ucaldas.edu.co\\\/portal\\\/i-simposio-de-cardiologia-y-cirugia-cardiovascular\\\/#primaryimage\",\"url\":\"http:\\\/\\\/www.ucaldas.edu.co\\\/images\\\/tmp\\\/cardiologia.jpg\",\"contentUrl\":\"http:\\\/\\\/www.ucaldas.edu.co\\\/images\\\/tmp\\\/cardiologia.jpg\"},{\"@type\":\"BreadcrumbList\",\"@id\":\"https:\\\/\\\/www.ucaldas.edu.co\\\/portal\\\/i-simposio-de-cardiologia-y-cirugia-cardiovascular\\\/#breadcrumb\",\"itemListElement\":[{\"@type\":\"ListItem\",\"position\":1,\"name\":\"Portada\",\"item\":\"https:\\\/\\\/www.ucaldas.edu.co\\\/portal\\\/\"},{\"@type\":\"ListItem\",\"position\":2,\"name\":\"I Simposio de Cardiolog\u00eda y Cirug\u00eda Cardiovascular\"}]},{\"@type\":\"WebSite\",\"@id\":\"https:\\\/\\\/www.ucaldas.edu.co\\\/portal\\\/#website\",\"url\":\"https:\\\/\\\/www.ucaldas.edu.co\\\/portal\\\/\",\"name\":\"Universidad de Caldas\",\"description\":\"\",\"publisher\":{\"@id\":\"https:\\\/\\\/www.ucaldas.edu.co\\\/portal\\\/#organization\"},\"alternateName\":\"U. de Caldas\",\"potentialAction\":[{\"@type\":\"SearchAction\",\"target\":{\"@type\":\"EntryPoint\",\"urlTemplate\":\"https:\\\/\\\/www.ucaldas.edu.co\\\/portal\\\/?s={search_term_string}\"},\"query-input\":{\"@type\":\"PropertyValueSpecification\",\"valueRequired\":true,\"valueName\":\"search_term_string\"}}],\"inLanguage\":\"es\"},{\"@type\":\"Organization\",\"@id\":\"https:\\\/\\\/www.ucaldas.edu.co\\\/portal\\\/#organization\",\"name\":\"Universidad de Caldas\",\"alternateName\":\"U. de Caldas\",\"url\":\"https:\\\/\\\/www.ucaldas.edu.co\\\/portal\\\/\",\"logo\":{\"@type\":\"ImageObject\",\"inLanguage\":\"es\",\"@id\":\"https:\\\/\\\/www.ucaldas.edu.co\\\/portal\\\/#\\\/schema\\\/logo\\\/image\\\/\",\"url\":\"https:\\\/\\\/www.ucaldas.edu.co\\\/portal\\\/wp-content\\\/uploads\\\/2023\\\/11\\\/Logo_horizontal_oscuroU-2023.png\",\"contentUrl\":\"https:\\\/\\\/www.ucaldas.edu.co\\\/portal\\\/wp-content\\\/uploads\\\/2023\\\/11\\\/Logo_horizontal_oscuroU-2023.png\",\"width\":263,\"height\":101,\"caption\":\"Universidad de Caldas\"},\"image\":{\"@id\":\"https:\\\/\\\/www.ucaldas.edu.co\\\/portal\\\/#\\\/schema\\\/logo\\\/image\\\/\"},\"sameAs\":[\"https:\\\/\\\/www.facebook.com\\\/udecaldas\",\"https:\\\/\\\/x.com\\\/udecaldas\",\"https:\\\/\\\/www.youtube.com\\\/universidadcaldas\",\"https:\\\/\\\/www.instagram.com\\\/udecaldas\\\/\"]},{\"@type\":\"Person\",\"@id\":\"https:\\\/\\\/www.ucaldas.edu.co\\\/portal\\\/#\\\/schema\\\/person\\\/a1b482e23449158b4bc319926c074fdf\",\"name\":\"ofiprensa\",\"image\":{\"@type\":\"ImageObject\",\"inLanguage\":\"es\",\"@id\":\"https:\\\/\\\/www.ucaldas.edu.co\\\/portal\\\/wp-content\\\/litespeed\\\/avatar\\\/09ea5085e600095a7a811142c6944527.jpg?ver=1776892805\",\"url\":\"https:\\\/\\\/www.ucaldas.edu.co\\\/portal\\\/wp-content\\\/litespeed\\\/avatar\\\/09ea5085e600095a7a811142c6944527.jpg?ver=1776892805\",\"contentUrl\":\"https:\\\/\\\/www.ucaldas.edu.co\\\/portal\\\/wp-content\\\/litespeed\\\/avatar\\\/09ea5085e600095a7a811142c6944527.jpg?ver=1776892805\",\"caption\":\"ofiprensa\"},\"url\":\"https:\\\/\\\/www.ucaldas.edu.co\\\/portal\\\/author\\\/ofiprensa\\\/\"}]}<\/script>\n<!-- \/ Yoast SEO plugin. -->","yoast_head_json":{"title":"I Simposio de Cardiolog\u00eda y Cirug\u00eda Cardiovascular .","robots":{"index":"index","follow":"follow","max-snippet":"max-snippet:-1","max-image-preview":"max-image-preview:large","max-video-preview":"max-video-preview:-1"},"canonical":"https:\/\/www.ucaldas.edu.co\/portal\/i-simposio-de-cardiologia-y-cirugia-cardiovascular\/","schema":{"@context":"https:\/\/schema.org","@graph":[{"@type":"Article","@id":"https:\/\/www.ucaldas.edu.co\/portal\/i-simposio-de-cardiologia-y-cirugia-cardiovascular\/#article","isPartOf":{"@id":"https:\/\/www.ucaldas.edu.co\/portal\/i-simposio-de-cardiologia-y-cirugia-cardiovascular\/"},"author":{"name":"ofiprensa","@id":"https:\/\/www.ucaldas.edu.co\/portal\/#\/schema\/person\/a1b482e23449158b4bc319926c074fdf"},"headline":"I Simposio de Cardiolog\u00eda y Cirug\u00eda Cardiovascular","datePublished":"2012-03-21T22:44:03+00:00","mainEntityOfPage":{"@id":"https:\/\/www.ucaldas.edu.co\/portal\/i-simposio-de-cardiologia-y-cirugia-cardiovascular\/"},"wordCount":128,"publisher":{"@id":"https:\/\/www.ucaldas.edu.co\/portal\/#organization"},"image":{"@id":"https:\/\/www.ucaldas.edu.co\/portal\/i-simposio-de-cardiologia-y-cirugia-cardiovascular\/#primaryimage"},"thumbnailUrl":"http:\/\/www.ucaldas.edu.co\/images\/tmp\/cardiologia.jpg","articleSection":["Actualidad","Universidad al D\u00eda"],"inLanguage":"es"},{"@type":"WebPage","@id":"https:\/\/www.ucaldas.edu.co\/portal\/i-simposio-de-cardiologia-y-cirugia-cardiovascular\/","url":"https:\/\/www.ucaldas.edu.co\/portal\/i-simposio-de-cardiologia-y-cirugia-cardiovascular\/","name":"I Simposio de Cardiolog\u00eda y Cirug\u00eda Cardiovascular .","isPartOf":{"@id":"https:\/\/www.ucaldas.edu.co\/portal\/#website"},"primaryImageOfPage":{"@id":"https:\/\/www.ucaldas.edu.co\/portal\/i-simposio-de-cardiologia-y-cirugia-cardiovascular\/#primaryimage"},"image":{"@id":"https:\/\/www.ucaldas.edu.co\/portal\/i-simposio-de-cardiologia-y-cirugia-cardiovascular\/#primaryimage"},"thumbnailUrl":"http:\/\/www.ucaldas.edu.co\/images\/tmp\/cardiologia.jpg","datePublished":"2012-03-21T22:44:03+00:00","breadcrumb":{"@id":"https:\/\/www.ucaldas.edu.co\/portal\/i-simposio-de-cardiologia-y-cirugia-cardiovascular\/#breadcrumb"},"inLanguage":"es","potentialAction":[{"@type":"ReadAction","target":["https:\/\/www.ucaldas.edu.co\/portal\/i-simposio-de-cardiologia-y-cirugia-cardiovascular\/"]}]},{"@type":"ImageObject","inLanguage":"es","@id":"https:\/\/www.ucaldas.edu.co\/portal\/i-simposio-de-cardiologia-y-cirugia-cardiovascular\/#primaryimage","url":"http:\/\/www.ucaldas.edu.co\/images\/tmp\/cardiologia.jpg","contentUrl":"http:\/\/www.ucaldas.edu.co\/images\/tmp\/cardiologia.jpg"},{"@type":"BreadcrumbList","@id":"https:\/\/www.ucaldas.edu.co\/portal\/i-simposio-de-cardiologia-y-cirugia-cardiovascular\/#breadcrumb","itemListElement":[{"@type":"ListItem","position":1,"name":"Portada","item":"https:\/\/www.ucaldas.edu.co\/portal\/"},{"@type":"ListItem","position":2,"name":"I Simposio de Cardiolog\u00eda y Cirug\u00eda Cardiovascular"}]},{"@type":"WebSite","@id":"https:\/\/www.ucaldas.edu.co\/portal\/#website","url":"https:\/\/www.ucaldas.edu.co\/portal\/","name":"Universidad de Caldas","description":"","publisher":{"@id":"https:\/\/www.ucaldas.edu.co\/portal\/#organization"},"alternateName":"U. de Caldas","potentialAction":[{"@type":"SearchAction","target":{"@type":"EntryPoint","urlTemplate":"https:\/\/www.ucaldas.edu.co\/portal\/?s={search_term_string}"},"query-input":{"@type":"PropertyValueSpecification","valueRequired":true,"valueName":"search_term_string"}}],"inLanguage":"es"},{"@type":"Organization","@id":"https:\/\/www.ucaldas.edu.co\/portal\/#organization","name":"Universidad de Caldas","alternateName":"U. de Caldas","url":"https:\/\/www.ucaldas.edu.co\/portal\/","logo":{"@type":"ImageObject","inLanguage":"es","@id":"https:\/\/www.ucaldas.edu.co\/portal\/#\/schema\/logo\/image\/","url":"https:\/\/www.ucaldas.edu.co\/portal\/wp-content\/uploads\/2023\/11\/Logo_horizontal_oscuroU-2023.png","contentUrl":"https:\/\/www.ucaldas.edu.co\/portal\/wp-content\/uploads\/2023\/11\/Logo_horizontal_oscuroU-2023.png","width":263,"height":101,"caption":"Universidad de Caldas"},"image":{"@id":"https:\/\/www.ucaldas.edu.co\/portal\/#\/schema\/logo\/image\/"},"sameAs":["https:\/\/www.facebook.com\/udecaldas","https:\/\/x.com\/udecaldas","https:\/\/www.youtube.com\/universidadcaldas","https:\/\/www.instagram.com\/udecaldas\/"]},{"@type":"Person","@id":"https:\/\/www.ucaldas.edu.co\/portal\/#\/schema\/person\/a1b482e23449158b4bc319926c074fdf","name":"ofiprensa","image":{"@type":"ImageObject","inLanguage":"es","@id":"https:\/\/www.ucaldas.edu.co\/portal\/wp-content\/litespeed\/avatar\/09ea5085e600095a7a811142c6944527.jpg?ver=1776892805","url":"https:\/\/www.ucaldas.edu.co\/portal\/wp-content\/litespeed\/avatar\/09ea5085e600095a7a811142c6944527.jpg?ver=1776892805","contentUrl":"https:\/\/www.ucaldas.edu.co\/portal\/wp-content\/litespeed\/avatar\/09ea5085e600095a7a811142c6944527.jpg?ver=1776892805","caption":"ofiprensa"},"url":"https:\/\/www.ucaldas.edu.co\/portal\/author\/ofiprensa\/"}]}},"_links":{"self":[{"href":"https:\/\/www.ucaldas.edu.co\/portal\/wp-json\/wp\/v2\/posts\/11147","targetHints":{"allow":["GET"]}}],"collection":[{"href":"https:\/\/www.ucaldas.edu.co\/portal\/wp-json\/wp\/v2\/posts"}],"about":[{"href":"https:\/\/www.ucaldas.edu.co\/portal\/wp-json\/wp\/v2\/types\/post"}],"author":[{"embeddable":true,"href":"https:\/\/www.ucaldas.edu.co\/portal\/wp-json\/wp\/v2\/users\/2"}],"replies":[{"embeddable":true,"href":"https:\/\/www.ucaldas.edu.co\/portal\/wp-json\/wp\/v2\/comments?post=11147"}],"version-history":[{"count":0,"href":"https:\/\/www.ucaldas.edu.co\/portal\/wp-json\/wp\/v2\/posts\/11147\/revisions"}],"wp:attachment":[{"href":"https:\/\/www.ucaldas.edu.co\/portal\/wp-json\/wp\/v2\/media?parent=11147"}],"wp:term":[{"taxonomy":"category","embeddable":true,"href":"https:\/\/www.ucaldas.edu.co\/portal\/wp-json\/wp\/v2\/categories?post=11147"},{"taxonomy":"post_tag","embeddable":true,"href":"https:\/\/www.ucaldas.edu.co\/portal\/wp-json\/wp\/v2\/tags?post=11147"}],"curies":[{"name":"wp","href":"https:\/\/api.w.org\/{rel}","templated":true}]}}