{"id":10964,"date":"2012-02-29T16:33:14","date_gmt":"2012-02-29T21:33:14","guid":{"rendered":"https:\/\/www.ucaldas.edu.co\/portal\/?p=10964"},"modified":"2012-02-29T16:33:14","modified_gmt":"2012-02-29T21:33:14","slug":"alcalde-de-filadelfia-propone-alianzas-con-la-u-de-caldas-para-manejo-de-residuos","status":"publish","type":"post","link":"https:\/\/www.ucaldas.edu.co\/portal\/alcalde-de-filadelfia-propone-alianzas-con-la-u-de-caldas-para-manejo-de-residuos\/","title":{"rendered":"Alcalde de Filadelfia propone alianzas  con la U. de Caldas para manejo de residuos"},"content":{"rendered":"<p>Encuentro se realiz\u00f3 en siembra de \u00e1rboles, el pasado s\u00e1bado 25 de febrero<\/p>\n<p>&nbsp;<\/p>\n<hr \/>\n<p>&nbsp;<\/p>\n<p align=\"right\">29\/02\/2012<\/p>\n<p align=\"right\">Redacci\u00f3n: Margarita Mar\u00eda Laverde Galvis<\/p>\n<p>&nbsp;<\/p>\n<table border=\"0\">\n<tbody>\n<tr>\n<td><img loading=\"lazy\" decoding=\"async\" style=\"border: 0px\" alt=\"Alcalde\" src=\"http:\/\/www.ucaldas.edu.co\/images\/tmp\/alcalde_filadelfia.jpg\" width=\"240\" height=\"150\" border=\"0\" \/><\/td>\n<td><b>Buscar alternativas<\/b> que permitan <b>firmar convenios<\/b> para <b><a href=\"http:\/\/www.ivoox.com\/alcalde-filadelfia-roman-aristizabal-vasco-jornada-audios-mp3_rf_1078139_1.html\" target=\"_blank\">mejorar el manejo de los residuos en Filadelfia (Caldas), fue uno de los aspectos que el alcalde del municipio, Rom\u00e1n Aristiz\u00e1bal Vasco (conozca aqu\u00ed el audio)<\/a><\/b>, <b>trat\u00f3<\/b> el pasado <b>s\u00e1bado 25<\/b> de <b>febrero<\/b> del 2012.<\/td>\n<\/tr>\n<\/tbody>\n<\/table>\n<p>&nbsp;<\/p>\n<p>Aristiz\u00e1bal Vasco dialog\u00f3 con el Vicerrector Administrativo de la U. de Caldas, Fabio Hernando Arias Orozco, y con el Gerente de Gran Caldas, Francisco Zuluaga, en la <a href=\"http:\/\/desarrollo.ucaldas.edu.co\/archivo\/index.php?option=com_content&amp;view=article&amp;id=6793:u-de-caldas-y-gran-caldas-sembraron-arboles-para-mitigar-emision-de-carbono&amp;catid=419:universidad-al-dia&amp;Itemid=1039\" target=\"_blank\">jornada de siembra de \u00e1rboles que se realiz\u00f3 ese d\u00eda en la Finca La Ponderosa, en Filadelfia (ver nota).<\/a><\/p>\n<p>&nbsp;<\/p>\n<p>Acerca del posible convenio con la U. de Caldas para manejo de residuos, Aristiz\u00e1bal Vasco inform\u00f3: \u201ctenemos un sitio en el Hogar Juvenil del municipio donde podemos articular un programa muy especial y de esta forma tener un centro de acopio para los germinadores o semilleros, que podamos montar e irrigar en el sector y en municipios vecinos\u201d.<\/p>\n<p>&nbsp;<\/p>\n<p><b>Siembra de \u00e1rboles<\/b><\/p>\n<p>Por otra parte, respecto a la siembra, el alcalde coment\u00f3: \u201cfue supremamente buena e indispensable dentro las circunstancias que se est\u00e1n manejando en estos momentos por los tiempos clim\u00e1ticos. Es aqu\u00ed donde todos debemos colocar nuestro grano de arena y obviamente desde Filadelfia estamos interesados en trabajar conjuntamente en estos temas\u201d, coment\u00f3 el Alcalde.<\/p>\n<p>&nbsp;<\/p>\n<p>Conozca <a href=\"http:\/\/www.facebook.com\/media\/set\/?set=a.305294846199054.71322.107054166023124&amp;type=3\" target=\"_blank\">im\u00e1genes del encuentro del Alcalde del municipio, Rom\u00e1n Aristiz\u00e1bal Vasco, con el Vicerrector Administrativo de la U. de Caldas, Fabio Hernando Arias Orozco<\/a><\/p>\n<p>&nbsp;<\/p>\n<p><b>Informes: <\/b>Oficina de Prensa, tel\u00e9fono 878 15 00 extensi\u00f3n 12 167. Tambi\u00e9n, en el \u00e1rea de Gesti\u00f3n Ambiental de la Instituci\u00f3n, en la extensi\u00f3n 13 669.<\/p>\n<p><b>\u00a0<\/b><\/p>\n<p>&nbsp;<\/p>\n","protected":false},"excerpt":{"rendered":"<p>Encuentro se realiz\u00f3 en siembra de \u00e1rboles, el pasado s\u00e1bado 25 de febrero &nbsp; &nbsp; 29\/02\/2012 Redacci\u00f3n: Margarita Mar\u00eda Laverde Galvis &nbsp; Buscar alternativas que permitan firmar convenios para mejorar el manejo de los residuos en Filadelfia (Caldas), fue uno de los aspectos que el alcalde del municipio, Rom\u00e1n Aristiz\u00e1bal Vasco (conozca aqu\u00ed el audio), [&hellip;]<\/p>\n","protected":false},"author":2,"featured_media":0,"comment_status":"closed","ping_status":"closed","sticky":false,"template":"","format":"standard","meta":{"footnotes":""},"categories":[48,53],"tags":[],"class_list":["post-10964","post","type-post","status-publish","format-standard","hentry","category-actualidad","category-universidad-al-dia"],"yoast_head":"<!-- This site is optimized with the Yoast SEO plugin v27.5 - https:\/\/yoast.com\/product\/yoast-seo-wordpress\/ -->\n<title>Alcalde de Filadelfia propone alianzas con la U. de Caldas para manejo de residuos .<\/title>\n<meta name=\"robots\" content=\"index, follow, max-snippet:-1, max-image-preview:large, max-video-preview:-1\" \/>\n<link rel=\"canonical\" href=\"https:\/\/www.ucaldas.edu.co\/portal\/alcalde-de-filadelfia-propone-alianzas-con-la-u-de-caldas-para-manejo-de-residuos\/\" \/>\n<script type=\"application\/ld+json\" class=\"yoast-schema-graph\">{\"@context\":\"https:\\\/\\\/schema.org\",\"@graph\":[{\"@type\":\"Article\",\"@id\":\"https:\\\/\\\/www.ucaldas.edu.co\\\/portal\\\/alcalde-de-filadelfia-propone-alianzas-con-la-u-de-caldas-para-manejo-de-residuos\\\/#article\",\"isPartOf\":{\"@id\":\"https:\\\/\\\/www.ucaldas.edu.co\\\/portal\\\/alcalde-de-filadelfia-propone-alianzas-con-la-u-de-caldas-para-manejo-de-residuos\\\/\"},\"author\":{\"name\":\"ofiprensa\",\"@id\":\"https:\\\/\\\/www.ucaldas.edu.co\\\/portal\\\/#\\\/schema\\\/person\\\/a1b482e23449158b4bc319926c074fdf\"},\"headline\":\"Alcalde de Filadelfia propone alianzas con la U. de Caldas para manejo de residuos\",\"datePublished\":\"2012-02-29T21:33:14+00:00\",\"mainEntityOfPage\":{\"@id\":\"https:\\\/\\\/www.ucaldas.edu.co\\\/portal\\\/alcalde-de-filadelfia-propone-alianzas-con-la-u-de-caldas-para-manejo-de-residuos\\\/\"},\"wordCount\":304,\"publisher\":{\"@id\":\"https:\\\/\\\/www.ucaldas.edu.co\\\/portal\\\/#organization\"},\"image\":{\"@id\":\"https:\\\/\\\/www.ucaldas.edu.co\\\/portal\\\/alcalde-de-filadelfia-propone-alianzas-con-la-u-de-caldas-para-manejo-de-residuos\\\/#primaryimage\"},\"thumbnailUrl\":\"http:\\\/\\\/www.ucaldas.edu.co\\\/images\\\/tmp\\\/alcalde_filadelfia.jpg\",\"articleSection\":[\"Actualidad\",\"Universidad al D\u00eda\"],\"inLanguage\":\"es\"},{\"@type\":\"WebPage\",\"@id\":\"https:\\\/\\\/www.ucaldas.edu.co\\\/portal\\\/alcalde-de-filadelfia-propone-alianzas-con-la-u-de-caldas-para-manejo-de-residuos\\\/\",\"url\":\"https:\\\/\\\/www.ucaldas.edu.co\\\/portal\\\/alcalde-de-filadelfia-propone-alianzas-con-la-u-de-caldas-para-manejo-de-residuos\\\/\",\"name\":\"Alcalde de Filadelfia propone alianzas con la U. de Caldas para manejo de residuos .\",\"isPartOf\":{\"@id\":\"https:\\\/\\\/www.ucaldas.edu.co\\\/portal\\\/#website\"},\"primaryImageOfPage\":{\"@id\":\"https:\\\/\\\/www.ucaldas.edu.co\\\/portal\\\/alcalde-de-filadelfia-propone-alianzas-con-la-u-de-caldas-para-manejo-de-residuos\\\/#primaryimage\"},\"image\":{\"@id\":\"https:\\\/\\\/www.ucaldas.edu.co\\\/portal\\\/alcalde-de-filadelfia-propone-alianzas-con-la-u-de-caldas-para-manejo-de-residuos\\\/#primaryimage\"},\"thumbnailUrl\":\"http:\\\/\\\/www.ucaldas.edu.co\\\/images\\\/tmp\\\/alcalde_filadelfia.jpg\",\"datePublished\":\"2012-02-29T21:33:14+00:00\",\"breadcrumb\":{\"@id\":\"https:\\\/\\\/www.ucaldas.edu.co\\\/portal\\\/alcalde-de-filadelfia-propone-alianzas-con-la-u-de-caldas-para-manejo-de-residuos\\\/#breadcrumb\"},\"inLanguage\":\"es\",\"potentialAction\":[{\"@type\":\"ReadAction\",\"target\":[\"https:\\\/\\\/www.ucaldas.edu.co\\\/portal\\\/alcalde-de-filadelfia-propone-alianzas-con-la-u-de-caldas-para-manejo-de-residuos\\\/\"]}]},{\"@type\":\"ImageObject\",\"inLanguage\":\"es\",\"@id\":\"https:\\\/\\\/www.ucaldas.edu.co\\\/portal\\\/alcalde-de-filadelfia-propone-alianzas-con-la-u-de-caldas-para-manejo-de-residuos\\\/#primaryimage\",\"url\":\"http:\\\/\\\/www.ucaldas.edu.co\\\/images\\\/tmp\\\/alcalde_filadelfia.jpg\",\"contentUrl\":\"http:\\\/\\\/www.ucaldas.edu.co\\\/images\\\/tmp\\\/alcalde_filadelfia.jpg\"},{\"@type\":\"BreadcrumbList\",\"@id\":\"https:\\\/\\\/www.ucaldas.edu.co\\\/portal\\\/alcalde-de-filadelfia-propone-alianzas-con-la-u-de-caldas-para-manejo-de-residuos\\\/#breadcrumb\",\"itemListElement\":[{\"@type\":\"ListItem\",\"position\":1,\"name\":\"Portada\",\"item\":\"https:\\\/\\\/www.ucaldas.edu.co\\\/portal\\\/\"},{\"@type\":\"ListItem\",\"position\":2,\"name\":\"Alcalde de Filadelfia propone alianzas con la U. de Caldas para manejo de residuos\"}]},{\"@type\":\"WebSite\",\"@id\":\"https:\\\/\\\/www.ucaldas.edu.co\\\/portal\\\/#website\",\"url\":\"https:\\\/\\\/www.ucaldas.edu.co\\\/portal\\\/\",\"name\":\"Universidad de Caldas\",\"description\":\"\",\"publisher\":{\"@id\":\"https:\\\/\\\/www.ucaldas.edu.co\\\/portal\\\/#organization\"},\"alternateName\":\"U. de Caldas\",\"potentialAction\":[{\"@type\":\"SearchAction\",\"target\":{\"@type\":\"EntryPoint\",\"urlTemplate\":\"https:\\\/\\\/www.ucaldas.edu.co\\\/portal\\\/?s={search_term_string}\"},\"query-input\":{\"@type\":\"PropertyValueSpecification\",\"valueRequired\":true,\"valueName\":\"search_term_string\"}}],\"inLanguage\":\"es\"},{\"@type\":\"Organization\",\"@id\":\"https:\\\/\\\/www.ucaldas.edu.co\\\/portal\\\/#organization\",\"name\":\"Universidad de Caldas\",\"alternateName\":\"U. de Caldas\",\"url\":\"https:\\\/\\\/www.ucaldas.edu.co\\\/portal\\\/\",\"logo\":{\"@type\":\"ImageObject\",\"inLanguage\":\"es\",\"@id\":\"https:\\\/\\\/www.ucaldas.edu.co\\\/portal\\\/#\\\/schema\\\/logo\\\/image\\\/\",\"url\":\"https:\\\/\\\/www.ucaldas.edu.co\\\/portal\\\/wp-content\\\/uploads\\\/2023\\\/11\\\/Logo_horizontal_oscuroU-2023.png\",\"contentUrl\":\"https:\\\/\\\/www.ucaldas.edu.co\\\/portal\\\/wp-content\\\/uploads\\\/2023\\\/11\\\/Logo_horizontal_oscuroU-2023.png\",\"width\":263,\"height\":101,\"caption\":\"Universidad de Caldas\"},\"image\":{\"@id\":\"https:\\\/\\\/www.ucaldas.edu.co\\\/portal\\\/#\\\/schema\\\/logo\\\/image\\\/\"},\"sameAs\":[\"https:\\\/\\\/www.facebook.com\\\/udecaldas\",\"https:\\\/\\\/x.com\\\/udecaldas\",\"https:\\\/\\\/www.youtube.com\\\/universidadcaldas\",\"https:\\\/\\\/www.instagram.com\\\/udecaldas\\\/\"]},{\"@type\":\"Person\",\"@id\":\"https:\\\/\\\/www.ucaldas.edu.co\\\/portal\\\/#\\\/schema\\\/person\\\/a1b482e23449158b4bc319926c074fdf\",\"name\":\"ofiprensa\",\"image\":{\"@type\":\"ImageObject\",\"inLanguage\":\"es\",\"@id\":\"https:\\\/\\\/www.ucaldas.edu.co\\\/portal\\\/wp-content\\\/litespeed\\\/avatar\\\/09ea5085e600095a7a811142c6944527.jpg?ver=1777497608\",\"url\":\"https:\\\/\\\/www.ucaldas.edu.co\\\/portal\\\/wp-content\\\/litespeed\\\/avatar\\\/09ea5085e600095a7a811142c6944527.jpg?ver=1777497608\",\"contentUrl\":\"https:\\\/\\\/www.ucaldas.edu.co\\\/portal\\\/wp-content\\\/litespeed\\\/avatar\\\/09ea5085e600095a7a811142c6944527.jpg?ver=1777497608\",\"caption\":\"ofiprensa\"},\"url\":\"https:\\\/\\\/www.ucaldas.edu.co\\\/portal\\\/author\\\/ofiprensa\\\/\"}]}<\/script>\n<!-- \/ Yoast SEO plugin. -->","yoast_head_json":{"title":"Alcalde de Filadelfia propone alianzas con la U. de Caldas para manejo de residuos .","robots":{"index":"index","follow":"follow","max-snippet":"max-snippet:-1","max-image-preview":"max-image-preview:large","max-video-preview":"max-video-preview:-1"},"canonical":"https:\/\/www.ucaldas.edu.co\/portal\/alcalde-de-filadelfia-propone-alianzas-con-la-u-de-caldas-para-manejo-de-residuos\/","schema":{"@context":"https:\/\/schema.org","@graph":[{"@type":"Article","@id":"https:\/\/www.ucaldas.edu.co\/portal\/alcalde-de-filadelfia-propone-alianzas-con-la-u-de-caldas-para-manejo-de-residuos\/#article","isPartOf":{"@id":"https:\/\/www.ucaldas.edu.co\/portal\/alcalde-de-filadelfia-propone-alianzas-con-la-u-de-caldas-para-manejo-de-residuos\/"},"author":{"name":"ofiprensa","@id":"https:\/\/www.ucaldas.edu.co\/portal\/#\/schema\/person\/a1b482e23449158b4bc319926c074fdf"},"headline":"Alcalde de Filadelfia propone alianzas con la U. de Caldas para manejo de residuos","datePublished":"2012-02-29T21:33:14+00:00","mainEntityOfPage":{"@id":"https:\/\/www.ucaldas.edu.co\/portal\/alcalde-de-filadelfia-propone-alianzas-con-la-u-de-caldas-para-manejo-de-residuos\/"},"wordCount":304,"publisher":{"@id":"https:\/\/www.ucaldas.edu.co\/portal\/#organization"},"image":{"@id":"https:\/\/www.ucaldas.edu.co\/portal\/alcalde-de-filadelfia-propone-alianzas-con-la-u-de-caldas-para-manejo-de-residuos\/#primaryimage"},"thumbnailUrl":"http:\/\/www.ucaldas.edu.co\/images\/tmp\/alcalde_filadelfia.jpg","articleSection":["Actualidad","Universidad al D\u00eda"],"inLanguage":"es"},{"@type":"WebPage","@id":"https:\/\/www.ucaldas.edu.co\/portal\/alcalde-de-filadelfia-propone-alianzas-con-la-u-de-caldas-para-manejo-de-residuos\/","url":"https:\/\/www.ucaldas.edu.co\/portal\/alcalde-de-filadelfia-propone-alianzas-con-la-u-de-caldas-para-manejo-de-residuos\/","name":"Alcalde de Filadelfia propone alianzas con la U. de Caldas para manejo de residuos .","isPartOf":{"@id":"https:\/\/www.ucaldas.edu.co\/portal\/#website"},"primaryImageOfPage":{"@id":"https:\/\/www.ucaldas.edu.co\/portal\/alcalde-de-filadelfia-propone-alianzas-con-la-u-de-caldas-para-manejo-de-residuos\/#primaryimage"},"image":{"@id":"https:\/\/www.ucaldas.edu.co\/portal\/alcalde-de-filadelfia-propone-alianzas-con-la-u-de-caldas-para-manejo-de-residuos\/#primaryimage"},"thumbnailUrl":"http:\/\/www.ucaldas.edu.co\/images\/tmp\/alcalde_filadelfia.jpg","datePublished":"2012-02-29T21:33:14+00:00","breadcrumb":{"@id":"https:\/\/www.ucaldas.edu.co\/portal\/alcalde-de-filadelfia-propone-alianzas-con-la-u-de-caldas-para-manejo-de-residuos\/#breadcrumb"},"inLanguage":"es","potentialAction":[{"@type":"ReadAction","target":["https:\/\/www.ucaldas.edu.co\/portal\/alcalde-de-filadelfia-propone-alianzas-con-la-u-de-caldas-para-manejo-de-residuos\/"]}]},{"@type":"ImageObject","inLanguage":"es","@id":"https:\/\/www.ucaldas.edu.co\/portal\/alcalde-de-filadelfia-propone-alianzas-con-la-u-de-caldas-para-manejo-de-residuos\/#primaryimage","url":"http:\/\/www.ucaldas.edu.co\/images\/tmp\/alcalde_filadelfia.jpg","contentUrl":"http:\/\/www.ucaldas.edu.co\/images\/tmp\/alcalde_filadelfia.jpg"},{"@type":"BreadcrumbList","@id":"https:\/\/www.ucaldas.edu.co\/portal\/alcalde-de-filadelfia-propone-alianzas-con-la-u-de-caldas-para-manejo-de-residuos\/#breadcrumb","itemListElement":[{"@type":"ListItem","position":1,"name":"Portada","item":"https:\/\/www.ucaldas.edu.co\/portal\/"},{"@type":"ListItem","position":2,"name":"Alcalde de Filadelfia propone alianzas con la U. de Caldas para manejo de residuos"}]},{"@type":"WebSite","@id":"https:\/\/www.ucaldas.edu.co\/portal\/#website","url":"https:\/\/www.ucaldas.edu.co\/portal\/","name":"Universidad de Caldas","description":"","publisher":{"@id":"https:\/\/www.ucaldas.edu.co\/portal\/#organization"},"alternateName":"U. de Caldas","potentialAction":[{"@type":"SearchAction","target":{"@type":"EntryPoint","urlTemplate":"https:\/\/www.ucaldas.edu.co\/portal\/?s={search_term_string}"},"query-input":{"@type":"PropertyValueSpecification","valueRequired":true,"valueName":"search_term_string"}}],"inLanguage":"es"},{"@type":"Organization","@id":"https:\/\/www.ucaldas.edu.co\/portal\/#organization","name":"Universidad de Caldas","alternateName":"U. de Caldas","url":"https:\/\/www.ucaldas.edu.co\/portal\/","logo":{"@type":"ImageObject","inLanguage":"es","@id":"https:\/\/www.ucaldas.edu.co\/portal\/#\/schema\/logo\/image\/","url":"https:\/\/www.ucaldas.edu.co\/portal\/wp-content\/uploads\/2023\/11\/Logo_horizontal_oscuroU-2023.png","contentUrl":"https:\/\/www.ucaldas.edu.co\/portal\/wp-content\/uploads\/2023\/11\/Logo_horizontal_oscuroU-2023.png","width":263,"height":101,"caption":"Universidad de Caldas"},"image":{"@id":"https:\/\/www.ucaldas.edu.co\/portal\/#\/schema\/logo\/image\/"},"sameAs":["https:\/\/www.facebook.com\/udecaldas","https:\/\/x.com\/udecaldas","https:\/\/www.youtube.com\/universidadcaldas","https:\/\/www.instagram.com\/udecaldas\/"]},{"@type":"Person","@id":"https:\/\/www.ucaldas.edu.co\/portal\/#\/schema\/person\/a1b482e23449158b4bc319926c074fdf","name":"ofiprensa","image":{"@type":"ImageObject","inLanguage":"es","@id":"https:\/\/www.ucaldas.edu.co\/portal\/wp-content\/litespeed\/avatar\/09ea5085e600095a7a811142c6944527.jpg?ver=1777497608","url":"https:\/\/www.ucaldas.edu.co\/portal\/wp-content\/litespeed\/avatar\/09ea5085e600095a7a811142c6944527.jpg?ver=1777497608","contentUrl":"https:\/\/www.ucaldas.edu.co\/portal\/wp-content\/litespeed\/avatar\/09ea5085e600095a7a811142c6944527.jpg?ver=1777497608","caption":"ofiprensa"},"url":"https:\/\/www.ucaldas.edu.co\/portal\/author\/ofiprensa\/"}]}},"_links":{"self":[{"href":"https:\/\/www.ucaldas.edu.co\/portal\/wp-json\/wp\/v2\/posts\/10964","targetHints":{"allow":["GET"]}}],"collection":[{"href":"https:\/\/www.ucaldas.edu.co\/portal\/wp-json\/wp\/v2\/posts"}],"about":[{"href":"https:\/\/www.ucaldas.edu.co\/portal\/wp-json\/wp\/v2\/types\/post"}],"author":[{"embeddable":true,"href":"https:\/\/www.ucaldas.edu.co\/portal\/wp-json\/wp\/v2\/users\/2"}],"replies":[{"embeddable":true,"href":"https:\/\/www.ucaldas.edu.co\/portal\/wp-json\/wp\/v2\/comments?post=10964"}],"version-history":[{"count":0,"href":"https:\/\/www.ucaldas.edu.co\/portal\/wp-json\/wp\/v2\/posts\/10964\/revisions"}],"wp:attachment":[{"href":"https:\/\/www.ucaldas.edu.co\/portal\/wp-json\/wp\/v2\/media?parent=10964"}],"wp:term":[{"taxonomy":"category","embeddable":true,"href":"https:\/\/www.ucaldas.edu.co\/portal\/wp-json\/wp\/v2\/categories?post=10964"},{"taxonomy":"post_tag","embeddable":true,"href":"https:\/\/www.ucaldas.edu.co\/portal\/wp-json\/wp\/v2\/tags?post=10964"}],"curies":[{"name":"wp","href":"https:\/\/api.w.org\/{rel}","templated":true}]}}