{"id":10769,"date":"2011-02-09T17:00:53","date_gmt":"2011-02-09T22:00:53","guid":{"rendered":"https:\/\/www.ucaldas.edu.co\/portal\/?p=10769"},"modified":"2011-02-09T17:00:53","modified_gmt":"2011-02-09T22:00:53","slug":"u-de-caldas-representara-a-colombia-en-festival-internacional-de-danza-en-peru","status":"publish","type":"post","link":"https:\/\/www.ucaldas.edu.co\/portal\/u-de-caldas-representara-a-colombia-en-festival-internacional-de-danza-en-peru\/","title":{"rendered":"U. de Caldas representar\u00e1 a Colombia en festival internacional de danza, en Per\u00fa"},"content":{"rendered":"<p>Dos miembros de semillero danc\u00edstico expondr\u00e1n propuestas de danza folcl\u00f3rica<\/p>\n<hr \/>\n<p align=\"center\">\n<p align=\"right\">09\/02\/2012<\/p>\n<p>&nbsp;<\/p>\n<table border=\"0\">\n<tbody>\n<tr>\n<td><img loading=\"lazy\" decoding=\"async\" style=\"border: 0px\" alt=\"Festival\" src=\"http:\/\/www.ucaldas.edu.co\/images\/tmp\/iii_festival_internacional_verano.jpg\" width=\"240\" height=\"150\" border=\"0\" \/><\/td>\n<td><b>Dos estudiantes <\/b>de la <b>Universidad de Caldas representar\u00e1n a Colombia <\/b>en el <b>III Festival Internacional Verano en Danza<\/b><i>, <\/i>que se realizar\u00e1 <b>del 10 al 26 de febrero <\/b>del 2012, <b>en Lima <\/b>(Per\u00fa). Se trata de <b>Paula Andrea Correa Ram\u00edrez<\/b>, de d\u00e9cimo semestre de <b>Medicina Veterinaria y Zootecnia<\/b>, y de <b>Alexander Vel\u00e1squez Gaviria<\/b>, de la <b>Maestr\u00eda en Ciencias Sociales <\/b>(Maciso), de la Instituci\u00f3n.<\/td>\n<\/tr>\n<\/tbody>\n<\/table>\n<p>&nbsp;<\/p>\n<p>\u201cEs un gran orgullo poder compartir y aprender en esta experiencia. Es un regalo muy grande que recibo de la vida y es una combinaci\u00f3n de muchos sentimientos, porque es una responsabilidad muy grande. Se que vamos a dejar a Colombia muy en alto, pues no somos s\u00f3lo violencia, tenemos la esencia del ser humano: nuestra riqueza cultural\u201d, coment\u00f3\u00a0 Correa Ram\u00edrez.<\/p>\n<p>&nbsp;<\/p>\n<p>Los estudiantes hacen parte del <b>Semillero Danc\u00edstico de la U. de Caldas<\/b>, que <b>tiene m\u00e1s de 15 a\u00f1os<\/b> de trayectoria y es dirigido por Sol Beatriz L\u00f3pez Jaramillo, quien expres\u00f3: \u201ceste es un est\u00edmulo y el reconocimiento al trabajo, adem\u00e1s de la posibilidad de vincularnos en un proyecto de investigaci\u00f3n cultural, pues representamos a Colombia en las \u00e1reas art\u00edsticas y culturales\u201d.<\/p>\n<p>&nbsp;<\/p>\n<p>Esta puesta en escena hace parte de la primera fase del macro <b>proyecto Am\u00e9rica Latina conquista a Europa<\/b><i>. <\/i>Se trata de un recorrido itinerante con un ensamble coreogr\u00e1fico de folclor latinoamericano que inicia su construcci\u00f3n y montaje en el evento, con lo talleres de capacitaci\u00f3n y actualizaci\u00f3n de la puesta en escena de la danza folcl\u00f3rica.<\/p>\n<p>&nbsp;<\/p>\n<p>En el evento se expondr\u00e1n las propuestas de danza folcl\u00f3rica, sustentadas en la historia y en la tradici\u00f3n propia de cada pa\u00eds participante. Esta es una ventana al intercambio art\u00edstico, cultural y acad\u00e9mico, que contribuye a la formaci\u00f3n de los bailarines para el Programa de Extensi\u00f3n y el proceso de internacionalizaci\u00f3n de la Universidad.<\/p>\n<p>&nbsp;<\/p>\n<p><b>Informes:<\/b>\u00a0Oficina de Prensa, tel\u00e9fono 878 15 00, extensi\u00f3n 12 167.<\/p>\n<p><b>Etiquetas:<\/b> internacional, cultural, danza, Per\u00fa, folclor, arte, concurso, estudiante<\/p>\n","protected":false},"excerpt":{"rendered":"<p>Dos miembros de semillero danc\u00edstico expondr\u00e1n propuestas de danza folcl\u00f3rica 09\/02\/2012 &nbsp; Dos estudiantes de la Universidad de Caldas representar\u00e1n a Colombia en el III Festival Internacional Verano en Danza, que se realizar\u00e1 del 10 al 26 de febrero del 2012, en Lima (Per\u00fa). Se trata de Paula Andrea Correa Ram\u00edrez, de d\u00e9cimo semestre de [&hellip;]<\/p>\n","protected":false},"author":2,"featured_media":0,"comment_status":"closed","ping_status":"closed","sticky":false,"template":"","format":"standard","meta":{"footnotes":""},"categories":[48,53],"tags":[],"class_list":["post-10769","post","type-post","status-publish","format-standard","hentry","category-actualidad","category-universidad-al-dia"],"yoast_head":"<!-- This site is optimized with the Yoast SEO plugin v27.5 - https:\/\/yoast.com\/product\/yoast-seo-wordpress\/ -->\n<title>U. de Caldas representar\u00e1 a Colombia en festival internacional de danza, en Per\u00fa .<\/title>\n<meta name=\"robots\" content=\"index, follow, max-snippet:-1, max-image-preview:large, max-video-preview:-1\" \/>\n<link rel=\"canonical\" href=\"https:\/\/www.ucaldas.edu.co\/portal\/u-de-caldas-representara-a-colombia-en-festival-internacional-de-danza-en-peru\/\" \/>\n<script type=\"application\/ld+json\" class=\"yoast-schema-graph\">{\"@context\":\"https:\\\/\\\/schema.org\",\"@graph\":[{\"@type\":\"Article\",\"@id\":\"https:\\\/\\\/www.ucaldas.edu.co\\\/portal\\\/u-de-caldas-representara-a-colombia-en-festival-internacional-de-danza-en-peru\\\/#article\",\"isPartOf\":{\"@id\":\"https:\\\/\\\/www.ucaldas.edu.co\\\/portal\\\/u-de-caldas-representara-a-colombia-en-festival-internacional-de-danza-en-peru\\\/\"},\"author\":{\"name\":\"ofiprensa\",\"@id\":\"https:\\\/\\\/www.ucaldas.edu.co\\\/portal\\\/#\\\/schema\\\/person\\\/a1b482e23449158b4bc319926c074fdf\"},\"headline\":\"U. de Caldas representar\u00e1 a Colombia en festival internacional de danza, en Per\u00fa\",\"datePublished\":\"2011-02-09T22:00:53+00:00\",\"mainEntityOfPage\":{\"@id\":\"https:\\\/\\\/www.ucaldas.edu.co\\\/portal\\\/u-de-caldas-representara-a-colombia-en-festival-internacional-de-danza-en-peru\\\/\"},\"wordCount\":371,\"publisher\":{\"@id\":\"https:\\\/\\\/www.ucaldas.edu.co\\\/portal\\\/#organization\"},\"image\":{\"@id\":\"https:\\\/\\\/www.ucaldas.edu.co\\\/portal\\\/u-de-caldas-representara-a-colombia-en-festival-internacional-de-danza-en-peru\\\/#primaryimage\"},\"thumbnailUrl\":\"http:\\\/\\\/www.ucaldas.edu.co\\\/images\\\/tmp\\\/iii_festival_internacional_verano.jpg\",\"articleSection\":[\"Actualidad\",\"Universidad al D\u00eda\"],\"inLanguage\":\"es\"},{\"@type\":\"WebPage\",\"@id\":\"https:\\\/\\\/www.ucaldas.edu.co\\\/portal\\\/u-de-caldas-representara-a-colombia-en-festival-internacional-de-danza-en-peru\\\/\",\"url\":\"https:\\\/\\\/www.ucaldas.edu.co\\\/portal\\\/u-de-caldas-representara-a-colombia-en-festival-internacional-de-danza-en-peru\\\/\",\"name\":\"U. de Caldas representar\u00e1 a Colombia en festival internacional de danza, en Per\u00fa .\",\"isPartOf\":{\"@id\":\"https:\\\/\\\/www.ucaldas.edu.co\\\/portal\\\/#website\"},\"primaryImageOfPage\":{\"@id\":\"https:\\\/\\\/www.ucaldas.edu.co\\\/portal\\\/u-de-caldas-representara-a-colombia-en-festival-internacional-de-danza-en-peru\\\/#primaryimage\"},\"image\":{\"@id\":\"https:\\\/\\\/www.ucaldas.edu.co\\\/portal\\\/u-de-caldas-representara-a-colombia-en-festival-internacional-de-danza-en-peru\\\/#primaryimage\"},\"thumbnailUrl\":\"http:\\\/\\\/www.ucaldas.edu.co\\\/images\\\/tmp\\\/iii_festival_internacional_verano.jpg\",\"datePublished\":\"2011-02-09T22:00:53+00:00\",\"breadcrumb\":{\"@id\":\"https:\\\/\\\/www.ucaldas.edu.co\\\/portal\\\/u-de-caldas-representara-a-colombia-en-festival-internacional-de-danza-en-peru\\\/#breadcrumb\"},\"inLanguage\":\"es\",\"potentialAction\":[{\"@type\":\"ReadAction\",\"target\":[\"https:\\\/\\\/www.ucaldas.edu.co\\\/portal\\\/u-de-caldas-representara-a-colombia-en-festival-internacional-de-danza-en-peru\\\/\"]}]},{\"@type\":\"ImageObject\",\"inLanguage\":\"es\",\"@id\":\"https:\\\/\\\/www.ucaldas.edu.co\\\/portal\\\/u-de-caldas-representara-a-colombia-en-festival-internacional-de-danza-en-peru\\\/#primaryimage\",\"url\":\"http:\\\/\\\/www.ucaldas.edu.co\\\/images\\\/tmp\\\/iii_festival_internacional_verano.jpg\",\"contentUrl\":\"http:\\\/\\\/www.ucaldas.edu.co\\\/images\\\/tmp\\\/iii_festival_internacional_verano.jpg\"},{\"@type\":\"BreadcrumbList\",\"@id\":\"https:\\\/\\\/www.ucaldas.edu.co\\\/portal\\\/u-de-caldas-representara-a-colombia-en-festival-internacional-de-danza-en-peru\\\/#breadcrumb\",\"itemListElement\":[{\"@type\":\"ListItem\",\"position\":1,\"name\":\"Portada\",\"item\":\"https:\\\/\\\/www.ucaldas.edu.co\\\/portal\\\/\"},{\"@type\":\"ListItem\",\"position\":2,\"name\":\"U. de Caldas representar\u00e1 a Colombia en festival internacional de danza, en Per\u00fa\"}]},{\"@type\":\"WebSite\",\"@id\":\"https:\\\/\\\/www.ucaldas.edu.co\\\/portal\\\/#website\",\"url\":\"https:\\\/\\\/www.ucaldas.edu.co\\\/portal\\\/\",\"name\":\"Universidad de Caldas\",\"description\":\"\",\"publisher\":{\"@id\":\"https:\\\/\\\/www.ucaldas.edu.co\\\/portal\\\/#organization\"},\"alternateName\":\"U. de Caldas\",\"potentialAction\":[{\"@type\":\"SearchAction\",\"target\":{\"@type\":\"EntryPoint\",\"urlTemplate\":\"https:\\\/\\\/www.ucaldas.edu.co\\\/portal\\\/?s={search_term_string}\"},\"query-input\":{\"@type\":\"PropertyValueSpecification\",\"valueRequired\":true,\"valueName\":\"search_term_string\"}}],\"inLanguage\":\"es\"},{\"@type\":\"Organization\",\"@id\":\"https:\\\/\\\/www.ucaldas.edu.co\\\/portal\\\/#organization\",\"name\":\"Universidad de Caldas\",\"alternateName\":\"U. de Caldas\",\"url\":\"https:\\\/\\\/www.ucaldas.edu.co\\\/portal\\\/\",\"logo\":{\"@type\":\"ImageObject\",\"inLanguage\":\"es\",\"@id\":\"https:\\\/\\\/www.ucaldas.edu.co\\\/portal\\\/#\\\/schema\\\/logo\\\/image\\\/\",\"url\":\"https:\\\/\\\/www.ucaldas.edu.co\\\/portal\\\/wp-content\\\/uploads\\\/2023\\\/11\\\/Logo_horizontal_oscuroU-2023.png\",\"contentUrl\":\"https:\\\/\\\/www.ucaldas.edu.co\\\/portal\\\/wp-content\\\/uploads\\\/2023\\\/11\\\/Logo_horizontal_oscuroU-2023.png\",\"width\":263,\"height\":101,\"caption\":\"Universidad de Caldas\"},\"image\":{\"@id\":\"https:\\\/\\\/www.ucaldas.edu.co\\\/portal\\\/#\\\/schema\\\/logo\\\/image\\\/\"},\"sameAs\":[\"https:\\\/\\\/www.facebook.com\\\/udecaldas\",\"https:\\\/\\\/x.com\\\/udecaldas\",\"https:\\\/\\\/www.youtube.com\\\/universidadcaldas\",\"https:\\\/\\\/www.instagram.com\\\/udecaldas\\\/\"]},{\"@type\":\"Person\",\"@id\":\"https:\\\/\\\/www.ucaldas.edu.co\\\/portal\\\/#\\\/schema\\\/person\\\/a1b482e23449158b4bc319926c074fdf\",\"name\":\"ofiprensa\",\"image\":{\"@type\":\"ImageObject\",\"inLanguage\":\"es\",\"@id\":\"https:\\\/\\\/www.ucaldas.edu.co\\\/portal\\\/wp-content\\\/litespeed\\\/avatar\\\/09ea5085e600095a7a811142c6944527.jpg?ver=1777497608\",\"url\":\"https:\\\/\\\/www.ucaldas.edu.co\\\/portal\\\/wp-content\\\/litespeed\\\/avatar\\\/09ea5085e600095a7a811142c6944527.jpg?ver=1777497608\",\"contentUrl\":\"https:\\\/\\\/www.ucaldas.edu.co\\\/portal\\\/wp-content\\\/litespeed\\\/avatar\\\/09ea5085e600095a7a811142c6944527.jpg?ver=1777497608\",\"caption\":\"ofiprensa\"},\"url\":\"https:\\\/\\\/www.ucaldas.edu.co\\\/portal\\\/author\\\/ofiprensa\\\/\"}]}<\/script>\n<!-- \/ Yoast SEO plugin. -->","yoast_head_json":{"title":"U. de Caldas representar\u00e1 a Colombia en festival internacional de danza, en Per\u00fa .","robots":{"index":"index","follow":"follow","max-snippet":"max-snippet:-1","max-image-preview":"max-image-preview:large","max-video-preview":"max-video-preview:-1"},"canonical":"https:\/\/www.ucaldas.edu.co\/portal\/u-de-caldas-representara-a-colombia-en-festival-internacional-de-danza-en-peru\/","schema":{"@context":"https:\/\/schema.org","@graph":[{"@type":"Article","@id":"https:\/\/www.ucaldas.edu.co\/portal\/u-de-caldas-representara-a-colombia-en-festival-internacional-de-danza-en-peru\/#article","isPartOf":{"@id":"https:\/\/www.ucaldas.edu.co\/portal\/u-de-caldas-representara-a-colombia-en-festival-internacional-de-danza-en-peru\/"},"author":{"name":"ofiprensa","@id":"https:\/\/www.ucaldas.edu.co\/portal\/#\/schema\/person\/a1b482e23449158b4bc319926c074fdf"},"headline":"U. de Caldas representar\u00e1 a Colombia en festival internacional de danza, en Per\u00fa","datePublished":"2011-02-09T22:00:53+00:00","mainEntityOfPage":{"@id":"https:\/\/www.ucaldas.edu.co\/portal\/u-de-caldas-representara-a-colombia-en-festival-internacional-de-danza-en-peru\/"},"wordCount":371,"publisher":{"@id":"https:\/\/www.ucaldas.edu.co\/portal\/#organization"},"image":{"@id":"https:\/\/www.ucaldas.edu.co\/portal\/u-de-caldas-representara-a-colombia-en-festival-internacional-de-danza-en-peru\/#primaryimage"},"thumbnailUrl":"http:\/\/www.ucaldas.edu.co\/images\/tmp\/iii_festival_internacional_verano.jpg","articleSection":["Actualidad","Universidad al D\u00eda"],"inLanguage":"es"},{"@type":"WebPage","@id":"https:\/\/www.ucaldas.edu.co\/portal\/u-de-caldas-representara-a-colombia-en-festival-internacional-de-danza-en-peru\/","url":"https:\/\/www.ucaldas.edu.co\/portal\/u-de-caldas-representara-a-colombia-en-festival-internacional-de-danza-en-peru\/","name":"U. de Caldas representar\u00e1 a Colombia en festival internacional de danza, en Per\u00fa .","isPartOf":{"@id":"https:\/\/www.ucaldas.edu.co\/portal\/#website"},"primaryImageOfPage":{"@id":"https:\/\/www.ucaldas.edu.co\/portal\/u-de-caldas-representara-a-colombia-en-festival-internacional-de-danza-en-peru\/#primaryimage"},"image":{"@id":"https:\/\/www.ucaldas.edu.co\/portal\/u-de-caldas-representara-a-colombia-en-festival-internacional-de-danza-en-peru\/#primaryimage"},"thumbnailUrl":"http:\/\/www.ucaldas.edu.co\/images\/tmp\/iii_festival_internacional_verano.jpg","datePublished":"2011-02-09T22:00:53+00:00","breadcrumb":{"@id":"https:\/\/www.ucaldas.edu.co\/portal\/u-de-caldas-representara-a-colombia-en-festival-internacional-de-danza-en-peru\/#breadcrumb"},"inLanguage":"es","potentialAction":[{"@type":"ReadAction","target":["https:\/\/www.ucaldas.edu.co\/portal\/u-de-caldas-representara-a-colombia-en-festival-internacional-de-danza-en-peru\/"]}]},{"@type":"ImageObject","inLanguage":"es","@id":"https:\/\/www.ucaldas.edu.co\/portal\/u-de-caldas-representara-a-colombia-en-festival-internacional-de-danza-en-peru\/#primaryimage","url":"http:\/\/www.ucaldas.edu.co\/images\/tmp\/iii_festival_internacional_verano.jpg","contentUrl":"http:\/\/www.ucaldas.edu.co\/images\/tmp\/iii_festival_internacional_verano.jpg"},{"@type":"BreadcrumbList","@id":"https:\/\/www.ucaldas.edu.co\/portal\/u-de-caldas-representara-a-colombia-en-festival-internacional-de-danza-en-peru\/#breadcrumb","itemListElement":[{"@type":"ListItem","position":1,"name":"Portada","item":"https:\/\/www.ucaldas.edu.co\/portal\/"},{"@type":"ListItem","position":2,"name":"U. de Caldas representar\u00e1 a Colombia en festival internacional de danza, en Per\u00fa"}]},{"@type":"WebSite","@id":"https:\/\/www.ucaldas.edu.co\/portal\/#website","url":"https:\/\/www.ucaldas.edu.co\/portal\/","name":"Universidad de Caldas","description":"","publisher":{"@id":"https:\/\/www.ucaldas.edu.co\/portal\/#organization"},"alternateName":"U. de Caldas","potentialAction":[{"@type":"SearchAction","target":{"@type":"EntryPoint","urlTemplate":"https:\/\/www.ucaldas.edu.co\/portal\/?s={search_term_string}"},"query-input":{"@type":"PropertyValueSpecification","valueRequired":true,"valueName":"search_term_string"}}],"inLanguage":"es"},{"@type":"Organization","@id":"https:\/\/www.ucaldas.edu.co\/portal\/#organization","name":"Universidad de Caldas","alternateName":"U. de Caldas","url":"https:\/\/www.ucaldas.edu.co\/portal\/","logo":{"@type":"ImageObject","inLanguage":"es","@id":"https:\/\/www.ucaldas.edu.co\/portal\/#\/schema\/logo\/image\/","url":"https:\/\/www.ucaldas.edu.co\/portal\/wp-content\/uploads\/2023\/11\/Logo_horizontal_oscuroU-2023.png","contentUrl":"https:\/\/www.ucaldas.edu.co\/portal\/wp-content\/uploads\/2023\/11\/Logo_horizontal_oscuroU-2023.png","width":263,"height":101,"caption":"Universidad de Caldas"},"image":{"@id":"https:\/\/www.ucaldas.edu.co\/portal\/#\/schema\/logo\/image\/"},"sameAs":["https:\/\/www.facebook.com\/udecaldas","https:\/\/x.com\/udecaldas","https:\/\/www.youtube.com\/universidadcaldas","https:\/\/www.instagram.com\/udecaldas\/"]},{"@type":"Person","@id":"https:\/\/www.ucaldas.edu.co\/portal\/#\/schema\/person\/a1b482e23449158b4bc319926c074fdf","name":"ofiprensa","image":{"@type":"ImageObject","inLanguage":"es","@id":"https:\/\/www.ucaldas.edu.co\/portal\/wp-content\/litespeed\/avatar\/09ea5085e600095a7a811142c6944527.jpg?ver=1777497608","url":"https:\/\/www.ucaldas.edu.co\/portal\/wp-content\/litespeed\/avatar\/09ea5085e600095a7a811142c6944527.jpg?ver=1777497608","contentUrl":"https:\/\/www.ucaldas.edu.co\/portal\/wp-content\/litespeed\/avatar\/09ea5085e600095a7a811142c6944527.jpg?ver=1777497608","caption":"ofiprensa"},"url":"https:\/\/www.ucaldas.edu.co\/portal\/author\/ofiprensa\/"}]}},"_links":{"self":[{"href":"https:\/\/www.ucaldas.edu.co\/portal\/wp-json\/wp\/v2\/posts\/10769","targetHints":{"allow":["GET"]}}],"collection":[{"href":"https:\/\/www.ucaldas.edu.co\/portal\/wp-json\/wp\/v2\/posts"}],"about":[{"href":"https:\/\/www.ucaldas.edu.co\/portal\/wp-json\/wp\/v2\/types\/post"}],"author":[{"embeddable":true,"href":"https:\/\/www.ucaldas.edu.co\/portal\/wp-json\/wp\/v2\/users\/2"}],"replies":[{"embeddable":true,"href":"https:\/\/www.ucaldas.edu.co\/portal\/wp-json\/wp\/v2\/comments?post=10769"}],"version-history":[{"count":0,"href":"https:\/\/www.ucaldas.edu.co\/portal\/wp-json\/wp\/v2\/posts\/10769\/revisions"}],"wp:attachment":[{"href":"https:\/\/www.ucaldas.edu.co\/portal\/wp-json\/wp\/v2\/media?parent=10769"}],"wp:term":[{"taxonomy":"category","embeddable":true,"href":"https:\/\/www.ucaldas.edu.co\/portal\/wp-json\/wp\/v2\/categories?post=10769"},{"taxonomy":"post_tag","embeddable":true,"href":"https:\/\/www.ucaldas.edu.co\/portal\/wp-json\/wp\/v2\/tags?post=10769"}],"curies":[{"name":"wp","href":"https:\/\/api.w.org\/{rel}","templated":true}]}}