{"id":10767,"date":"2011-02-09T16:59:47","date_gmt":"2011-02-09T21:59:47","guid":{"rendered":"https:\/\/www.ucaldas.edu.co\/portal\/?p=10767"},"modified":"2011-02-09T16:59:47","modified_gmt":"2011-02-09T21:59:47","slug":"maestria-en-sistemas-de-produccion-agropecuaria-en-renovacion-de-su-registro","status":"publish","type":"post","link":"https:\/\/www.ucaldas.edu.co\/portal\/maestria-en-sistemas-de-produccion-agropecuaria-en-renovacion-de-su-registro\/","title":{"rendered":"Maestr\u00eda en Sistemas de Producci\u00f3n Agropecuaria, en renovaci\u00f3n de su registro"},"content":{"rendered":"<p>Pares acad\u00e9micos verificar\u00e1n condiciones de calidad de programa de U. de Caldas<\/p>\n<hr \/>\n<p>&nbsp;<\/p>\n<p align=\"right\">08\/02\/2012<\/p>\n<p>&nbsp;<\/p>\n<table border=\"0\">\n<tbody>\n<tr>\n<td><img loading=\"lazy\" decoding=\"async\" style=\"border: 0px\" alt=\"Maestria\" src=\"http:\/\/www.ucaldas.edu.co\/images\/tmp\/maestria_sistemas_produccion_agropecuaria.jpg\" width=\"240\" height=\"150\" border=\"0\" \/><\/td>\n<td><b>Pablo Emilio Cruz Casallas<\/b> y <b>Guillermo Arturo Corredor S\u00e1nchez<\/b> son los <b>pares acad\u00e9micos<\/b> delegados por el <b>Ministerio de Educaci\u00f3n Nacional<\/b> (MEN) que <b>visitan<\/b> <b>desde hoy<\/b>, jueves 9 de febrero del 2012, la <b>Maestr\u00eda en Sistemas de Producci\u00f3n Agropecuaria<\/b> de la <b>Universidad de Caldas.<\/b><\/td>\n<\/tr>\n<\/tbody>\n<\/table>\n<p>&nbsp;<\/p>\n<p>La visita ser\u00e1 <b>hasta<\/b> este <b>s\u00e1bado 11 de febrero<\/b>. Los pares verificar\u00e1n las condiciones de calidad de este programa de la Universidad.<\/p>\n<p>&nbsp;<\/p>\n<p>\u201cPara la U. de Caldas es muy importante contar con esta visita de pares acad\u00e9micos para la renovaci\u00f3n del Registro Calificado, porque es un compromiso, no s\u00f3lo institucional, sino del MEN, encaminado al fortalecimiento de los programas de postgrado\u201d, coment\u00f3 Germ\u00e1n G\u00f3mez Londo\u00f1o, Director de la Maestr\u00eda en Sistemas de Producci\u00f3n Agropecuaria de la Instituci\u00f3n.<\/p>\n<p>&nbsp;<\/p>\n<p>\u201cLa Maestr\u00eda abrir\u00e1 su sexta cohorte. Esta es un programa de investigaci\u00f3n que ha ayudado a consolidar muchos de los proyectos de investigaci\u00f3n de la Facultad de Ciencias Agropecuarias de la U. de Caldas\u201d, concluy\u00f3 el Director de la Maestr\u00eda.<\/p>\n<p>&nbsp;<\/p>\n<p>Conozca algunas <a href=\"http:\/\/www.facebook.com\/media\/set\/?set=a.293239937404545.68814.107054166023124&amp;type=3\" target=\"_blank\">im\u00e1genes de la visita de pares acad\u00e9micos a la Maestr\u00eda en Sistemas de Producci\u00f3n Agropecuaria de la U. de Caldas<\/a><\/p>\n<p><b>\u00a0<\/b><\/p>\n<p><b>Informes: <\/b>Oficina de Prensa, tel\u00e9fono 878 15 00, extensi\u00f3n 12 167.<\/p>\n<p><b>Etiquetas: <\/b>administraci\u00f3n, visita, pares, registro calificado<\/p>\n","protected":false},"excerpt":{"rendered":"<p>Pares acad\u00e9micos verificar\u00e1n condiciones de calidad de programa de U. de Caldas &nbsp; 08\/02\/2012 &nbsp; Pablo Emilio Cruz Casallas y Guillermo Arturo Corredor S\u00e1nchez son los pares acad\u00e9micos delegados por el Ministerio de Educaci\u00f3n Nacional (MEN) que visitan desde hoy, jueves 9 de febrero del 2012, la Maestr\u00eda en Sistemas de Producci\u00f3n Agropecuaria de la [&hellip;]<\/p>\n","protected":false},"author":2,"featured_media":0,"comment_status":"closed","ping_status":"closed","sticky":false,"template":"","format":"standard","meta":{"footnotes":""},"categories":[48,53],"tags":[],"class_list":["post-10767","post","type-post","status-publish","format-standard","hentry","category-actualidad","category-universidad-al-dia"],"yoast_head":"<!-- This site is optimized with the Yoast SEO plugin v27.5 - https:\/\/yoast.com\/product\/yoast-seo-wordpress\/ -->\n<title>Maestr\u00eda en Sistemas de Producci\u00f3n Agropecuaria, en renovaci\u00f3n de su registro .<\/title>\n<meta name=\"robots\" content=\"index, follow, max-snippet:-1, max-image-preview:large, max-video-preview:-1\" \/>\n<link rel=\"canonical\" href=\"https:\/\/www.ucaldas.edu.co\/portal\/maestria-en-sistemas-de-produccion-agropecuaria-en-renovacion-de-su-registro\/\" \/>\n<script type=\"application\/ld+json\" class=\"yoast-schema-graph\">{\"@context\":\"https:\\\/\\\/schema.org\",\"@graph\":[{\"@type\":\"Article\",\"@id\":\"https:\\\/\\\/www.ucaldas.edu.co\\\/portal\\\/maestria-en-sistemas-de-produccion-agropecuaria-en-renovacion-de-su-registro\\\/#article\",\"isPartOf\":{\"@id\":\"https:\\\/\\\/www.ucaldas.edu.co\\\/portal\\\/maestria-en-sistemas-de-produccion-agropecuaria-en-renovacion-de-su-registro\\\/\"},\"author\":{\"name\":\"ofiprensa\",\"@id\":\"https:\\\/\\\/www.ucaldas.edu.co\\\/portal\\\/#\\\/schema\\\/person\\\/a1b482e23449158b4bc319926c074fdf\"},\"headline\":\"Maestr\u00eda en Sistemas de Producci\u00f3n Agropecuaria, en renovaci\u00f3n de su registro\",\"datePublished\":\"2011-02-09T21:59:47+00:00\",\"mainEntityOfPage\":{\"@id\":\"https:\\\/\\\/www.ucaldas.edu.co\\\/portal\\\/maestria-en-sistemas-de-produccion-agropecuaria-en-renovacion-de-su-registro\\\/\"},\"wordCount\":252,\"publisher\":{\"@id\":\"https:\\\/\\\/www.ucaldas.edu.co\\\/portal\\\/#organization\"},\"image\":{\"@id\":\"https:\\\/\\\/www.ucaldas.edu.co\\\/portal\\\/maestria-en-sistemas-de-produccion-agropecuaria-en-renovacion-de-su-registro\\\/#primaryimage\"},\"thumbnailUrl\":\"http:\\\/\\\/www.ucaldas.edu.co\\\/images\\\/tmp\\\/maestria_sistemas_produccion_agropecuaria.jpg\",\"articleSection\":[\"Actualidad\",\"Universidad al D\u00eda\"],\"inLanguage\":\"es\"},{\"@type\":\"WebPage\",\"@id\":\"https:\\\/\\\/www.ucaldas.edu.co\\\/portal\\\/maestria-en-sistemas-de-produccion-agropecuaria-en-renovacion-de-su-registro\\\/\",\"url\":\"https:\\\/\\\/www.ucaldas.edu.co\\\/portal\\\/maestria-en-sistemas-de-produccion-agropecuaria-en-renovacion-de-su-registro\\\/\",\"name\":\"Maestr\u00eda en Sistemas de Producci\u00f3n Agropecuaria, en renovaci\u00f3n de su registro .\",\"isPartOf\":{\"@id\":\"https:\\\/\\\/www.ucaldas.edu.co\\\/portal\\\/#website\"},\"primaryImageOfPage\":{\"@id\":\"https:\\\/\\\/www.ucaldas.edu.co\\\/portal\\\/maestria-en-sistemas-de-produccion-agropecuaria-en-renovacion-de-su-registro\\\/#primaryimage\"},\"image\":{\"@id\":\"https:\\\/\\\/www.ucaldas.edu.co\\\/portal\\\/maestria-en-sistemas-de-produccion-agropecuaria-en-renovacion-de-su-registro\\\/#primaryimage\"},\"thumbnailUrl\":\"http:\\\/\\\/www.ucaldas.edu.co\\\/images\\\/tmp\\\/maestria_sistemas_produccion_agropecuaria.jpg\",\"datePublished\":\"2011-02-09T21:59:47+00:00\",\"breadcrumb\":{\"@id\":\"https:\\\/\\\/www.ucaldas.edu.co\\\/portal\\\/maestria-en-sistemas-de-produccion-agropecuaria-en-renovacion-de-su-registro\\\/#breadcrumb\"},\"inLanguage\":\"es\",\"potentialAction\":[{\"@type\":\"ReadAction\",\"target\":[\"https:\\\/\\\/www.ucaldas.edu.co\\\/portal\\\/maestria-en-sistemas-de-produccion-agropecuaria-en-renovacion-de-su-registro\\\/\"]}]},{\"@type\":\"ImageObject\",\"inLanguage\":\"es\",\"@id\":\"https:\\\/\\\/www.ucaldas.edu.co\\\/portal\\\/maestria-en-sistemas-de-produccion-agropecuaria-en-renovacion-de-su-registro\\\/#primaryimage\",\"url\":\"http:\\\/\\\/www.ucaldas.edu.co\\\/images\\\/tmp\\\/maestria_sistemas_produccion_agropecuaria.jpg\",\"contentUrl\":\"http:\\\/\\\/www.ucaldas.edu.co\\\/images\\\/tmp\\\/maestria_sistemas_produccion_agropecuaria.jpg\"},{\"@type\":\"BreadcrumbList\",\"@id\":\"https:\\\/\\\/www.ucaldas.edu.co\\\/portal\\\/maestria-en-sistemas-de-produccion-agropecuaria-en-renovacion-de-su-registro\\\/#breadcrumb\",\"itemListElement\":[{\"@type\":\"ListItem\",\"position\":1,\"name\":\"Portada\",\"item\":\"https:\\\/\\\/www.ucaldas.edu.co\\\/portal\\\/\"},{\"@type\":\"ListItem\",\"position\":2,\"name\":\"Maestr\u00eda en Sistemas de Producci\u00f3n Agropecuaria, en renovaci\u00f3n de su registro\"}]},{\"@type\":\"WebSite\",\"@id\":\"https:\\\/\\\/www.ucaldas.edu.co\\\/portal\\\/#website\",\"url\":\"https:\\\/\\\/www.ucaldas.edu.co\\\/portal\\\/\",\"name\":\"Universidad de Caldas\",\"description\":\"\",\"publisher\":{\"@id\":\"https:\\\/\\\/www.ucaldas.edu.co\\\/portal\\\/#organization\"},\"alternateName\":\"U. de Caldas\",\"potentialAction\":[{\"@type\":\"SearchAction\",\"target\":{\"@type\":\"EntryPoint\",\"urlTemplate\":\"https:\\\/\\\/www.ucaldas.edu.co\\\/portal\\\/?s={search_term_string}\"},\"query-input\":{\"@type\":\"PropertyValueSpecification\",\"valueRequired\":true,\"valueName\":\"search_term_string\"}}],\"inLanguage\":\"es\"},{\"@type\":\"Organization\",\"@id\":\"https:\\\/\\\/www.ucaldas.edu.co\\\/portal\\\/#organization\",\"name\":\"Universidad de Caldas\",\"alternateName\":\"U. de Caldas\",\"url\":\"https:\\\/\\\/www.ucaldas.edu.co\\\/portal\\\/\",\"logo\":{\"@type\":\"ImageObject\",\"inLanguage\":\"es\",\"@id\":\"https:\\\/\\\/www.ucaldas.edu.co\\\/portal\\\/#\\\/schema\\\/logo\\\/image\\\/\",\"url\":\"https:\\\/\\\/www.ucaldas.edu.co\\\/portal\\\/wp-content\\\/uploads\\\/2023\\\/11\\\/Logo_horizontal_oscuroU-2023.png\",\"contentUrl\":\"https:\\\/\\\/www.ucaldas.edu.co\\\/portal\\\/wp-content\\\/uploads\\\/2023\\\/11\\\/Logo_horizontal_oscuroU-2023.png\",\"width\":263,\"height\":101,\"caption\":\"Universidad de Caldas\"},\"image\":{\"@id\":\"https:\\\/\\\/www.ucaldas.edu.co\\\/portal\\\/#\\\/schema\\\/logo\\\/image\\\/\"},\"sameAs\":[\"https:\\\/\\\/www.facebook.com\\\/udecaldas\",\"https:\\\/\\\/x.com\\\/udecaldas\",\"https:\\\/\\\/www.youtube.com\\\/universidadcaldas\",\"https:\\\/\\\/www.instagram.com\\\/udecaldas\\\/\"]},{\"@type\":\"Person\",\"@id\":\"https:\\\/\\\/www.ucaldas.edu.co\\\/portal\\\/#\\\/schema\\\/person\\\/a1b482e23449158b4bc319926c074fdf\",\"name\":\"ofiprensa\",\"image\":{\"@type\":\"ImageObject\",\"inLanguage\":\"es\",\"@id\":\"https:\\\/\\\/www.ucaldas.edu.co\\\/portal\\\/wp-content\\\/litespeed\\\/avatar\\\/09ea5085e600095a7a811142c6944527.jpg?ver=1777497608\",\"url\":\"https:\\\/\\\/www.ucaldas.edu.co\\\/portal\\\/wp-content\\\/litespeed\\\/avatar\\\/09ea5085e600095a7a811142c6944527.jpg?ver=1777497608\",\"contentUrl\":\"https:\\\/\\\/www.ucaldas.edu.co\\\/portal\\\/wp-content\\\/litespeed\\\/avatar\\\/09ea5085e600095a7a811142c6944527.jpg?ver=1777497608\",\"caption\":\"ofiprensa\"},\"url\":\"https:\\\/\\\/www.ucaldas.edu.co\\\/portal\\\/author\\\/ofiprensa\\\/\"}]}<\/script>\n<!-- \/ Yoast SEO plugin. -->","yoast_head_json":{"title":"Maestr\u00eda en Sistemas de Producci\u00f3n Agropecuaria, en renovaci\u00f3n de su registro .","robots":{"index":"index","follow":"follow","max-snippet":"max-snippet:-1","max-image-preview":"max-image-preview:large","max-video-preview":"max-video-preview:-1"},"canonical":"https:\/\/www.ucaldas.edu.co\/portal\/maestria-en-sistemas-de-produccion-agropecuaria-en-renovacion-de-su-registro\/","schema":{"@context":"https:\/\/schema.org","@graph":[{"@type":"Article","@id":"https:\/\/www.ucaldas.edu.co\/portal\/maestria-en-sistemas-de-produccion-agropecuaria-en-renovacion-de-su-registro\/#article","isPartOf":{"@id":"https:\/\/www.ucaldas.edu.co\/portal\/maestria-en-sistemas-de-produccion-agropecuaria-en-renovacion-de-su-registro\/"},"author":{"name":"ofiprensa","@id":"https:\/\/www.ucaldas.edu.co\/portal\/#\/schema\/person\/a1b482e23449158b4bc319926c074fdf"},"headline":"Maestr\u00eda en Sistemas de Producci\u00f3n Agropecuaria, en renovaci\u00f3n de su registro","datePublished":"2011-02-09T21:59:47+00:00","mainEntityOfPage":{"@id":"https:\/\/www.ucaldas.edu.co\/portal\/maestria-en-sistemas-de-produccion-agropecuaria-en-renovacion-de-su-registro\/"},"wordCount":252,"publisher":{"@id":"https:\/\/www.ucaldas.edu.co\/portal\/#organization"},"image":{"@id":"https:\/\/www.ucaldas.edu.co\/portal\/maestria-en-sistemas-de-produccion-agropecuaria-en-renovacion-de-su-registro\/#primaryimage"},"thumbnailUrl":"http:\/\/www.ucaldas.edu.co\/images\/tmp\/maestria_sistemas_produccion_agropecuaria.jpg","articleSection":["Actualidad","Universidad al D\u00eda"],"inLanguage":"es"},{"@type":"WebPage","@id":"https:\/\/www.ucaldas.edu.co\/portal\/maestria-en-sistemas-de-produccion-agropecuaria-en-renovacion-de-su-registro\/","url":"https:\/\/www.ucaldas.edu.co\/portal\/maestria-en-sistemas-de-produccion-agropecuaria-en-renovacion-de-su-registro\/","name":"Maestr\u00eda en Sistemas de Producci\u00f3n Agropecuaria, en renovaci\u00f3n de su registro .","isPartOf":{"@id":"https:\/\/www.ucaldas.edu.co\/portal\/#website"},"primaryImageOfPage":{"@id":"https:\/\/www.ucaldas.edu.co\/portal\/maestria-en-sistemas-de-produccion-agropecuaria-en-renovacion-de-su-registro\/#primaryimage"},"image":{"@id":"https:\/\/www.ucaldas.edu.co\/portal\/maestria-en-sistemas-de-produccion-agropecuaria-en-renovacion-de-su-registro\/#primaryimage"},"thumbnailUrl":"http:\/\/www.ucaldas.edu.co\/images\/tmp\/maestria_sistemas_produccion_agropecuaria.jpg","datePublished":"2011-02-09T21:59:47+00:00","breadcrumb":{"@id":"https:\/\/www.ucaldas.edu.co\/portal\/maestria-en-sistemas-de-produccion-agropecuaria-en-renovacion-de-su-registro\/#breadcrumb"},"inLanguage":"es","potentialAction":[{"@type":"ReadAction","target":["https:\/\/www.ucaldas.edu.co\/portal\/maestria-en-sistemas-de-produccion-agropecuaria-en-renovacion-de-su-registro\/"]}]},{"@type":"ImageObject","inLanguage":"es","@id":"https:\/\/www.ucaldas.edu.co\/portal\/maestria-en-sistemas-de-produccion-agropecuaria-en-renovacion-de-su-registro\/#primaryimage","url":"http:\/\/www.ucaldas.edu.co\/images\/tmp\/maestria_sistemas_produccion_agropecuaria.jpg","contentUrl":"http:\/\/www.ucaldas.edu.co\/images\/tmp\/maestria_sistemas_produccion_agropecuaria.jpg"},{"@type":"BreadcrumbList","@id":"https:\/\/www.ucaldas.edu.co\/portal\/maestria-en-sistemas-de-produccion-agropecuaria-en-renovacion-de-su-registro\/#breadcrumb","itemListElement":[{"@type":"ListItem","position":1,"name":"Portada","item":"https:\/\/www.ucaldas.edu.co\/portal\/"},{"@type":"ListItem","position":2,"name":"Maestr\u00eda en Sistemas de Producci\u00f3n Agropecuaria, en renovaci\u00f3n de su registro"}]},{"@type":"WebSite","@id":"https:\/\/www.ucaldas.edu.co\/portal\/#website","url":"https:\/\/www.ucaldas.edu.co\/portal\/","name":"Universidad de Caldas","description":"","publisher":{"@id":"https:\/\/www.ucaldas.edu.co\/portal\/#organization"},"alternateName":"U. de Caldas","potentialAction":[{"@type":"SearchAction","target":{"@type":"EntryPoint","urlTemplate":"https:\/\/www.ucaldas.edu.co\/portal\/?s={search_term_string}"},"query-input":{"@type":"PropertyValueSpecification","valueRequired":true,"valueName":"search_term_string"}}],"inLanguage":"es"},{"@type":"Organization","@id":"https:\/\/www.ucaldas.edu.co\/portal\/#organization","name":"Universidad de Caldas","alternateName":"U. de Caldas","url":"https:\/\/www.ucaldas.edu.co\/portal\/","logo":{"@type":"ImageObject","inLanguage":"es","@id":"https:\/\/www.ucaldas.edu.co\/portal\/#\/schema\/logo\/image\/","url":"https:\/\/www.ucaldas.edu.co\/portal\/wp-content\/uploads\/2023\/11\/Logo_horizontal_oscuroU-2023.png","contentUrl":"https:\/\/www.ucaldas.edu.co\/portal\/wp-content\/uploads\/2023\/11\/Logo_horizontal_oscuroU-2023.png","width":263,"height":101,"caption":"Universidad de Caldas"},"image":{"@id":"https:\/\/www.ucaldas.edu.co\/portal\/#\/schema\/logo\/image\/"},"sameAs":["https:\/\/www.facebook.com\/udecaldas","https:\/\/x.com\/udecaldas","https:\/\/www.youtube.com\/universidadcaldas","https:\/\/www.instagram.com\/udecaldas\/"]},{"@type":"Person","@id":"https:\/\/www.ucaldas.edu.co\/portal\/#\/schema\/person\/a1b482e23449158b4bc319926c074fdf","name":"ofiprensa","image":{"@type":"ImageObject","inLanguage":"es","@id":"https:\/\/www.ucaldas.edu.co\/portal\/wp-content\/litespeed\/avatar\/09ea5085e600095a7a811142c6944527.jpg?ver=1777497608","url":"https:\/\/www.ucaldas.edu.co\/portal\/wp-content\/litespeed\/avatar\/09ea5085e600095a7a811142c6944527.jpg?ver=1777497608","contentUrl":"https:\/\/www.ucaldas.edu.co\/portal\/wp-content\/litespeed\/avatar\/09ea5085e600095a7a811142c6944527.jpg?ver=1777497608","caption":"ofiprensa"},"url":"https:\/\/www.ucaldas.edu.co\/portal\/author\/ofiprensa\/"}]}},"_links":{"self":[{"href":"https:\/\/www.ucaldas.edu.co\/portal\/wp-json\/wp\/v2\/posts\/10767","targetHints":{"allow":["GET"]}}],"collection":[{"href":"https:\/\/www.ucaldas.edu.co\/portal\/wp-json\/wp\/v2\/posts"}],"about":[{"href":"https:\/\/www.ucaldas.edu.co\/portal\/wp-json\/wp\/v2\/types\/post"}],"author":[{"embeddable":true,"href":"https:\/\/www.ucaldas.edu.co\/portal\/wp-json\/wp\/v2\/users\/2"}],"replies":[{"embeddable":true,"href":"https:\/\/www.ucaldas.edu.co\/portal\/wp-json\/wp\/v2\/comments?post=10767"}],"version-history":[{"count":0,"href":"https:\/\/www.ucaldas.edu.co\/portal\/wp-json\/wp\/v2\/posts\/10767\/revisions"}],"wp:attachment":[{"href":"https:\/\/www.ucaldas.edu.co\/portal\/wp-json\/wp\/v2\/media?parent=10767"}],"wp:term":[{"taxonomy":"category","embeddable":true,"href":"https:\/\/www.ucaldas.edu.co\/portal\/wp-json\/wp\/v2\/categories?post=10767"},{"taxonomy":"post_tag","embeddable":true,"href":"https:\/\/www.ucaldas.edu.co\/portal\/wp-json\/wp\/v2\/tags?post=10767"}],"curies":[{"name":"wp","href":"https:\/\/api.w.org\/{rel}","templated":true}]}}