{"id":10765,"date":"2011-02-09T16:57:07","date_gmt":"2011-02-09T21:57:07","guid":{"rendered":"https:\/\/www.ucaldas.edu.co\/portal\/?p=10765"},"modified":"2011-02-09T16:57:07","modified_gmt":"2011-02-09T21:57:07","slug":"mesa-departamental-de-rectores-tuvo-primer-encuentro-2012-en-u-de-caldas","status":"publish","type":"post","link":"https:\/\/www.ucaldas.edu.co\/portal\/mesa-departamental-de-rectores-tuvo-primer-encuentro-2012-en-u-de-caldas\/","title":{"rendered":"Mesa Departamental de Rectores tuvo primer encuentro 2012, en U. de Caldas"},"content":{"rendered":"<p>Tulio Marulanda Mej\u00eda, secretario de educaci\u00f3n de Caldas, lider\u00f3 reuni\u00f3n<\/p>\n<hr \/>\n<p align=\"center\">\n<p align=\"right\">09\/02\/2012<\/p>\n<p>&nbsp;<\/p>\n<table border=\"0\">\n<tbody>\n<tr>\n<td><img loading=\"lazy\" decoding=\"async\" style=\"border: 0px\" alt=\"Mesa Departamental\" src=\"http:\/\/www.ucaldas.edu.co\/images\/tmp\/mesa_departamental_rectores.jpg\" width=\"240\" height=\"150\" border=\"0\" \/><\/td>\n<td><i>En la <b>Universidad de Caldas se realiz\u00f3<\/b> la <b>primera reuni\u00f3n del 2012<\/b> de la <\/i><b>Mesa Departamental de Rectores<\/b>, que congrega un rector de cada municipio de Caldas elegido de entre los mismos rectores de las instituciones educativas. <i><b>Tulio Marulanda Mej\u00eda<\/b><\/i><i>, <b>Secretario de Educaci\u00f3n de Caldas<\/b>, <b>lider\u00f3<\/b> el <b>encuentro<\/b> e<\/i>l encuentro se llev\u00f3 a cabo el pasado <b>lunes 6<\/b> de <b>febrero<\/b> del 2012.<\/td>\n<\/tr>\n<\/tbody>\n<\/table>\n<p>&nbsp;<\/p>\n<p>\u201cEste es un organismo de apoyo de la Secretar\u00eda de Educaci\u00f3n de Caldas y cumple una funci\u00f3n muy importante en el dise\u00f1o de las pol\u00edticas, estrategias y proyectos, con los cuales la Secretar\u00eda pretende abordar y tratar de resolver los problemas de la educaci\u00f3n\u201d, dijo <i>Marulanda Mej\u00eda.<\/i><\/p>\n<p><i>\u00a0<\/i><\/p>\n<p>26 rectores de Caldas expusieron el informe de educaci\u00f3n de cada municipio. A partir de esos informes, la Secretar\u00eda\u00a0 tratar\u00e1 de solucionarlos. El encuentro de la Mesa se debe realizar mensualmente.<\/p>\n<p>&nbsp;<\/p>\n<p>Conozca algunas <a href=\"http:\/\/www.facebook.com\/media\/set\/?set=a.293428697385669.68858.107054166023124&amp;type=3\" target=\"_blank\">im\u00e1genes sobre la primera reuni\u00f3n del 2012 de la Mesa Departamental de Rectores<\/a><\/p>\n<p>&nbsp;<\/p>\n<p><b>Informes:<\/b>\u00a0Oficina de Prensa, tel\u00e9fono 878 15 00, extensi\u00f3n 12 167.<\/p>\n<p><b>Etiquetas:<\/b> administraci\u00f3n, encuentro, Mesa Departamental de Rectores, <i>Secretar\u00eda de Educaci\u00f3n de Caldas, pol\u00edtica, estrategia, proyecto, problemas, educaci\u00f3n, Caldas<\/i><\/p>\n<p>&nbsp;<\/p>\n","protected":false},"excerpt":{"rendered":"<p>Tulio Marulanda Mej\u00eda, secretario de educaci\u00f3n de Caldas, lider\u00f3 reuni\u00f3n 09\/02\/2012 &nbsp; En la Universidad de Caldas se realiz\u00f3 la primera reuni\u00f3n del 2012 de la Mesa Departamental de Rectores, que congrega un rector de cada municipio de Caldas elegido de entre los mismos rectores de las instituciones educativas. Tulio Marulanda Mej\u00eda, Secretario de Educaci\u00f3n [&hellip;]<\/p>\n","protected":false},"author":2,"featured_media":0,"comment_status":"closed","ping_status":"closed","sticky":false,"template":"","format":"standard","meta":{"footnotes":""},"categories":[48,53],"tags":[],"class_list":["post-10765","post","type-post","status-publish","format-standard","hentry","category-actualidad","category-universidad-al-dia"],"yoast_head":"<!-- This site is optimized with the Yoast SEO plugin v27.5 - https:\/\/yoast.com\/product\/yoast-seo-wordpress\/ -->\n<title>Mesa Departamental de Rectores tuvo primer encuentro 2012, en U. de Caldas .<\/title>\n<meta name=\"robots\" content=\"index, follow, max-snippet:-1, max-image-preview:large, max-video-preview:-1\" \/>\n<link rel=\"canonical\" href=\"https:\/\/www.ucaldas.edu.co\/portal\/mesa-departamental-de-rectores-tuvo-primer-encuentro-2012-en-u-de-caldas\/\" \/>\n<script type=\"application\/ld+json\" class=\"yoast-schema-graph\">{\"@context\":\"https:\\\/\\\/schema.org\",\"@graph\":[{\"@type\":\"Article\",\"@id\":\"https:\\\/\\\/www.ucaldas.edu.co\\\/portal\\\/mesa-departamental-de-rectores-tuvo-primer-encuentro-2012-en-u-de-caldas\\\/#article\",\"isPartOf\":{\"@id\":\"https:\\\/\\\/www.ucaldas.edu.co\\\/portal\\\/mesa-departamental-de-rectores-tuvo-primer-encuentro-2012-en-u-de-caldas\\\/\"},\"author\":{\"name\":\"ofiprensa\",\"@id\":\"https:\\\/\\\/www.ucaldas.edu.co\\\/portal\\\/#\\\/schema\\\/person\\\/a1b482e23449158b4bc319926c074fdf\"},\"headline\":\"Mesa Departamental de Rectores tuvo primer encuentro 2012, en U. de Caldas\",\"datePublished\":\"2011-02-09T21:57:07+00:00\",\"mainEntityOfPage\":{\"@id\":\"https:\\\/\\\/www.ucaldas.edu.co\\\/portal\\\/mesa-departamental-de-rectores-tuvo-primer-encuentro-2012-en-u-de-caldas\\\/\"},\"wordCount\":225,\"publisher\":{\"@id\":\"https:\\\/\\\/www.ucaldas.edu.co\\\/portal\\\/#organization\"},\"image\":{\"@id\":\"https:\\\/\\\/www.ucaldas.edu.co\\\/portal\\\/mesa-departamental-de-rectores-tuvo-primer-encuentro-2012-en-u-de-caldas\\\/#primaryimage\"},\"thumbnailUrl\":\"http:\\\/\\\/www.ucaldas.edu.co\\\/images\\\/tmp\\\/mesa_departamental_rectores.jpg\",\"articleSection\":[\"Actualidad\",\"Universidad al D\u00eda\"],\"inLanguage\":\"es\"},{\"@type\":\"WebPage\",\"@id\":\"https:\\\/\\\/www.ucaldas.edu.co\\\/portal\\\/mesa-departamental-de-rectores-tuvo-primer-encuentro-2012-en-u-de-caldas\\\/\",\"url\":\"https:\\\/\\\/www.ucaldas.edu.co\\\/portal\\\/mesa-departamental-de-rectores-tuvo-primer-encuentro-2012-en-u-de-caldas\\\/\",\"name\":\"Mesa Departamental de Rectores tuvo primer encuentro 2012, en U. de Caldas .\",\"isPartOf\":{\"@id\":\"https:\\\/\\\/www.ucaldas.edu.co\\\/portal\\\/#website\"},\"primaryImageOfPage\":{\"@id\":\"https:\\\/\\\/www.ucaldas.edu.co\\\/portal\\\/mesa-departamental-de-rectores-tuvo-primer-encuentro-2012-en-u-de-caldas\\\/#primaryimage\"},\"image\":{\"@id\":\"https:\\\/\\\/www.ucaldas.edu.co\\\/portal\\\/mesa-departamental-de-rectores-tuvo-primer-encuentro-2012-en-u-de-caldas\\\/#primaryimage\"},\"thumbnailUrl\":\"http:\\\/\\\/www.ucaldas.edu.co\\\/images\\\/tmp\\\/mesa_departamental_rectores.jpg\",\"datePublished\":\"2011-02-09T21:57:07+00:00\",\"breadcrumb\":{\"@id\":\"https:\\\/\\\/www.ucaldas.edu.co\\\/portal\\\/mesa-departamental-de-rectores-tuvo-primer-encuentro-2012-en-u-de-caldas\\\/#breadcrumb\"},\"inLanguage\":\"es\",\"potentialAction\":[{\"@type\":\"ReadAction\",\"target\":[\"https:\\\/\\\/www.ucaldas.edu.co\\\/portal\\\/mesa-departamental-de-rectores-tuvo-primer-encuentro-2012-en-u-de-caldas\\\/\"]}]},{\"@type\":\"ImageObject\",\"inLanguage\":\"es\",\"@id\":\"https:\\\/\\\/www.ucaldas.edu.co\\\/portal\\\/mesa-departamental-de-rectores-tuvo-primer-encuentro-2012-en-u-de-caldas\\\/#primaryimage\",\"url\":\"http:\\\/\\\/www.ucaldas.edu.co\\\/images\\\/tmp\\\/mesa_departamental_rectores.jpg\",\"contentUrl\":\"http:\\\/\\\/www.ucaldas.edu.co\\\/images\\\/tmp\\\/mesa_departamental_rectores.jpg\"},{\"@type\":\"BreadcrumbList\",\"@id\":\"https:\\\/\\\/www.ucaldas.edu.co\\\/portal\\\/mesa-departamental-de-rectores-tuvo-primer-encuentro-2012-en-u-de-caldas\\\/#breadcrumb\",\"itemListElement\":[{\"@type\":\"ListItem\",\"position\":1,\"name\":\"Portada\",\"item\":\"https:\\\/\\\/www.ucaldas.edu.co\\\/portal\\\/\"},{\"@type\":\"ListItem\",\"position\":2,\"name\":\"Mesa Departamental de Rectores tuvo primer encuentro 2012, en U. de Caldas\"}]},{\"@type\":\"WebSite\",\"@id\":\"https:\\\/\\\/www.ucaldas.edu.co\\\/portal\\\/#website\",\"url\":\"https:\\\/\\\/www.ucaldas.edu.co\\\/portal\\\/\",\"name\":\"Universidad de Caldas\",\"description\":\"\",\"publisher\":{\"@id\":\"https:\\\/\\\/www.ucaldas.edu.co\\\/portal\\\/#organization\"},\"alternateName\":\"U. de Caldas\",\"potentialAction\":[{\"@type\":\"SearchAction\",\"target\":{\"@type\":\"EntryPoint\",\"urlTemplate\":\"https:\\\/\\\/www.ucaldas.edu.co\\\/portal\\\/?s={search_term_string}\"},\"query-input\":{\"@type\":\"PropertyValueSpecification\",\"valueRequired\":true,\"valueName\":\"search_term_string\"}}],\"inLanguage\":\"es\"},{\"@type\":\"Organization\",\"@id\":\"https:\\\/\\\/www.ucaldas.edu.co\\\/portal\\\/#organization\",\"name\":\"Universidad de Caldas\",\"alternateName\":\"U. de Caldas\",\"url\":\"https:\\\/\\\/www.ucaldas.edu.co\\\/portal\\\/\",\"logo\":{\"@type\":\"ImageObject\",\"inLanguage\":\"es\",\"@id\":\"https:\\\/\\\/www.ucaldas.edu.co\\\/portal\\\/#\\\/schema\\\/logo\\\/image\\\/\",\"url\":\"https:\\\/\\\/www.ucaldas.edu.co\\\/portal\\\/wp-content\\\/uploads\\\/2023\\\/11\\\/Logo_horizontal_oscuroU-2023.png\",\"contentUrl\":\"https:\\\/\\\/www.ucaldas.edu.co\\\/portal\\\/wp-content\\\/uploads\\\/2023\\\/11\\\/Logo_horizontal_oscuroU-2023.png\",\"width\":263,\"height\":101,\"caption\":\"Universidad de Caldas\"},\"image\":{\"@id\":\"https:\\\/\\\/www.ucaldas.edu.co\\\/portal\\\/#\\\/schema\\\/logo\\\/image\\\/\"},\"sameAs\":[\"https:\\\/\\\/www.facebook.com\\\/udecaldas\",\"https:\\\/\\\/x.com\\\/udecaldas\",\"https:\\\/\\\/www.youtube.com\\\/universidadcaldas\",\"https:\\\/\\\/www.instagram.com\\\/udecaldas\\\/\"]},{\"@type\":\"Person\",\"@id\":\"https:\\\/\\\/www.ucaldas.edu.co\\\/portal\\\/#\\\/schema\\\/person\\\/a1b482e23449158b4bc319926c074fdf\",\"name\":\"ofiprensa\",\"image\":{\"@type\":\"ImageObject\",\"inLanguage\":\"es\",\"@id\":\"https:\\\/\\\/www.ucaldas.edu.co\\\/portal\\\/wp-content\\\/litespeed\\\/avatar\\\/09ea5085e600095a7a811142c6944527.jpg?ver=1777497608\",\"url\":\"https:\\\/\\\/www.ucaldas.edu.co\\\/portal\\\/wp-content\\\/litespeed\\\/avatar\\\/09ea5085e600095a7a811142c6944527.jpg?ver=1777497608\",\"contentUrl\":\"https:\\\/\\\/www.ucaldas.edu.co\\\/portal\\\/wp-content\\\/litespeed\\\/avatar\\\/09ea5085e600095a7a811142c6944527.jpg?ver=1777497608\",\"caption\":\"ofiprensa\"},\"url\":\"https:\\\/\\\/www.ucaldas.edu.co\\\/portal\\\/author\\\/ofiprensa\\\/\"}]}<\/script>\n<!-- \/ Yoast SEO plugin. -->","yoast_head_json":{"title":"Mesa Departamental de Rectores tuvo primer encuentro 2012, en U. de Caldas .","robots":{"index":"index","follow":"follow","max-snippet":"max-snippet:-1","max-image-preview":"max-image-preview:large","max-video-preview":"max-video-preview:-1"},"canonical":"https:\/\/www.ucaldas.edu.co\/portal\/mesa-departamental-de-rectores-tuvo-primer-encuentro-2012-en-u-de-caldas\/","schema":{"@context":"https:\/\/schema.org","@graph":[{"@type":"Article","@id":"https:\/\/www.ucaldas.edu.co\/portal\/mesa-departamental-de-rectores-tuvo-primer-encuentro-2012-en-u-de-caldas\/#article","isPartOf":{"@id":"https:\/\/www.ucaldas.edu.co\/portal\/mesa-departamental-de-rectores-tuvo-primer-encuentro-2012-en-u-de-caldas\/"},"author":{"name":"ofiprensa","@id":"https:\/\/www.ucaldas.edu.co\/portal\/#\/schema\/person\/a1b482e23449158b4bc319926c074fdf"},"headline":"Mesa Departamental de Rectores tuvo primer encuentro 2012, en U. de Caldas","datePublished":"2011-02-09T21:57:07+00:00","mainEntityOfPage":{"@id":"https:\/\/www.ucaldas.edu.co\/portal\/mesa-departamental-de-rectores-tuvo-primer-encuentro-2012-en-u-de-caldas\/"},"wordCount":225,"publisher":{"@id":"https:\/\/www.ucaldas.edu.co\/portal\/#organization"},"image":{"@id":"https:\/\/www.ucaldas.edu.co\/portal\/mesa-departamental-de-rectores-tuvo-primer-encuentro-2012-en-u-de-caldas\/#primaryimage"},"thumbnailUrl":"http:\/\/www.ucaldas.edu.co\/images\/tmp\/mesa_departamental_rectores.jpg","articleSection":["Actualidad","Universidad al D\u00eda"],"inLanguage":"es"},{"@type":"WebPage","@id":"https:\/\/www.ucaldas.edu.co\/portal\/mesa-departamental-de-rectores-tuvo-primer-encuentro-2012-en-u-de-caldas\/","url":"https:\/\/www.ucaldas.edu.co\/portal\/mesa-departamental-de-rectores-tuvo-primer-encuentro-2012-en-u-de-caldas\/","name":"Mesa Departamental de Rectores tuvo primer encuentro 2012, en U. de Caldas .","isPartOf":{"@id":"https:\/\/www.ucaldas.edu.co\/portal\/#website"},"primaryImageOfPage":{"@id":"https:\/\/www.ucaldas.edu.co\/portal\/mesa-departamental-de-rectores-tuvo-primer-encuentro-2012-en-u-de-caldas\/#primaryimage"},"image":{"@id":"https:\/\/www.ucaldas.edu.co\/portal\/mesa-departamental-de-rectores-tuvo-primer-encuentro-2012-en-u-de-caldas\/#primaryimage"},"thumbnailUrl":"http:\/\/www.ucaldas.edu.co\/images\/tmp\/mesa_departamental_rectores.jpg","datePublished":"2011-02-09T21:57:07+00:00","breadcrumb":{"@id":"https:\/\/www.ucaldas.edu.co\/portal\/mesa-departamental-de-rectores-tuvo-primer-encuentro-2012-en-u-de-caldas\/#breadcrumb"},"inLanguage":"es","potentialAction":[{"@type":"ReadAction","target":["https:\/\/www.ucaldas.edu.co\/portal\/mesa-departamental-de-rectores-tuvo-primer-encuentro-2012-en-u-de-caldas\/"]}]},{"@type":"ImageObject","inLanguage":"es","@id":"https:\/\/www.ucaldas.edu.co\/portal\/mesa-departamental-de-rectores-tuvo-primer-encuentro-2012-en-u-de-caldas\/#primaryimage","url":"http:\/\/www.ucaldas.edu.co\/images\/tmp\/mesa_departamental_rectores.jpg","contentUrl":"http:\/\/www.ucaldas.edu.co\/images\/tmp\/mesa_departamental_rectores.jpg"},{"@type":"BreadcrumbList","@id":"https:\/\/www.ucaldas.edu.co\/portal\/mesa-departamental-de-rectores-tuvo-primer-encuentro-2012-en-u-de-caldas\/#breadcrumb","itemListElement":[{"@type":"ListItem","position":1,"name":"Portada","item":"https:\/\/www.ucaldas.edu.co\/portal\/"},{"@type":"ListItem","position":2,"name":"Mesa Departamental de Rectores tuvo primer encuentro 2012, en U. de Caldas"}]},{"@type":"WebSite","@id":"https:\/\/www.ucaldas.edu.co\/portal\/#website","url":"https:\/\/www.ucaldas.edu.co\/portal\/","name":"Universidad de Caldas","description":"","publisher":{"@id":"https:\/\/www.ucaldas.edu.co\/portal\/#organization"},"alternateName":"U. de Caldas","potentialAction":[{"@type":"SearchAction","target":{"@type":"EntryPoint","urlTemplate":"https:\/\/www.ucaldas.edu.co\/portal\/?s={search_term_string}"},"query-input":{"@type":"PropertyValueSpecification","valueRequired":true,"valueName":"search_term_string"}}],"inLanguage":"es"},{"@type":"Organization","@id":"https:\/\/www.ucaldas.edu.co\/portal\/#organization","name":"Universidad de Caldas","alternateName":"U. de Caldas","url":"https:\/\/www.ucaldas.edu.co\/portal\/","logo":{"@type":"ImageObject","inLanguage":"es","@id":"https:\/\/www.ucaldas.edu.co\/portal\/#\/schema\/logo\/image\/","url":"https:\/\/www.ucaldas.edu.co\/portal\/wp-content\/uploads\/2023\/11\/Logo_horizontal_oscuroU-2023.png","contentUrl":"https:\/\/www.ucaldas.edu.co\/portal\/wp-content\/uploads\/2023\/11\/Logo_horizontal_oscuroU-2023.png","width":263,"height":101,"caption":"Universidad de Caldas"},"image":{"@id":"https:\/\/www.ucaldas.edu.co\/portal\/#\/schema\/logo\/image\/"},"sameAs":["https:\/\/www.facebook.com\/udecaldas","https:\/\/x.com\/udecaldas","https:\/\/www.youtube.com\/universidadcaldas","https:\/\/www.instagram.com\/udecaldas\/"]},{"@type":"Person","@id":"https:\/\/www.ucaldas.edu.co\/portal\/#\/schema\/person\/a1b482e23449158b4bc319926c074fdf","name":"ofiprensa","image":{"@type":"ImageObject","inLanguage":"es","@id":"https:\/\/www.ucaldas.edu.co\/portal\/wp-content\/litespeed\/avatar\/09ea5085e600095a7a811142c6944527.jpg?ver=1777497608","url":"https:\/\/www.ucaldas.edu.co\/portal\/wp-content\/litespeed\/avatar\/09ea5085e600095a7a811142c6944527.jpg?ver=1777497608","contentUrl":"https:\/\/www.ucaldas.edu.co\/portal\/wp-content\/litespeed\/avatar\/09ea5085e600095a7a811142c6944527.jpg?ver=1777497608","caption":"ofiprensa"},"url":"https:\/\/www.ucaldas.edu.co\/portal\/author\/ofiprensa\/"}]}},"_links":{"self":[{"href":"https:\/\/www.ucaldas.edu.co\/portal\/wp-json\/wp\/v2\/posts\/10765","targetHints":{"allow":["GET"]}}],"collection":[{"href":"https:\/\/www.ucaldas.edu.co\/portal\/wp-json\/wp\/v2\/posts"}],"about":[{"href":"https:\/\/www.ucaldas.edu.co\/portal\/wp-json\/wp\/v2\/types\/post"}],"author":[{"embeddable":true,"href":"https:\/\/www.ucaldas.edu.co\/portal\/wp-json\/wp\/v2\/users\/2"}],"replies":[{"embeddable":true,"href":"https:\/\/www.ucaldas.edu.co\/portal\/wp-json\/wp\/v2\/comments?post=10765"}],"version-history":[{"count":0,"href":"https:\/\/www.ucaldas.edu.co\/portal\/wp-json\/wp\/v2\/posts\/10765\/revisions"}],"wp:attachment":[{"href":"https:\/\/www.ucaldas.edu.co\/portal\/wp-json\/wp\/v2\/media?parent=10765"}],"wp:term":[{"taxonomy":"category","embeddable":true,"href":"https:\/\/www.ucaldas.edu.co\/portal\/wp-json\/wp\/v2\/categories?post=10765"},{"taxonomy":"post_tag","embeddable":true,"href":"https:\/\/www.ucaldas.edu.co\/portal\/wp-json\/wp\/v2\/tags?post=10765"}],"curies":[{"name":"wp","href":"https:\/\/api.w.org\/{rel}","templated":true}]}}