{"id":105990,"date":"2026-09-03T10:39:21","date_gmt":"2026-09-03T15:39:21","guid":{"rendered":"https:\/\/www.ucaldas.edu.co\/portal\/?p=105990"},"modified":"2026-09-03T10:39:21","modified_gmt":"2026-09-03T15:39:21","slug":"la-facultad-de-inteligencia-artificial-e-ingenierias-de-la-universidad-de-caldas-avanza-en-infraestructura-formacion-e-investigacion","status":"publish","type":"post","link":"https:\/\/www.ucaldas.edu.co\/portal\/la-facultad-de-inteligencia-artificial-e-ingenierias-de-la-universidad-de-caldas-avanza-en-infraestructura-formacion-e-investigacion\/","title":{"rendered":"La Facultad de Inteligencia Artificial e Ingenier\u00edas de la Universidad de Caldas avanza en infraestructura, formaci\u00f3n e investigaci\u00f3n"},"content":{"rendered":"<div class=\"wpb-content-wrapper\"><p>[vc_row][vc_column][vc_video link=\u00bbhttps:\/\/www.youtube.com\/watch?v=dH_30NjEvhU\u00bb css=\u00bb\u00bb][vc_column_text]<em>La Facultad de Inteligencia Artificial e Ingenier\u00edas de la Universidad de Caldas avanza de manera simult\u00e1nea en la construcci\u00f3n de su nuevo campus, la oferta acad\u00e9mica y el desarrollo de proyectos de investigaci\u00f3n. La obra registra cerca del <strong>40% de ejecuci\u00f3n<\/strong> y se proyecta que la estructura est\u00e9 terminada durante las primeras semanas de septiembre.<\/em><!--more--><\/p>\n<h5><span style=\"color: #003366;\"><strong>Una sede especializada<\/strong><\/span><\/h5>\n<p>Este proyecto se cre\u00f3 mediante el <strong>convenio interadministrativo 1606-2024<\/strong> suscrito entre la Universidad de Caldas y el Ministerio de Tecnolog\u00edas de la Informaci\u00f3n y las Comunicaciones (MinTIC).<\/p>\n<p>El edificio contar\u00e1 con cuatro pisos y tendr\u00e1 <strong>14 aulas convencionales, seis aulas de inform\u00e1tica y cuatro laboratorios especializados<\/strong> en Inteligencia Artificial, rob\u00f3tica, Internet de las Cosas, ciberseguridad y anal\u00edtica de datos. Actualmente se adelantan trabajos de redes hidrosanitarias y el\u00e9ctricas, acabados y adecuaci\u00f3n de espacios internos.<\/p>\n<p>\u201cLa obra va muy bien, va dentro de los tiempos acordados. En este momento estamos alrededor del 40%, que corresponde espec\u00edficamente a la estructura, y ya el resto es obra blanca\u201d, explic\u00f3 Sandra Montoya Barreto, directora del proyecto.<\/p>\n<h5><span style=\"color: #003366;\"><strong><img loading=\"lazy\" decoding=\"async\" class=\"alignnone wp-image-105992 size-full\" src=\"https:\/\/www.ucaldas.edu.co\/portal\/wp-content\/uploads\/2026\/09\/DSC05762-scaled-e1788449558281.jpg\" alt=\"\" width=\"900\" height=\"507\" \/><\/strong><\/span><\/h5>\n<h5><span style=\"color: #003366;\"><strong>Formaci\u00f3n e investigaci\u00f3n<\/strong><\/span><\/h5>\n<p>El convenio realizado con el Ministerio de las TIC va m\u00e1s all\u00e1 de la construcci\u00f3n de una obra, desde la creaci\u00f3n de la Facultad, mediante resoluci\u00f3n del Consejo Superior a finales de 2024, se han creado seis programas acad\u00e9micos desde el T\u00e9cnico Profesional hasta la maestr\u00eda, cinco de ellos con registro calificado. Tres ya cuentan con estudiantes y han iniciado sus primeras cohortes, estos son:<\/p>\n<ul>\n<li>T\u00e9cnico profesional en depuraci\u00f3n y procesamiento de datos para la IA<\/li>\n<li>Tecnolog\u00eda en Sistemas de Informaci\u00f3n para la IA pendiente la expedici\u00f3n del registro calificado<\/li>\n<li>Pregrado Profesional de Ingenier\u00eda en IA<\/li>\n<li>Especializaci\u00f3n en Ciencia de datos e IA<\/li>\n<li>Maestr\u00eda en IA pendiente a la fecha de inscripciones<\/li>\n<li>Doctorado en IA con la difusi\u00f3n para la primera cohorte el 2027-1<\/li>\n<\/ul>\n<p>La <strong>Maestr\u00eda y el Doctorado en Inteligencia Artificial<\/strong> avanzan en su proceso de difusi\u00f3n y estudio de mercado, con miras a iniciar cohortes en el primer semestre de 2027, mientras que el programa tecnol\u00f3gico: <strong>\u201cTecnolog\u00eda en Sistemas de Informaci\u00f3n para la IA\u201d<\/strong> adelanta el tr\u00e1mite de registro calificado ante el Ministerio de Educaci\u00f3n Nacional.<\/p>\n<p>En investigaci\u00f3n, la Facultad tiene <strong>ocho proyectos en ejecuci\u00f3n<\/strong>, cuatro de ellos directamente relacionados con Inteligencia Artificial y cuatro que integran esta tecnolog\u00eda con otros campos de aplicaci\u00f3n. Adem\u00e1s, tres proyectos fueron priorizados en convocatorias del Sistema General de Regal\u00edas en Ciencia, Tecnolog\u00eda e Innovaci\u00f3n.<\/p>\n<h5><span style=\"color: #003366;\"><strong>Cifras del proyecto<\/strong><\/span><\/h5>\n<ul>\n<li><strong>40%<\/strong> de avance aproximado de la construcci\u00f3n.<\/li>\n<li><strong>6<\/strong> programas acad\u00e9micos creados.<\/li>\n<li><strong>5<\/strong> programas con registro calificado.<\/li>\n<li><strong>8<\/strong> proyectos de investigaci\u00f3n en ejecuci\u00f3n.<\/li>\n<li><strong>3<\/strong> proyectos priorizados ante el Sistema General de Regal\u00edas.<\/li>\n<li><strong>14<\/strong> aulas convencionales.<\/li>\n<li><strong>6<\/strong> aulas de inform\u00e1tica.<\/li>\n<li><strong>4<\/strong> laboratorios especializados.<\/li>\n<\/ul>\n<p>Con estos avances, la Universidad de Caldas fortalece su apuesta por integrar <strong>formaci\u00f3n, investigaci\u00f3n e innovaci\u00f3n tecnol\u00f3gica<\/strong> y proyecta esta Facultad como la primera de Inteligencia Artificial de Latinoam\u00e9rica.<\/p>\n<h5><span style=\"color: #003366;\"><strong>Anexo:<\/strong><\/span><\/h5>\n<p><a href=\"https:\/\/www.ucaldas.edu.co\/portal\/wp-content\/uploads\/2026\/09\/Directora-Proyecto-Facultad-I.A-Sandra-Montoya-Barreto-1.mp3\"><strong>-Audio Directora proyecto Facultad de Inteligencia Artificial e Ingenier\u00edas, Sandra Montoya Barreto <\/strong><\/a><\/p>\n<audio class=\"wp-audio-shortcode\" id=\"audio-105990-1\" preload=\"none\" style=\"width: 100%;\" controls=\"controls\"><source type=\"audio\/mpeg\" src=\"https:\/\/www.ucaldas.edu.co\/portal\/wp-content\/uploads\/2026\/09\/Directora-Proyecto-Facultad-I.A-Sandra-Montoya-Barreto-1.mp3?_=1\" \/><a href=\"https:\/\/www.ucaldas.edu.co\/portal\/wp-content\/uploads\/2026\/09\/Directora-Proyecto-Facultad-I.A-Sandra-Montoya-Barreto-1.mp3\">https:\/\/www.ucaldas.edu.co\/portal\/wp-content\/uploads\/2026\/09\/Directora-Proyecto-Facultad-I.A-Sandra-Montoya-Barreto-1.mp3<\/a><\/audio>\n<p>[\/vc_column_text][vc_gallery interval=\u00bb3&#8243; images=\u00bb105993,105994,105995,105996,105997,105998,105999,106000,106001,106002,106003&#8243; img_size=\u00bbfull\u00bb css=\u00bb\u00bb title=\u00bbGaler\u00eda de fotos\u00bb][\/vc_column][\/vc_row]<\/p>\n<\/div>","protected":false},"excerpt":{"rendered":"<p>[vc_row][vc_column][vc_video link=\u00bbhttps:\/\/www.youtube.com\/watch?v=dH_30NjEvhU\u00bb css=\u00bb\u00bb][vc_column_text]La Facultad de Inteligencia Artificial e Ingenier\u00edas de la Universidad de Caldas avanza de manera simult\u00e1nea en la construcci\u00f3n de su nuevo campus, la oferta acad\u00e9mica y el desarrollo de proyectos de investigaci\u00f3n. La obra registra cerca del 40% de ejecuci\u00f3n y se proyecta que la estructura est\u00e9 terminada durante las primeras semanas [&hellip;]<\/p>\n","protected":false},"author":2,"featured_media":105993,"comment_status":"closed","ping_status":"open","sticky":false,"template":"","format":"standard","meta":{"footnotes":"","_members_access_role":[],"_members_access_error":""},"categories":[48,53,9799,10056],"tags":[10045,10095],"class_list":["post-105990","post","type-post","status-publish","format-standard","has-post-thumbnail","hentry","category-actualidad","category-universidad-al-dia","category-destacados","category-facultadia","tag-obra-facultad-ia","tag-avance-obra-facultad-ia"],"yoast_head":"<!-- This site is optimized with the Yoast SEO plugin v28.4 - https:\/\/yoast.com\/product\/yoast-seo-wordpress\/ -->\n<title>La Facultad de Inteligencia Artificial e Ingenier\u00edas de la Universidad de Caldas avanza en infraestructura, formaci\u00f3n e investigaci\u00f3n .<\/title>\n<meta name=\"robots\" content=\"index, follow, max-snippet:-1, max-image-preview:large, max-video-preview:-1\" \/>\n<link rel=\"canonical\" href=\"https:\/\/www.ucaldas.edu.co\/portal\/la-facultad-de-inteligencia-artificial-e-ingenierias-de-la-universidad-de-caldas-avanza-en-infraestructura-formacion-e-investigacion\/\" \/>\n<script type=\"application\/ld+json\" class=\"yoast-schema-graph\">{\"@context\":\"https:\\\/\\\/schema.org\",\"@graph\":[{\"@type\":\"Article\",\"@id\":\"https:\\\/\\\/www.ucaldas.edu.co\\\/portal\\\/la-facultad-de-inteligencia-artificial-e-ingenierias-de-la-universidad-de-caldas-avanza-en-infraestructura-formacion-e-investigacion\\\/#article\",\"isPartOf\":{\"@id\":\"https:\\\/\\\/www.ucaldas.edu.co\\\/portal\\\/la-facultad-de-inteligencia-artificial-e-ingenierias-de-la-universidad-de-caldas-avanza-en-infraestructura-formacion-e-investigacion\\\/\"},\"author\":{\"name\":\"ofiprensa\",\"@id\":\"https:\\\/\\\/www.ucaldas.edu.co\\\/portal\\\/#\\\/schema\\\/person\\\/a1b482e23449158b4bc319926c074fdf\"},\"headline\":\"La Facultad de Inteligencia Artificial e Ingenier\u00edas de la Universidad de Caldas avanza en infraestructura, formaci\u00f3n e investigaci\u00f3n\",\"datePublished\":\"2026-09-03T15:39:21+00:00\",\"mainEntityOfPage\":{\"@id\":\"https:\\\/\\\/www.ucaldas.edu.co\\\/portal\\\/la-facultad-de-inteligencia-artificial-e-ingenierias-de-la-universidad-de-caldas-avanza-en-infraestructura-formacion-e-investigacion\\\/\"},\"wordCount\":602,\"publisher\":{\"@id\":\"https:\\\/\\\/www.ucaldas.edu.co\\\/portal\\\/#organization\"},\"image\":{\"@id\":\"https:\\\/\\\/www.ucaldas.edu.co\\\/portal\\\/la-facultad-de-inteligencia-artificial-e-ingenierias-de-la-universidad-de-caldas-avanza-en-infraestructura-formacion-e-investigacion\\\/#primaryimage\"},\"thumbnailUrl\":\"https:\\\/\\\/www.ucaldas.edu.co\\\/portal\\\/wp-content\\\/uploads\\\/2026\\\/09\\\/DSC05758-scaled-e1788449919250.jpg\",\"keywords\":[\"obra facultad ia\",\"Avance Obra Facultad IA\"],\"articleSection\":[\"Actualidad\",\"Universidad al D\u00eda\",\"Destacados\",\"FacultadIA\"],\"inLanguage\":\"es\"},{\"@type\":\"WebPage\",\"@id\":\"https:\\\/\\\/www.ucaldas.edu.co\\\/portal\\\/la-facultad-de-inteligencia-artificial-e-ingenierias-de-la-universidad-de-caldas-avanza-en-infraestructura-formacion-e-investigacion\\\/\",\"url\":\"https:\\\/\\\/www.ucaldas.edu.co\\\/portal\\\/la-facultad-de-inteligencia-artificial-e-ingenierias-de-la-universidad-de-caldas-avanza-en-infraestructura-formacion-e-investigacion\\\/\",\"name\":\"La Facultad de Inteligencia Artificial e Ingenier\u00edas de la Universidad de Caldas avanza en infraestructura, formaci\u00f3n e investigaci\u00f3n .\",\"isPartOf\":{\"@id\":\"https:\\\/\\\/www.ucaldas.edu.co\\\/portal\\\/#website\"},\"primaryImageOfPage\":{\"@id\":\"https:\\\/\\\/www.ucaldas.edu.co\\\/portal\\\/la-facultad-de-inteligencia-artificial-e-ingenierias-de-la-universidad-de-caldas-avanza-en-infraestructura-formacion-e-investigacion\\\/#primaryimage\"},\"image\":{\"@id\":\"https:\\\/\\\/www.ucaldas.edu.co\\\/portal\\\/la-facultad-de-inteligencia-artificial-e-ingenierias-de-la-universidad-de-caldas-avanza-en-infraestructura-formacion-e-investigacion\\\/#primaryimage\"},\"thumbnailUrl\":\"https:\\\/\\\/www.ucaldas.edu.co\\\/portal\\\/wp-content\\\/uploads\\\/2026\\\/09\\\/DSC05758-scaled-e1788449919250.jpg\",\"datePublished\":\"2026-09-03T15:39:21+00:00\",\"breadcrumb\":{\"@id\":\"https:\\\/\\\/www.ucaldas.edu.co\\\/portal\\\/la-facultad-de-inteligencia-artificial-e-ingenierias-de-la-universidad-de-caldas-avanza-en-infraestructura-formacion-e-investigacion\\\/#breadcrumb\"},\"inLanguage\":\"es\",\"potentialAction\":[{\"@type\":\"ReadAction\",\"target\":[\"https:\\\/\\\/www.ucaldas.edu.co\\\/portal\\\/la-facultad-de-inteligencia-artificial-e-ingenierias-de-la-universidad-de-caldas-avanza-en-infraestructura-formacion-e-investigacion\\\/\"]}]},{\"@type\":\"ImageObject\",\"inLanguage\":\"es\",\"@id\":\"https:\\\/\\\/www.ucaldas.edu.co\\\/portal\\\/la-facultad-de-inteligencia-artificial-e-ingenierias-de-la-universidad-de-caldas-avanza-en-infraestructura-formacion-e-investigacion\\\/#primaryimage\",\"url\":\"https:\\\/\\\/www.ucaldas.edu.co\\\/portal\\\/wp-content\\\/uploads\\\/2026\\\/09\\\/DSC05758-scaled-e1788449919250.jpg\",\"contentUrl\":\"https:\\\/\\\/www.ucaldas.edu.co\\\/portal\\\/wp-content\\\/uploads\\\/2026\\\/09\\\/DSC05758-scaled-e1788449919250.jpg\",\"width\":900,\"height\":507},{\"@type\":\"BreadcrumbList\",\"@id\":\"https:\\\/\\\/www.ucaldas.edu.co\\\/portal\\\/la-facultad-de-inteligencia-artificial-e-ingenierias-de-la-universidad-de-caldas-avanza-en-infraestructura-formacion-e-investigacion\\\/#breadcrumb\",\"itemListElement\":[{\"@type\":\"ListItem\",\"position\":1,\"name\":\"Portada\",\"item\":\"https:\\\/\\\/www.ucaldas.edu.co\\\/portal\\\/\"},{\"@type\":\"ListItem\",\"position\":2,\"name\":\"La Facultad de Inteligencia Artificial e Ingenier\u00edas de la Universidad de Caldas avanza en infraestructura, formaci\u00f3n e investigaci\u00f3n\"}]},{\"@type\":\"WebSite\",\"@id\":\"https:\\\/\\\/www.ucaldas.edu.co\\\/portal\\\/#website\",\"url\":\"https:\\\/\\\/www.ucaldas.edu.co\\\/portal\\\/\",\"name\":\"Universidad de Caldas\",\"description\":\"\",\"publisher\":{\"@id\":\"https:\\\/\\\/www.ucaldas.edu.co\\\/portal\\\/#organization\"},\"alternateName\":\"U. de Caldas\",\"potentialAction\":[{\"@type\":\"SearchAction\",\"target\":{\"@type\":\"EntryPoint\",\"urlTemplate\":\"https:\\\/\\\/www.ucaldas.edu.co\\\/portal\\\/?s={search_term_string}\"},\"query-input\":{\"@type\":\"PropertyValueSpecification\",\"valueRequired\":true,\"valueName\":\"search_term_string\"}}],\"inLanguage\":\"es\"},{\"@type\":\"Organization\",\"@id\":\"https:\\\/\\\/www.ucaldas.edu.co\\\/portal\\\/#organization\",\"name\":\"Universidad de Caldas\",\"alternateName\":\"U. de Caldas\",\"url\":\"https:\\\/\\\/www.ucaldas.edu.co\\\/portal\\\/\",\"logo\":{\"@type\":\"ImageObject\",\"inLanguage\":\"es\",\"@id\":\"https:\\\/\\\/www.ucaldas.edu.co\\\/portal\\\/#\\\/schema\\\/logo\\\/image\\\/\",\"url\":\"https:\\\/\\\/www.ucaldas.edu.co\\\/portal\\\/wp-content\\\/uploads\\\/2023\\\/11\\\/Logo_horizontal_oscuroU-2023.png\",\"contentUrl\":\"https:\\\/\\\/www.ucaldas.edu.co\\\/portal\\\/wp-content\\\/uploads\\\/2023\\\/11\\\/Logo_horizontal_oscuroU-2023.png\",\"width\":263,\"height\":101,\"caption\":\"Universidad de Caldas\"},\"image\":{\"@id\":\"https:\\\/\\\/www.ucaldas.edu.co\\\/portal\\\/#\\\/schema\\\/logo\\\/image\\\/\"},\"sameAs\":[\"https:\\\/\\\/www.facebook.com\\\/udecaldas\",\"https:\\\/\\\/x.com\\\/udecaldas\",\"https:\\\/\\\/www.youtube.com\\\/universidadcaldas\",\"https:\\\/\\\/www.instagram.com\\\/udecaldas\\\/\"]},{\"@type\":\"Person\",\"@id\":\"https:\\\/\\\/www.ucaldas.edu.co\\\/portal\\\/#\\\/schema\\\/person\\\/a1b482e23449158b4bc319926c074fdf\",\"name\":\"ofiprensa\",\"image\":{\"@type\":\"ImageObject\",\"inLanguage\":\"es\",\"@id\":\"https:\\\/\\\/www.ucaldas.edu.co\\\/portal\\\/wp-content\\\/litespeed\\\/avatar\\\/09ea5085e600095a7a811142c6944527.jpg?ver=1788384175\",\"url\":\"https:\\\/\\\/www.ucaldas.edu.co\\\/portal\\\/wp-content\\\/litespeed\\\/avatar\\\/09ea5085e600095a7a811142c6944527.jpg?ver=1788384175\",\"contentUrl\":\"https:\\\/\\\/www.ucaldas.edu.co\\\/portal\\\/wp-content\\\/litespeed\\\/avatar\\\/09ea5085e600095a7a811142c6944527.jpg?ver=1788384175\",\"caption\":\"ofiprensa\"},\"url\":\"https:\\\/\\\/www.ucaldas.edu.co\\\/portal\\\/author\\\/ofiprensa\\\/\"}]}<\/script>\n<!-- \/ Yoast SEO plugin. -->","yoast_head_json":{"title":"La Facultad de Inteligencia Artificial e Ingenier\u00edas de la Universidad de Caldas avanza en infraestructura, formaci\u00f3n e investigaci\u00f3n .","robots":{"index":"index","follow":"follow","max-snippet":"max-snippet:-1","max-image-preview":"max-image-preview:large","max-video-preview":"max-video-preview:-1"},"canonical":"https:\/\/www.ucaldas.edu.co\/portal\/la-facultad-de-inteligencia-artificial-e-ingenierias-de-la-universidad-de-caldas-avanza-en-infraestructura-formacion-e-investigacion\/","schema":{"@context":"https:\/\/schema.org","@graph":[{"@type":"Article","@id":"https:\/\/www.ucaldas.edu.co\/portal\/la-facultad-de-inteligencia-artificial-e-ingenierias-de-la-universidad-de-caldas-avanza-en-infraestructura-formacion-e-investigacion\/#article","isPartOf":{"@id":"https:\/\/www.ucaldas.edu.co\/portal\/la-facultad-de-inteligencia-artificial-e-ingenierias-de-la-universidad-de-caldas-avanza-en-infraestructura-formacion-e-investigacion\/"},"author":{"name":"ofiprensa","@id":"https:\/\/www.ucaldas.edu.co\/portal\/#\/schema\/person\/a1b482e23449158b4bc319926c074fdf"},"headline":"La Facultad de Inteligencia Artificial e Ingenier\u00edas de la Universidad de Caldas avanza en infraestructura, formaci\u00f3n e investigaci\u00f3n","datePublished":"2026-09-03T15:39:21+00:00","mainEntityOfPage":{"@id":"https:\/\/www.ucaldas.edu.co\/portal\/la-facultad-de-inteligencia-artificial-e-ingenierias-de-la-universidad-de-caldas-avanza-en-infraestructura-formacion-e-investigacion\/"},"wordCount":602,"publisher":{"@id":"https:\/\/www.ucaldas.edu.co\/portal\/#organization"},"image":{"@id":"https:\/\/www.ucaldas.edu.co\/portal\/la-facultad-de-inteligencia-artificial-e-ingenierias-de-la-universidad-de-caldas-avanza-en-infraestructura-formacion-e-investigacion\/#primaryimage"},"thumbnailUrl":"https:\/\/www.ucaldas.edu.co\/portal\/wp-content\/uploads\/2026\/09\/DSC05758-scaled-e1788449919250.jpg","keywords":["obra facultad ia","Avance Obra Facultad IA"],"articleSection":["Actualidad","Universidad al D\u00eda","Destacados","FacultadIA"],"inLanguage":"es"},{"@type":"WebPage","@id":"https:\/\/www.ucaldas.edu.co\/portal\/la-facultad-de-inteligencia-artificial-e-ingenierias-de-la-universidad-de-caldas-avanza-en-infraestructura-formacion-e-investigacion\/","url":"https:\/\/www.ucaldas.edu.co\/portal\/la-facultad-de-inteligencia-artificial-e-ingenierias-de-la-universidad-de-caldas-avanza-en-infraestructura-formacion-e-investigacion\/","name":"La Facultad de Inteligencia Artificial e Ingenier\u00edas de la Universidad de Caldas avanza en infraestructura, formaci\u00f3n e investigaci\u00f3n .","isPartOf":{"@id":"https:\/\/www.ucaldas.edu.co\/portal\/#website"},"primaryImageOfPage":{"@id":"https:\/\/www.ucaldas.edu.co\/portal\/la-facultad-de-inteligencia-artificial-e-ingenierias-de-la-universidad-de-caldas-avanza-en-infraestructura-formacion-e-investigacion\/#primaryimage"},"image":{"@id":"https:\/\/www.ucaldas.edu.co\/portal\/la-facultad-de-inteligencia-artificial-e-ingenierias-de-la-universidad-de-caldas-avanza-en-infraestructura-formacion-e-investigacion\/#primaryimage"},"thumbnailUrl":"https:\/\/www.ucaldas.edu.co\/portal\/wp-content\/uploads\/2026\/09\/DSC05758-scaled-e1788449919250.jpg","datePublished":"2026-09-03T15:39:21+00:00","breadcrumb":{"@id":"https:\/\/www.ucaldas.edu.co\/portal\/la-facultad-de-inteligencia-artificial-e-ingenierias-de-la-universidad-de-caldas-avanza-en-infraestructura-formacion-e-investigacion\/#breadcrumb"},"inLanguage":"es","potentialAction":[{"@type":"ReadAction","target":["https:\/\/www.ucaldas.edu.co\/portal\/la-facultad-de-inteligencia-artificial-e-ingenierias-de-la-universidad-de-caldas-avanza-en-infraestructura-formacion-e-investigacion\/"]}]},{"@type":"ImageObject","inLanguage":"es","@id":"https:\/\/www.ucaldas.edu.co\/portal\/la-facultad-de-inteligencia-artificial-e-ingenierias-de-la-universidad-de-caldas-avanza-en-infraestructura-formacion-e-investigacion\/#primaryimage","url":"https:\/\/www.ucaldas.edu.co\/portal\/wp-content\/uploads\/2026\/09\/DSC05758-scaled-e1788449919250.jpg","contentUrl":"https:\/\/www.ucaldas.edu.co\/portal\/wp-content\/uploads\/2026\/09\/DSC05758-scaled-e1788449919250.jpg","width":900,"height":507},{"@type":"BreadcrumbList","@id":"https:\/\/www.ucaldas.edu.co\/portal\/la-facultad-de-inteligencia-artificial-e-ingenierias-de-la-universidad-de-caldas-avanza-en-infraestructura-formacion-e-investigacion\/#breadcrumb","itemListElement":[{"@type":"ListItem","position":1,"name":"Portada","item":"https:\/\/www.ucaldas.edu.co\/portal\/"},{"@type":"ListItem","position":2,"name":"La Facultad de Inteligencia Artificial e Ingenier\u00edas de la Universidad de Caldas avanza en infraestructura, formaci\u00f3n e investigaci\u00f3n"}]},{"@type":"WebSite","@id":"https:\/\/www.ucaldas.edu.co\/portal\/#website","url":"https:\/\/www.ucaldas.edu.co\/portal\/","name":"Universidad de Caldas","description":"","publisher":{"@id":"https:\/\/www.ucaldas.edu.co\/portal\/#organization"},"alternateName":"U. de Caldas","potentialAction":[{"@type":"SearchAction","target":{"@type":"EntryPoint","urlTemplate":"https:\/\/www.ucaldas.edu.co\/portal\/?s={search_term_string}"},"query-input":{"@type":"PropertyValueSpecification","valueRequired":true,"valueName":"search_term_string"}}],"inLanguage":"es"},{"@type":"Organization","@id":"https:\/\/www.ucaldas.edu.co\/portal\/#organization","name":"Universidad de Caldas","alternateName":"U. de Caldas","url":"https:\/\/www.ucaldas.edu.co\/portal\/","logo":{"@type":"ImageObject","inLanguage":"es","@id":"https:\/\/www.ucaldas.edu.co\/portal\/#\/schema\/logo\/image\/","url":"https:\/\/www.ucaldas.edu.co\/portal\/wp-content\/uploads\/2023\/11\/Logo_horizontal_oscuroU-2023.png","contentUrl":"https:\/\/www.ucaldas.edu.co\/portal\/wp-content\/uploads\/2023\/11\/Logo_horizontal_oscuroU-2023.png","width":263,"height":101,"caption":"Universidad de Caldas"},"image":{"@id":"https:\/\/www.ucaldas.edu.co\/portal\/#\/schema\/logo\/image\/"},"sameAs":["https:\/\/www.facebook.com\/udecaldas","https:\/\/x.com\/udecaldas","https:\/\/www.youtube.com\/universidadcaldas","https:\/\/www.instagram.com\/udecaldas\/"]},{"@type":"Person","@id":"https:\/\/www.ucaldas.edu.co\/portal\/#\/schema\/person\/a1b482e23449158b4bc319926c074fdf","name":"ofiprensa","image":{"@type":"ImageObject","inLanguage":"es","@id":"https:\/\/www.ucaldas.edu.co\/portal\/wp-content\/litespeed\/avatar\/09ea5085e600095a7a811142c6944527.jpg?ver=1788384175","url":"https:\/\/www.ucaldas.edu.co\/portal\/wp-content\/litespeed\/avatar\/09ea5085e600095a7a811142c6944527.jpg?ver=1788384175","contentUrl":"https:\/\/www.ucaldas.edu.co\/portal\/wp-content\/litespeed\/avatar\/09ea5085e600095a7a811142c6944527.jpg?ver=1788384175","caption":"ofiprensa"},"url":"https:\/\/www.ucaldas.edu.co\/portal\/author\/ofiprensa\/"}]}},"_links":{"self":[{"href":"https:\/\/www.ucaldas.edu.co\/portal\/wp-json\/wp\/v2\/posts\/105990","targetHints":{"allow":["GET"]}}],"collection":[{"href":"https:\/\/www.ucaldas.edu.co\/portal\/wp-json\/wp\/v2\/posts"}],"about":[{"href":"https:\/\/www.ucaldas.edu.co\/portal\/wp-json\/wp\/v2\/types\/post"}],"author":[{"embeddable":true,"href":"https:\/\/www.ucaldas.edu.co\/portal\/wp-json\/wp\/v2\/users\/2"}],"replies":[{"embeddable":true,"href":"https:\/\/www.ucaldas.edu.co\/portal\/wp-json\/wp\/v2\/comments?post=105990"}],"version-history":[{"count":1,"href":"https:\/\/www.ucaldas.edu.co\/portal\/wp-json\/wp\/v2\/posts\/105990\/revisions"}],"predecessor-version":[{"id":106004,"href":"https:\/\/www.ucaldas.edu.co\/portal\/wp-json\/wp\/v2\/posts\/105990\/revisions\/106004"}],"wp:featuredmedia":[{"embeddable":true,"href":"https:\/\/www.ucaldas.edu.co\/portal\/wp-json\/wp\/v2\/media\/105993"}],"wp:attachment":[{"href":"https:\/\/www.ucaldas.edu.co\/portal\/wp-json\/wp\/v2\/media?parent=105990"}],"wp:term":[{"taxonomy":"category","embeddable":true,"href":"https:\/\/www.ucaldas.edu.co\/portal\/wp-json\/wp\/v2\/categories?post=105990"},{"taxonomy":"post_tag","embeddable":true,"href":"https:\/\/www.ucaldas.edu.co\/portal\/wp-json\/wp\/v2\/tags?post=105990"}],"curies":[{"name":"wp","href":"https:\/\/api.w.org\/{rel}","templated":true}]}}