{"id":105985,"date":"2026-09-03T10:16:19","date_gmt":"2026-09-03T15:16:19","guid":{"rendered":"https:\/\/www.ucaldas.edu.co\/portal\/?p=105985"},"modified":"2026-09-03T10:16:19","modified_gmt":"2026-09-03T15:16:19","slug":"facultad-de-inteligencia-artificial-e-ingenierias-fortalece-su-internacionalizacion-tras-mision-academica-en-la-universidad-de-la-frontera-chile","status":"publish","type":"post","link":"https:\/\/www.ucaldas.edu.co\/portal\/facultad-de-inteligencia-artificial-e-ingenierias-fortalece-su-internacionalizacion-tras-mision-academica-en-la-universidad-de-la-frontera-chile\/","title":{"rendered":"Facultad de Inteligencia Artificial e Ingenier\u00edas fortalece su internacionalizaci\u00f3n tras misi\u00f3n acad\u00e9mica en la Universidad de La Frontera (Chile)"},"content":{"rendered":"<p style=\"text-align: justify;\"><img loading=\"lazy\" decoding=\"async\" class=\"alignnone wp-image-105988 size-full\" src=\"https:\/\/www.ucaldas.edu.co\/portal\/wp-content\/uploads\/2026\/09\/WhatsApp-Image-2026-08-30-at-2.25.25-PM-e1788448489537.jpeg\" alt=\"Facultad IA Chile\" width=\"900\" height=\"601\" \/><\/p>\n<p style=\"text-align: justify;\">En el marco del eje estrat\u00e9gico de proyecci\u00f3n e internacionalizaci\u00f3n de la Universidad de Caldas, los profesores Johnny Salazar Cardona, director del programa de Ingenier\u00eda en Inform\u00e1tica, y Marcelo Herrera Gonz\u00e1lez, director encargado de Ingenier\u00eda de Sistemas y Computaci\u00f3n, adelantaron exitosamente una misi\u00f3n tecnol\u00f3gica y acad\u00e9mica de dos semanas en la Universidad de La Frontera (UFRO), ubicada en Temuco, Chile.<!--more--><\/p>\n<p style=\"text-align: justify;\">La visita, desarrollada entre el 3 y el 14 de agosto, tuvo como objetivo central operacionalizar el convenio institucional mediante la estructuraci\u00f3n de un Convenio Espec\u00edfico de Cooperaci\u00f3n a Nivel de Facultad, permitiendo el intercambio directo de estudiantes, docentes e investigadores entre la Facultad de Inteligencia Artificial e Ingenier\u00edas de la Universidad de Caldas y la Facultad de Ingenier\u00eda y Ciencias de la UFRO.<\/p>\n<h5 style=\"text-align: justify;\">\n<span style=\"color: #003366;\">Movilidad estudiantil y homologaci\u00f3n curricular<\/span><\/h5>\n<p style=\"text-align: justify;\">Durante la agenda de trabajo, la delegaci\u00f3n sostuvo encuentros de alto nivel con la Dra. Ana Bustamante, directora de Ingenier\u00eda Inform\u00e1tica; el Dr. Jaime D\u00edaz Arancibia, director del Departamento de Ciencias de la Computaci\u00f3n; y los equipos de Internacionalizaci\u00f3n y Movilidad de la UFRO. Entre los logros principales destaca el inicio del proceso de homologaci\u00f3n de asignaturas sobre la nueva malla curricular de la UFRO que entrar\u00e1 en vigencia en marzo de 2027, analizando la equivalencia entre los cr\u00e9ditos institucionales y el Sistema de Cr\u00e9ditos Transferibles (SCT) chileno.<\/p>\n<p style=\"text-align: justify;\">El esquema de movilidad estar\u00e1 dirigido a estudiantes de cuarto semestre en adelante de los programas de Ingenier\u00eda en Inform\u00e1tica e Ingenier\u00eda de Sistemas y Computaci\u00f3n, quienes podr\u00e1n cursar paquetes acad\u00e9micos de hasta cuatro asignaturas en programas afines como Ingenier\u00eda Inform\u00e1tica e Ingenier\u00eda Telem\u00e1tica. Asimismo, los estudiantes en intercambio contar\u00e1n con el Programa Padrinos, integr\u00e1ndose a la vida universitaria y a la infraestructura deportiva y de estudio de la UFRO.<\/p>\n<h5 style=\"text-align: justify;\"><span style=\"color: #003366;\"><img loading=\"lazy\" decoding=\"async\" class=\"alignnone wp-image-105987 size-full\" src=\"https:\/\/www.ucaldas.edu.co\/portal\/wp-content\/uploads\/2026\/09\/WhatsApp-Image-2026-08-30-at-2.17.53-PM-e1788448413790.jpeg\" alt=\"\" width=\"1280\" height=\"644\" srcset=\"https:\/\/www.ucaldas.edu.co\/portal\/wp-content\/uploads\/2026\/09\/WhatsApp-Image-2026-08-30-at-2.17.53-PM-e1788448413790.jpeg 1280w, https:\/\/www.ucaldas.edu.co\/portal\/wp-content\/uploads\/2026\/09\/WhatsApp-Image-2026-08-30-at-2.17.53-PM-e1788448413790-300x151.jpeg 300w, https:\/\/www.ucaldas.edu.co\/portal\/wp-content\/uploads\/2026\/09\/WhatsApp-Image-2026-08-30-at-2.17.53-PM-e1788448413790-1024x515.jpeg 1024w, https:\/\/www.ucaldas.edu.co\/portal\/wp-content\/uploads\/2026\/09\/WhatsApp-Image-2026-08-30-at-2.17.53-PM-e1788448413790-768x386.jpeg 768w\" sizes=\"auto, (max-width: 1280px) 100vw, 1280px\" \/><\/span><\/h5>\n<h5 style=\"text-align: justify;\"><span style=\"color: #003366;\">Proyectos COIL y divulgaci\u00f3n cient\u00edfica<\/span><\/h5>\n<p style=\"text-align: justify;\">En materia de innovaci\u00f3n educativa, la misi\u00f3n sent\u00f3 las bases para el desarrollo de proyectos COIL (Collaborative Online International Learning). Como primer paso, los directores de programa se vincularon a la capacitaci\u00f3n formal en metodolog\u00eda COIL impartida por la instituci\u00f3n chilena, proyectando el dise\u00f1o y puesta en marcha del primer proyecto aula a aula conjunto para el semestre 2027-1.<\/p>\n<p style=\"text-align: justify;\">En el frente de difusi\u00f3n del conocimiento, la UFRO confirm\u00f3 su participaci\u00f3n activa en el EAIFI (Encuentro de Academia e Industria en la Facultad de Ingenier\u00edas), permitiendo que estudiantes de pregrado y posgrado de la universidad chilena se vinculen sin costo y en modalidad virtual al evento insignia de la Facultad. De igual forma, se acord\u00f3 la realizaci\u00f3n de ciclos de conferencias sincr\u00f3nicas impartidas por docentes e investigadores de ambas instituciones.<\/p>\n<p style=\"text-align: justify;\">Con el desarrollo de esta misi\u00f3n tecnol\u00f3gica a la Universidad de La Frontera, la Facultad de Inteligencia Artificial e Ingenier\u00edas reafirma su compromiso de brindar una educaci\u00f3n p\u00fablica con est\u00e1ndares internacionales. Esta alianza no solo abre fronteras para la movilidad estudiantil, la innovaci\u00f3n pedag\u00f3gica y la investigaci\u00f3n de alto impacto, sino que consolida la visi\u00f3n de una Facultad conectada con las mejores pr\u00e1cticas del continente.<\/p>\n<h5><span style=\"color: #003366;\">Anexos:<\/span><\/h5>\n<p><a href=\"https:\/\/www.ucaldas.edu.co\/portal\/wp-content\/uploads\/2026\/09\/Audio-docentes-Johnny-y-Marcelo.mp3\"><strong>-Audio Docente director del programa de Ingenier\u00eda en Inform\u00e1tica, Johnny Salazar Cardona y Marcelo Herrera Gonz\u00e1lez y Director encargado de Ingenier\u00eda de Sistemas y Computaci\u00f3n, Marcelo Herrera Gonz\u00e1lez<\/strong><\/a><\/p>\n<audio class=\"wp-audio-shortcode\" id=\"audio-105985-1\" preload=\"none\" style=\"width: 100%;\" controls=\"controls\"><source type=\"audio\/mpeg\" src=\"https:\/\/www.ucaldas.edu.co\/portal\/wp-content\/uploads\/2026\/09\/Audio-docentes-Johnny-y-Marcelo.mp3?_=1\" \/><a href=\"https:\/\/www.ucaldas.edu.co\/portal\/wp-content\/uploads\/2026\/09\/Audio-docentes-Johnny-y-Marcelo.mp3\">https:\/\/www.ucaldas.edu.co\/portal\/wp-content\/uploads\/2026\/09\/Audio-docentes-Johnny-y-Marcelo.mp3<\/a><\/audio>\n","protected":false},"excerpt":{"rendered":"<p>En el marco del eje estrat\u00e9gico de proyecci\u00f3n e internacionalizaci\u00f3n de la Universidad de Caldas, los profesores Johnny Salazar Cardona, director del programa de Ingenier\u00eda en Inform\u00e1tica, y Marcelo Herrera Gonz\u00e1lez, director encargado de Ingenier\u00eda de Sistemas y Computaci\u00f3n, adelantaron exitosamente una misi\u00f3n tecnol\u00f3gica y acad\u00e9mica de dos semanas en la Universidad de La Frontera [&hellip;]<\/p>\n","protected":false},"author":2,"featured_media":105988,"comment_status":"closed","ping_status":"open","sticky":false,"template":"","format":"standard","meta":{"footnotes":"","_members_access_role":[],"_members_access_error":""},"categories":[48,53,10056],"tags":[6837,10094],"class_list":["post-105985","post","type-post","status-publish","format-standard","has-post-thumbnail","hentry","category-actualidad","category-universidad-al-dia","category-facultadia","tag-universidad-de-la-frontera-de-chile","tag-facultad-ia"],"yoast_head":"<!-- This site is optimized with the Yoast SEO plugin v28.4 - https:\/\/yoast.com\/product\/yoast-seo-wordpress\/ -->\n<title>Facultad de Inteligencia Artificial e Ingenier\u00edas fortalece su internacionalizaci\u00f3n tras misi\u00f3n acad\u00e9mica en la Universidad de La Frontera (Chile) .<\/title>\n<meta name=\"robots\" content=\"index, follow, max-snippet:-1, max-image-preview:large, max-video-preview:-1\" \/>\n<link rel=\"canonical\" href=\"https:\/\/www.ucaldas.edu.co\/portal\/facultad-de-inteligencia-artificial-e-ingenierias-fortalece-su-internacionalizacion-tras-mision-academica-en-la-universidad-de-la-frontera-chile\/\" \/>\n<script type=\"application\/ld+json\" class=\"yoast-schema-graph\">{\"@context\":\"https:\\\/\\\/schema.org\",\"@graph\":[{\"@type\":\"Article\",\"@id\":\"https:\\\/\\\/www.ucaldas.edu.co\\\/portal\\\/facultad-de-inteligencia-artificial-e-ingenierias-fortalece-su-internacionalizacion-tras-mision-academica-en-la-universidad-de-la-frontera-chile\\\/#article\",\"isPartOf\":{\"@id\":\"https:\\\/\\\/www.ucaldas.edu.co\\\/portal\\\/facultad-de-inteligencia-artificial-e-ingenierias-fortalece-su-internacionalizacion-tras-mision-academica-en-la-universidad-de-la-frontera-chile\\\/\"},\"author\":{\"name\":\"ofiprensa\",\"@id\":\"https:\\\/\\\/www.ucaldas.edu.co\\\/portal\\\/#\\\/schema\\\/person\\\/a1b482e23449158b4bc319926c074fdf\"},\"headline\":\"Facultad de Inteligencia Artificial e Ingenier\u00edas fortalece su internacionalizaci\u00f3n tras misi\u00f3n acad\u00e9mica en la Universidad de La Frontera (Chile)\",\"datePublished\":\"2026-09-03T15:16:19+00:00\",\"mainEntityOfPage\":{\"@id\":\"https:\\\/\\\/www.ucaldas.edu.co\\\/portal\\\/facultad-de-inteligencia-artificial-e-ingenierias-fortalece-su-internacionalizacion-tras-mision-academica-en-la-universidad-de-la-frontera-chile\\\/\"},\"wordCount\":617,\"publisher\":{\"@id\":\"https:\\\/\\\/www.ucaldas.edu.co\\\/portal\\\/#organization\"},\"image\":{\"@id\":\"https:\\\/\\\/www.ucaldas.edu.co\\\/portal\\\/facultad-de-inteligencia-artificial-e-ingenierias-fortalece-su-internacionalizacion-tras-mision-academica-en-la-universidad-de-la-frontera-chile\\\/#primaryimage\"},\"thumbnailUrl\":\"https:\\\/\\\/www.ucaldas.edu.co\\\/portal\\\/wp-content\\\/uploads\\\/2026\\\/09\\\/WhatsApp-Image-2026-08-30-at-2.25.25-PM-e1788448489537.jpeg\",\"keywords\":[\"universidad de la frontera de chile\",\"facultad IA\"],\"articleSection\":[\"Actualidad\",\"Universidad al D\u00eda\",\"FacultadIA\"],\"inLanguage\":\"es\"},{\"@type\":\"WebPage\",\"@id\":\"https:\\\/\\\/www.ucaldas.edu.co\\\/portal\\\/facultad-de-inteligencia-artificial-e-ingenierias-fortalece-su-internacionalizacion-tras-mision-academica-en-la-universidad-de-la-frontera-chile\\\/\",\"url\":\"https:\\\/\\\/www.ucaldas.edu.co\\\/portal\\\/facultad-de-inteligencia-artificial-e-ingenierias-fortalece-su-internacionalizacion-tras-mision-academica-en-la-universidad-de-la-frontera-chile\\\/\",\"name\":\"Facultad de Inteligencia Artificial e Ingenier\u00edas fortalece su internacionalizaci\u00f3n tras misi\u00f3n acad\u00e9mica en la Universidad de La Frontera (Chile) .\",\"isPartOf\":{\"@id\":\"https:\\\/\\\/www.ucaldas.edu.co\\\/portal\\\/#website\"},\"primaryImageOfPage\":{\"@id\":\"https:\\\/\\\/www.ucaldas.edu.co\\\/portal\\\/facultad-de-inteligencia-artificial-e-ingenierias-fortalece-su-internacionalizacion-tras-mision-academica-en-la-universidad-de-la-frontera-chile\\\/#primaryimage\"},\"image\":{\"@id\":\"https:\\\/\\\/www.ucaldas.edu.co\\\/portal\\\/facultad-de-inteligencia-artificial-e-ingenierias-fortalece-su-internacionalizacion-tras-mision-academica-en-la-universidad-de-la-frontera-chile\\\/#primaryimage\"},\"thumbnailUrl\":\"https:\\\/\\\/www.ucaldas.edu.co\\\/portal\\\/wp-content\\\/uploads\\\/2026\\\/09\\\/WhatsApp-Image-2026-08-30-at-2.25.25-PM-e1788448489537.jpeg\",\"datePublished\":\"2026-09-03T15:16:19+00:00\",\"breadcrumb\":{\"@id\":\"https:\\\/\\\/www.ucaldas.edu.co\\\/portal\\\/facultad-de-inteligencia-artificial-e-ingenierias-fortalece-su-internacionalizacion-tras-mision-academica-en-la-universidad-de-la-frontera-chile\\\/#breadcrumb\"},\"inLanguage\":\"es\",\"potentialAction\":[{\"@type\":\"ReadAction\",\"target\":[\"https:\\\/\\\/www.ucaldas.edu.co\\\/portal\\\/facultad-de-inteligencia-artificial-e-ingenierias-fortalece-su-internacionalizacion-tras-mision-academica-en-la-universidad-de-la-frontera-chile\\\/\"]}]},{\"@type\":\"ImageObject\",\"inLanguage\":\"es\",\"@id\":\"https:\\\/\\\/www.ucaldas.edu.co\\\/portal\\\/facultad-de-inteligencia-artificial-e-ingenierias-fortalece-su-internacionalizacion-tras-mision-academica-en-la-universidad-de-la-frontera-chile\\\/#primaryimage\",\"url\":\"https:\\\/\\\/www.ucaldas.edu.co\\\/portal\\\/wp-content\\\/uploads\\\/2026\\\/09\\\/WhatsApp-Image-2026-08-30-at-2.25.25-PM-e1788448489537.jpeg\",\"contentUrl\":\"https:\\\/\\\/www.ucaldas.edu.co\\\/portal\\\/wp-content\\\/uploads\\\/2026\\\/09\\\/WhatsApp-Image-2026-08-30-at-2.25.25-PM-e1788448489537.jpeg\",\"width\":900,\"height\":601,\"caption\":\"Facultad IA Chile\"},{\"@type\":\"BreadcrumbList\",\"@id\":\"https:\\\/\\\/www.ucaldas.edu.co\\\/portal\\\/facultad-de-inteligencia-artificial-e-ingenierias-fortalece-su-internacionalizacion-tras-mision-academica-en-la-universidad-de-la-frontera-chile\\\/#breadcrumb\",\"itemListElement\":[{\"@type\":\"ListItem\",\"position\":1,\"name\":\"Portada\",\"item\":\"https:\\\/\\\/www.ucaldas.edu.co\\\/portal\\\/\"},{\"@type\":\"ListItem\",\"position\":2,\"name\":\"Facultad de Inteligencia Artificial e Ingenier\u00edas fortalece su internacionalizaci\u00f3n tras misi\u00f3n acad\u00e9mica en la Universidad de La Frontera (Chile)\"}]},{\"@type\":\"WebSite\",\"@id\":\"https:\\\/\\\/www.ucaldas.edu.co\\\/portal\\\/#website\",\"url\":\"https:\\\/\\\/www.ucaldas.edu.co\\\/portal\\\/\",\"name\":\"Universidad de Caldas\",\"description\":\"\",\"publisher\":{\"@id\":\"https:\\\/\\\/www.ucaldas.edu.co\\\/portal\\\/#organization\"},\"alternateName\":\"U. de Caldas\",\"potentialAction\":[{\"@type\":\"SearchAction\",\"target\":{\"@type\":\"EntryPoint\",\"urlTemplate\":\"https:\\\/\\\/www.ucaldas.edu.co\\\/portal\\\/?s={search_term_string}\"},\"query-input\":{\"@type\":\"PropertyValueSpecification\",\"valueRequired\":true,\"valueName\":\"search_term_string\"}}],\"inLanguage\":\"es\"},{\"@type\":\"Organization\",\"@id\":\"https:\\\/\\\/www.ucaldas.edu.co\\\/portal\\\/#organization\",\"name\":\"Universidad de Caldas\",\"alternateName\":\"U. de Caldas\",\"url\":\"https:\\\/\\\/www.ucaldas.edu.co\\\/portal\\\/\",\"logo\":{\"@type\":\"ImageObject\",\"inLanguage\":\"es\",\"@id\":\"https:\\\/\\\/www.ucaldas.edu.co\\\/portal\\\/#\\\/schema\\\/logo\\\/image\\\/\",\"url\":\"https:\\\/\\\/www.ucaldas.edu.co\\\/portal\\\/wp-content\\\/uploads\\\/2023\\\/11\\\/Logo_horizontal_oscuroU-2023.png\",\"contentUrl\":\"https:\\\/\\\/www.ucaldas.edu.co\\\/portal\\\/wp-content\\\/uploads\\\/2023\\\/11\\\/Logo_horizontal_oscuroU-2023.png\",\"width\":263,\"height\":101,\"caption\":\"Universidad de Caldas\"},\"image\":{\"@id\":\"https:\\\/\\\/www.ucaldas.edu.co\\\/portal\\\/#\\\/schema\\\/logo\\\/image\\\/\"},\"sameAs\":[\"https:\\\/\\\/www.facebook.com\\\/udecaldas\",\"https:\\\/\\\/x.com\\\/udecaldas\",\"https:\\\/\\\/www.youtube.com\\\/universidadcaldas\",\"https:\\\/\\\/www.instagram.com\\\/udecaldas\\\/\"]},{\"@type\":\"Person\",\"@id\":\"https:\\\/\\\/www.ucaldas.edu.co\\\/portal\\\/#\\\/schema\\\/person\\\/a1b482e23449158b4bc319926c074fdf\",\"name\":\"ofiprensa\",\"image\":{\"@type\":\"ImageObject\",\"inLanguage\":\"es\",\"@id\":\"https:\\\/\\\/www.ucaldas.edu.co\\\/portal\\\/wp-content\\\/litespeed\\\/avatar\\\/09ea5085e600095a7a811142c6944527.jpg?ver=1788384175\",\"url\":\"https:\\\/\\\/www.ucaldas.edu.co\\\/portal\\\/wp-content\\\/litespeed\\\/avatar\\\/09ea5085e600095a7a811142c6944527.jpg?ver=1788384175\",\"contentUrl\":\"https:\\\/\\\/www.ucaldas.edu.co\\\/portal\\\/wp-content\\\/litespeed\\\/avatar\\\/09ea5085e600095a7a811142c6944527.jpg?ver=1788384175\",\"caption\":\"ofiprensa\"},\"url\":\"https:\\\/\\\/www.ucaldas.edu.co\\\/portal\\\/author\\\/ofiprensa\\\/\"}]}<\/script>\n<!-- \/ Yoast SEO plugin. -->","yoast_head_json":{"title":"Facultad de Inteligencia Artificial e Ingenier\u00edas fortalece su internacionalizaci\u00f3n tras misi\u00f3n acad\u00e9mica en la Universidad de La Frontera (Chile) .","robots":{"index":"index","follow":"follow","max-snippet":"max-snippet:-1","max-image-preview":"max-image-preview:large","max-video-preview":"max-video-preview:-1"},"canonical":"https:\/\/www.ucaldas.edu.co\/portal\/facultad-de-inteligencia-artificial-e-ingenierias-fortalece-su-internacionalizacion-tras-mision-academica-en-la-universidad-de-la-frontera-chile\/","schema":{"@context":"https:\/\/schema.org","@graph":[{"@type":"Article","@id":"https:\/\/www.ucaldas.edu.co\/portal\/facultad-de-inteligencia-artificial-e-ingenierias-fortalece-su-internacionalizacion-tras-mision-academica-en-la-universidad-de-la-frontera-chile\/#article","isPartOf":{"@id":"https:\/\/www.ucaldas.edu.co\/portal\/facultad-de-inteligencia-artificial-e-ingenierias-fortalece-su-internacionalizacion-tras-mision-academica-en-la-universidad-de-la-frontera-chile\/"},"author":{"name":"ofiprensa","@id":"https:\/\/www.ucaldas.edu.co\/portal\/#\/schema\/person\/a1b482e23449158b4bc319926c074fdf"},"headline":"Facultad de Inteligencia Artificial e Ingenier\u00edas fortalece su internacionalizaci\u00f3n tras misi\u00f3n acad\u00e9mica en la Universidad de La Frontera (Chile)","datePublished":"2026-09-03T15:16:19+00:00","mainEntityOfPage":{"@id":"https:\/\/www.ucaldas.edu.co\/portal\/facultad-de-inteligencia-artificial-e-ingenierias-fortalece-su-internacionalizacion-tras-mision-academica-en-la-universidad-de-la-frontera-chile\/"},"wordCount":617,"publisher":{"@id":"https:\/\/www.ucaldas.edu.co\/portal\/#organization"},"image":{"@id":"https:\/\/www.ucaldas.edu.co\/portal\/facultad-de-inteligencia-artificial-e-ingenierias-fortalece-su-internacionalizacion-tras-mision-academica-en-la-universidad-de-la-frontera-chile\/#primaryimage"},"thumbnailUrl":"https:\/\/www.ucaldas.edu.co\/portal\/wp-content\/uploads\/2026\/09\/WhatsApp-Image-2026-08-30-at-2.25.25-PM-e1788448489537.jpeg","keywords":["universidad de la frontera de chile","facultad IA"],"articleSection":["Actualidad","Universidad al D\u00eda","FacultadIA"],"inLanguage":"es"},{"@type":"WebPage","@id":"https:\/\/www.ucaldas.edu.co\/portal\/facultad-de-inteligencia-artificial-e-ingenierias-fortalece-su-internacionalizacion-tras-mision-academica-en-la-universidad-de-la-frontera-chile\/","url":"https:\/\/www.ucaldas.edu.co\/portal\/facultad-de-inteligencia-artificial-e-ingenierias-fortalece-su-internacionalizacion-tras-mision-academica-en-la-universidad-de-la-frontera-chile\/","name":"Facultad de Inteligencia Artificial e Ingenier\u00edas fortalece su internacionalizaci\u00f3n tras misi\u00f3n acad\u00e9mica en la Universidad de La Frontera (Chile) .","isPartOf":{"@id":"https:\/\/www.ucaldas.edu.co\/portal\/#website"},"primaryImageOfPage":{"@id":"https:\/\/www.ucaldas.edu.co\/portal\/facultad-de-inteligencia-artificial-e-ingenierias-fortalece-su-internacionalizacion-tras-mision-academica-en-la-universidad-de-la-frontera-chile\/#primaryimage"},"image":{"@id":"https:\/\/www.ucaldas.edu.co\/portal\/facultad-de-inteligencia-artificial-e-ingenierias-fortalece-su-internacionalizacion-tras-mision-academica-en-la-universidad-de-la-frontera-chile\/#primaryimage"},"thumbnailUrl":"https:\/\/www.ucaldas.edu.co\/portal\/wp-content\/uploads\/2026\/09\/WhatsApp-Image-2026-08-30-at-2.25.25-PM-e1788448489537.jpeg","datePublished":"2026-09-03T15:16:19+00:00","breadcrumb":{"@id":"https:\/\/www.ucaldas.edu.co\/portal\/facultad-de-inteligencia-artificial-e-ingenierias-fortalece-su-internacionalizacion-tras-mision-academica-en-la-universidad-de-la-frontera-chile\/#breadcrumb"},"inLanguage":"es","potentialAction":[{"@type":"ReadAction","target":["https:\/\/www.ucaldas.edu.co\/portal\/facultad-de-inteligencia-artificial-e-ingenierias-fortalece-su-internacionalizacion-tras-mision-academica-en-la-universidad-de-la-frontera-chile\/"]}]},{"@type":"ImageObject","inLanguage":"es","@id":"https:\/\/www.ucaldas.edu.co\/portal\/facultad-de-inteligencia-artificial-e-ingenierias-fortalece-su-internacionalizacion-tras-mision-academica-en-la-universidad-de-la-frontera-chile\/#primaryimage","url":"https:\/\/www.ucaldas.edu.co\/portal\/wp-content\/uploads\/2026\/09\/WhatsApp-Image-2026-08-30-at-2.25.25-PM-e1788448489537.jpeg","contentUrl":"https:\/\/www.ucaldas.edu.co\/portal\/wp-content\/uploads\/2026\/09\/WhatsApp-Image-2026-08-30-at-2.25.25-PM-e1788448489537.jpeg","width":900,"height":601,"caption":"Facultad IA Chile"},{"@type":"BreadcrumbList","@id":"https:\/\/www.ucaldas.edu.co\/portal\/facultad-de-inteligencia-artificial-e-ingenierias-fortalece-su-internacionalizacion-tras-mision-academica-en-la-universidad-de-la-frontera-chile\/#breadcrumb","itemListElement":[{"@type":"ListItem","position":1,"name":"Portada","item":"https:\/\/www.ucaldas.edu.co\/portal\/"},{"@type":"ListItem","position":2,"name":"Facultad de Inteligencia Artificial e Ingenier\u00edas fortalece su internacionalizaci\u00f3n tras misi\u00f3n acad\u00e9mica en la Universidad de La Frontera (Chile)"}]},{"@type":"WebSite","@id":"https:\/\/www.ucaldas.edu.co\/portal\/#website","url":"https:\/\/www.ucaldas.edu.co\/portal\/","name":"Universidad de Caldas","description":"","publisher":{"@id":"https:\/\/www.ucaldas.edu.co\/portal\/#organization"},"alternateName":"U. de Caldas","potentialAction":[{"@type":"SearchAction","target":{"@type":"EntryPoint","urlTemplate":"https:\/\/www.ucaldas.edu.co\/portal\/?s={search_term_string}"},"query-input":{"@type":"PropertyValueSpecification","valueRequired":true,"valueName":"search_term_string"}}],"inLanguage":"es"},{"@type":"Organization","@id":"https:\/\/www.ucaldas.edu.co\/portal\/#organization","name":"Universidad de Caldas","alternateName":"U. de Caldas","url":"https:\/\/www.ucaldas.edu.co\/portal\/","logo":{"@type":"ImageObject","inLanguage":"es","@id":"https:\/\/www.ucaldas.edu.co\/portal\/#\/schema\/logo\/image\/","url":"https:\/\/www.ucaldas.edu.co\/portal\/wp-content\/uploads\/2023\/11\/Logo_horizontal_oscuroU-2023.png","contentUrl":"https:\/\/www.ucaldas.edu.co\/portal\/wp-content\/uploads\/2023\/11\/Logo_horizontal_oscuroU-2023.png","width":263,"height":101,"caption":"Universidad de Caldas"},"image":{"@id":"https:\/\/www.ucaldas.edu.co\/portal\/#\/schema\/logo\/image\/"},"sameAs":["https:\/\/www.facebook.com\/udecaldas","https:\/\/x.com\/udecaldas","https:\/\/www.youtube.com\/universidadcaldas","https:\/\/www.instagram.com\/udecaldas\/"]},{"@type":"Person","@id":"https:\/\/www.ucaldas.edu.co\/portal\/#\/schema\/person\/a1b482e23449158b4bc319926c074fdf","name":"ofiprensa","image":{"@type":"ImageObject","inLanguage":"es","@id":"https:\/\/www.ucaldas.edu.co\/portal\/wp-content\/litespeed\/avatar\/09ea5085e600095a7a811142c6944527.jpg?ver=1788384175","url":"https:\/\/www.ucaldas.edu.co\/portal\/wp-content\/litespeed\/avatar\/09ea5085e600095a7a811142c6944527.jpg?ver=1788384175","contentUrl":"https:\/\/www.ucaldas.edu.co\/portal\/wp-content\/litespeed\/avatar\/09ea5085e600095a7a811142c6944527.jpg?ver=1788384175","caption":"ofiprensa"},"url":"https:\/\/www.ucaldas.edu.co\/portal\/author\/ofiprensa\/"}]}},"_links":{"self":[{"href":"https:\/\/www.ucaldas.edu.co\/portal\/wp-json\/wp\/v2\/posts\/105985","targetHints":{"allow":["GET"]}}],"collection":[{"href":"https:\/\/www.ucaldas.edu.co\/portal\/wp-json\/wp\/v2\/posts"}],"about":[{"href":"https:\/\/www.ucaldas.edu.co\/portal\/wp-json\/wp\/v2\/types\/post"}],"author":[{"embeddable":true,"href":"https:\/\/www.ucaldas.edu.co\/portal\/wp-json\/wp\/v2\/users\/2"}],"replies":[{"embeddable":true,"href":"https:\/\/www.ucaldas.edu.co\/portal\/wp-json\/wp\/v2\/comments?post=105985"}],"version-history":[{"count":1,"href":"https:\/\/www.ucaldas.edu.co\/portal\/wp-json\/wp\/v2\/posts\/105985\/revisions"}],"predecessor-version":[{"id":105989,"href":"https:\/\/www.ucaldas.edu.co\/portal\/wp-json\/wp\/v2\/posts\/105985\/revisions\/105989"}],"wp:featuredmedia":[{"embeddable":true,"href":"https:\/\/www.ucaldas.edu.co\/portal\/wp-json\/wp\/v2\/media\/105988"}],"wp:attachment":[{"href":"https:\/\/www.ucaldas.edu.co\/portal\/wp-json\/wp\/v2\/media?parent=105985"}],"wp:term":[{"taxonomy":"category","embeddable":true,"href":"https:\/\/www.ucaldas.edu.co\/portal\/wp-json\/wp\/v2\/categories?post=105985"},{"taxonomy":"post_tag","embeddable":true,"href":"https:\/\/www.ucaldas.edu.co\/portal\/wp-json\/wp\/v2\/tags?post=105985"}],"curies":[{"name":"wp","href":"https:\/\/api.w.org\/{rel}","templated":true}]}}