{"id":105976,"date":"2026-09-03T09:54:40","date_gmt":"2026-09-03T14:54:40","guid":{"rendered":"https:\/\/www.ucaldas.edu.co\/portal\/?p=105976"},"modified":"2026-09-03T09:55:54","modified_gmt":"2026-09-03T14:55:54","slug":"estudiantes-de-artes-escenicas-de-la-universidad-de-caldas-llevaran-su-talento-teatral-a-alemania","status":"publish","type":"post","link":"https:\/\/www.ucaldas.edu.co\/portal\/estudiantes-de-artes-escenicas-de-la-universidad-de-caldas-llevaran-su-talento-teatral-a-alemania\/","title":{"rendered":"Estudiantes de Artes Esc\u00e9nicas de la Universidad de Caldas llevar\u00e1n su talento teatral a Alemania"},"content":{"rendered":"<div class=\"wpb-content-wrapper\"><p>[vc_row][vc_column][vc_video link=\u00bbhttps:\/\/www.youtube.com\/watch?v=4N0dktjVKD0&#8243; css=\u00bb\u00bb][vc_column_text]<\/p>\n<p class=\"pdq2pgselectionanchorcontainer\" style=\"text-align: justify;\"><em>Seis estudiantes y un docente representar\u00e1n a la Universidad de Caldas en escenarios de Frankfurt y Saarbr\u00fccken, donde presentar\u00e1n la obra Cris\u00e1lida y participar\u00e1n en actividades de intercambio acad\u00e9mico y cultural.<\/em><br \/>\n<!--more--><\/p>\n<p class=\"pdq2pgselectionanchorcontainer\" style=\"text-align: justify;\">La Universidad de Caldas fortalece su apuesta por la internacionalizaci\u00f3n con la participaci\u00f3n de seis estudiantes de la Licenciatura en Artes Esc\u00e9nicas y el docente Juli\u00e1n Gregorio Gaviria en una misi\u00f3n acad\u00e9mica y art\u00edstica en Alemania.<\/p>\n<h5 class=\"pdq2pgselectionanchorcontainer\" style=\"text-align: justify;\"><span style=\"color: #003366;\">Una experiencia que ampl\u00eda la formaci\u00f3n<\/span><\/h5>\n<p class=\"pdq2pgselectionanchorcontainer\" style=\"text-align: justify;\">La invitaci\u00f3n se da en el \u00e1mbito del Festival Europeo de Teatro Hispanohablante B\u00falul\u00fa, que celebra su sexta edici\u00f3n entre el 18 y el 20 de septiembre de 2026 en Frankfurt. El encuentro busca promover el teatro amateur en espa\u00f1ol y generar redes entre agrupaciones teatrales de distintos pa\u00edses europeos.<\/p>\n<p class=\"pdq2pgselectionanchorcontainer\" style=\"text-align: justify;\">Para el docente Juli\u00e1n Gregorio Gaviria, esta experiencia permitir\u00e1 que los estudiantes conozcan otras formas de creaci\u00f3n y formaci\u00f3n art\u00edstica: \u201cviajar como artista o como estudiante artista a otro pa\u00eds les va a permitir a los estudiantes abrir su mente no solo para el proceso creativo sino para crear seguramente algunas obras maravillosas, hacer propuestas creativas bien interesantes y seguramente a compartir con sus compa\u00f1eros. \u201d.<\/p>\n<p class=\"pdq2pgselectionanchorcontainer\" style=\"text-align: justify;\">La misi\u00f3n tambi\u00e9n contempla una presentaci\u00f3n ante estudiantes de un colegio en Saarbr\u00fccken, lo que permitir\u00e1 a la delegaci\u00f3n encontrarse con p\u00fablicos de diferentes edades.<\/p>\n<h5 class=\"pdq2pgselectionanchorcontainer\" style=\"text-align: justify;\"><span style=\"color: #003366;\">Representar a la Universidad de Caldas en el mundo<\/span><\/h5>\n<p class=\"pdq2pgselectionanchorcontainer\" style=\"text-align: justify;\">La jefe de la Oficina de Internacionalizaci\u00f3n, Margarita Mar\u00eda L\u00f3pez Pinz\u00f3n, destac\u00f3 que esta movilidad representa una oportunidad para que los estudiantes \u201cse globalicen, salgan al mundo\u201d y fortalezcan su formaci\u00f3n profesional a trav\u00e9s del intercambio cultural.<br \/>\nPor su parte, el estudiante Bastian Henao Loaiza se\u00f1al\u00f3 que espera aprovechar esta experiencia para enriquecer su formaci\u00f3n como artista y licenciado y llevar nuevos aprendizajes a la Universidad de Caldas.<\/p>\n<p class=\"pdq2pgselectionanchorcontainer\" style=\"text-align: justify;\">El vicerrector de Proyecci\u00f3n Universitaria, Dar\u00edo Arenas Villegas, resalt\u00f3 el esfuerzo conjunto de estudiantes, docentes, familias y de la instituci\u00f3n para hacer posible esta misi\u00f3n acad\u00e9mico-cultural.<\/p>\n<p class=\"pdq2pgselectionanchorcontainer\" style=\"text-align: justify;\">La delegaci\u00f3n estar\u00e1 aproximadamente 10 d\u00edas en Alemania, llevando el talento de la Universidad de Caldas a nuevos escenarios y fortaleciendo los v\u00ednculos acad\u00e9micos y culturales de la instituci\u00f3n con Europa.<\/p>\n<h5 class=\"pdq2pgselectionanchorcontainer\" style=\"text-align: justify;\"><span style=\"color: #003366;\"><b><span style=\"font-family: 'Arial',sans-serif;\">Anexos:<\/span><\/b><\/span><\/h5>\n<p class=\"pdq2pgselectionanchorcontainer\" style=\"text-align: justify;\"><a href=\"https:\/\/www.ucaldas.edu.co\/portal\/wp-content\/uploads\/2026\/09\/Vicerrector-Alemania.mp3\"><b><span style=\"font-family: 'Arial',sans-serif;\">-Audio Vicerrector de Proyecci\u00f3n Universitaria, Dar\u00edo Arenas Villegas<\/span><\/b><\/a><b><\/b><\/p>\n<audio class=\"wp-audio-shortcode\" id=\"audio-105976-1\" preload=\"none\" style=\"width: 100%;\" controls=\"controls\"><source type=\"audio\/mpeg\" src=\"https:\/\/www.ucaldas.edu.co\/portal\/wp-content\/uploads\/2026\/09\/Vicerrector-Alemania.mp3?_=1\" \/><a href=\"https:\/\/www.ucaldas.edu.co\/portal\/wp-content\/uploads\/2026\/09\/Vicerrector-Alemania.mp3\">https:\/\/www.ucaldas.edu.co\/portal\/wp-content\/uploads\/2026\/09\/Vicerrector-Alemania.mp3<\/a><\/audio>\n<p class=\"pdq2pgselectionanchorcontainer\" style=\"text-align: justify;\"><a href=\"https:\/\/www.ucaldas.edu.co\/portal\/wp-content\/uploads\/2026\/09\/Margarita-Inter.-Alemania.mp3\"><b><span style=\"font-family: 'Arial',sans-serif;\">-Audio Jefe Oficina de Internacionalizaci\u00f3n, Margarita Mar\u00eda L\u00f3pez Pinz\u00f3n<\/span><\/b><\/a><b><\/b><\/p>\n<audio class=\"wp-audio-shortcode\" id=\"audio-105976-2\" preload=\"none\" style=\"width: 100%;\" controls=\"controls\"><source type=\"audio\/mpeg\" src=\"https:\/\/www.ucaldas.edu.co\/portal\/wp-content\/uploads\/2026\/09\/Margarita-Inter.-Alemania.mp3?_=2\" \/><a href=\"https:\/\/www.ucaldas.edu.co\/portal\/wp-content\/uploads\/2026\/09\/Margarita-Inter.-Alemania.mp3\">https:\/\/www.ucaldas.edu.co\/portal\/wp-content\/uploads\/2026\/09\/Margarita-Inter.-Alemania.mp3<\/a><\/audio>\n<p class=\"pdq2pgselectionanchorcontainer\" style=\"text-align: justify;\"><a href=\"https:\/\/www.ucaldas.edu.co\/portal\/wp-content\/uploads\/2026\/09\/Docente-Fac.-Artes-y-Humanidades-Julia\u0301n-Gregorio-Gaviria.mp3\"><b><span style=\"font-family: 'Arial',sans-serif;\">-Audio Docente Fac. Artes y Humanidades, Juli\u00e1n Gregorio Gaviria<\/span><\/b><\/a><b><\/b><\/p>\n<audio class=\"wp-audio-shortcode\" id=\"audio-105976-3\" preload=\"none\" style=\"width: 100%;\" controls=\"controls\"><source type=\"audio\/mpeg\" src=\"https:\/\/www.ucaldas.edu.co\/portal\/wp-content\/uploads\/2026\/09\/Docente-Fac.-Artes-y-Humanidades-Julia\u0301n-Gregorio-Gaviria.mp3?_=3\" \/><a href=\"https:\/\/www.ucaldas.edu.co\/portal\/wp-content\/uploads\/2026\/09\/Docente-Fac.-Artes-y-Humanidades-Julia\u0301n-Gregorio-Gaviria.mp3\">https:\/\/www.ucaldas.edu.co\/portal\/wp-content\/uploads\/2026\/09\/Docente-Fac.-Artes-y-Humanidades-Julia\u0301n-Gregorio-Gaviria.mp3<\/a><\/audio>\n<p class=\"pdq2pgselectionanchorcontainer\" style=\"text-align: justify;\"><a href=\"https:\/\/www.ucaldas.edu.co\/portal\/wp-content\/uploads\/2026\/09\/Bastian-Henao-Loaiza-Estudiante-Lic.-Artes-Esce\u0301nicas.mp3\"><b><span style=\"font-family: 'Arial',sans-serif;\">-Audio Estudiante Lic. Artes Esc\u00e9nicas, Bastian Henao Loaiza<\/span><\/b><\/a><\/p>\n<audio class=\"wp-audio-shortcode\" id=\"audio-105976-4\" preload=\"none\" style=\"width: 100%;\" controls=\"controls\"><source type=\"audio\/mpeg\" src=\"https:\/\/www.ucaldas.edu.co\/portal\/wp-content\/uploads\/2026\/09\/Bastian-Henao-Loaiza-Estudiante-Lic.-Artes-Esce\u0301nicas.mp3?_=4\" \/><a href=\"https:\/\/www.ucaldas.edu.co\/portal\/wp-content\/uploads\/2026\/09\/Bastian-Henao-Loaiza-Estudiante-Lic.-Artes-Esce\u0301nicas.mp3\">https:\/\/www.ucaldas.edu.co\/portal\/wp-content\/uploads\/2026\/09\/Bastian-Henao-Loaiza-Estudiante-Lic.-Artes-Esce\u0301nicas.mp3<\/a><\/audio>\n<p>[\/vc_column_text][\/vc_column][\/vc_row]<\/p>\n<\/div>","protected":false},"excerpt":{"rendered":"<p>[vc_row][vc_column][vc_video link=\u00bbhttps:\/\/www.youtube.com\/watch?v=4N0dktjVKD0&#8243; css=\u00bb\u00bb][vc_column_text] Seis estudiantes y un docente representar\u00e1n a la Universidad de Caldas en escenarios de Frankfurt y Saarbr\u00fccken, donde presentar\u00e1n la obra Cris\u00e1lida y participar\u00e1n en actividades de intercambio acad\u00e9mico y cultural.<\/p>\n","protected":false},"author":2,"featured_media":105982,"comment_status":"closed","ping_status":"open","sticky":false,"template":"","format":"standard","meta":{"footnotes":"","_members_access_role":[],"_members_access_error":""},"categories":[53,614,48],"tags":[1788,1018],"class_list":["post-105976","post","type-post","status-publish","format-standard","has-post-thumbnail","hentry","category-universidad-al-dia","category-ucaldas-internacional","category-actualidad","tag-movilidad-estudiantil","tag-alemania"],"yoast_head":"<!-- This site is optimized with the Yoast SEO plugin v28.4 - https:\/\/yoast.com\/product\/yoast-seo-wordpress\/ -->\n<title>Estudiantes de Artes Esc\u00e9nicas de la Universidad de Caldas llevar\u00e1n su talento teatral a Alemania .<\/title>\n<meta name=\"robots\" content=\"index, follow, max-snippet:-1, max-image-preview:large, max-video-preview:-1\" \/>\n<link rel=\"canonical\" href=\"https:\/\/www.ucaldas.edu.co\/portal\/estudiantes-de-artes-escenicas-de-la-universidad-de-caldas-llevaran-su-talento-teatral-a-alemania\/\" \/>\n<script type=\"application\/ld+json\" class=\"yoast-schema-graph\">{\"@context\":\"https:\\\/\\\/schema.org\",\"@graph\":[{\"@type\":\"Article\",\"@id\":\"https:\\\/\\\/www.ucaldas.edu.co\\\/portal\\\/estudiantes-de-artes-escenicas-de-la-universidad-de-caldas-llevaran-su-talento-teatral-a-alemania\\\/#article\",\"isPartOf\":{\"@id\":\"https:\\\/\\\/www.ucaldas.edu.co\\\/portal\\\/estudiantes-de-artes-escenicas-de-la-universidad-de-caldas-llevaran-su-talento-teatral-a-alemania\\\/\"},\"author\":{\"name\":\"ofiprensa\",\"@id\":\"https:\\\/\\\/www.ucaldas.edu.co\\\/portal\\\/#\\\/schema\\\/person\\\/a1b482e23449158b4bc319926c074fdf\"},\"headline\":\"Estudiantes de Artes Esc\u00e9nicas de la Universidad de Caldas llevar\u00e1n su talento teatral a Alemania\",\"datePublished\":\"2026-09-03T14:54:40+00:00\",\"dateModified\":\"2026-09-03T14:55:54+00:00\",\"mainEntityOfPage\":{\"@id\":\"https:\\\/\\\/www.ucaldas.edu.co\\\/portal\\\/estudiantes-de-artes-escenicas-de-la-universidad-de-caldas-llevaran-su-talento-teatral-a-alemania\\\/\"},\"wordCount\":536,\"publisher\":{\"@id\":\"https:\\\/\\\/www.ucaldas.edu.co\\\/portal\\\/#organization\"},\"image\":{\"@id\":\"https:\\\/\\\/www.ucaldas.edu.co\\\/portal\\\/estudiantes-de-artes-escenicas-de-la-universidad-de-caldas-llevaran-su-talento-teatral-a-alemania\\\/#primaryimage\"},\"thumbnailUrl\":\"https:\\\/\\\/www.ucaldas.edu.co\\\/portal\\\/wp-content\\\/uploads\\\/2026\\\/09\\\/WhatsApp-Image-2026-09-03-at-09.41.20-e1788447056317.jpeg\",\"keywords\":[\"movilidad estudiantil\",\"Alemania\"],\"articleSection\":[\"Universidad al D\u00eda\",\"Ucaldas Internacional\",\"Actualidad\"],\"inLanguage\":\"es\"},{\"@type\":\"WebPage\",\"@id\":\"https:\\\/\\\/www.ucaldas.edu.co\\\/portal\\\/estudiantes-de-artes-escenicas-de-la-universidad-de-caldas-llevaran-su-talento-teatral-a-alemania\\\/\",\"url\":\"https:\\\/\\\/www.ucaldas.edu.co\\\/portal\\\/estudiantes-de-artes-escenicas-de-la-universidad-de-caldas-llevaran-su-talento-teatral-a-alemania\\\/\",\"name\":\"Estudiantes de Artes Esc\u00e9nicas de la Universidad de Caldas llevar\u00e1n su talento teatral a Alemania .\",\"isPartOf\":{\"@id\":\"https:\\\/\\\/www.ucaldas.edu.co\\\/portal\\\/#website\"},\"primaryImageOfPage\":{\"@id\":\"https:\\\/\\\/www.ucaldas.edu.co\\\/portal\\\/estudiantes-de-artes-escenicas-de-la-universidad-de-caldas-llevaran-su-talento-teatral-a-alemania\\\/#primaryimage\"},\"image\":{\"@id\":\"https:\\\/\\\/www.ucaldas.edu.co\\\/portal\\\/estudiantes-de-artes-escenicas-de-la-universidad-de-caldas-llevaran-su-talento-teatral-a-alemania\\\/#primaryimage\"},\"thumbnailUrl\":\"https:\\\/\\\/www.ucaldas.edu.co\\\/portal\\\/wp-content\\\/uploads\\\/2026\\\/09\\\/WhatsApp-Image-2026-09-03-at-09.41.20-e1788447056317.jpeg\",\"datePublished\":\"2026-09-03T14:54:40+00:00\",\"dateModified\":\"2026-09-03T14:55:54+00:00\",\"breadcrumb\":{\"@id\":\"https:\\\/\\\/www.ucaldas.edu.co\\\/portal\\\/estudiantes-de-artes-escenicas-de-la-universidad-de-caldas-llevaran-su-talento-teatral-a-alemania\\\/#breadcrumb\"},\"inLanguage\":\"es\",\"potentialAction\":[{\"@type\":\"ReadAction\",\"target\":[\"https:\\\/\\\/www.ucaldas.edu.co\\\/portal\\\/estudiantes-de-artes-escenicas-de-la-universidad-de-caldas-llevaran-su-talento-teatral-a-alemania\\\/\"]}]},{\"@type\":\"ImageObject\",\"inLanguage\":\"es\",\"@id\":\"https:\\\/\\\/www.ucaldas.edu.co\\\/portal\\\/estudiantes-de-artes-escenicas-de-la-universidad-de-caldas-llevaran-su-talento-teatral-a-alemania\\\/#primaryimage\",\"url\":\"https:\\\/\\\/www.ucaldas.edu.co\\\/portal\\\/wp-content\\\/uploads\\\/2026\\\/09\\\/WhatsApp-Image-2026-09-03-at-09.41.20-e1788447056317.jpeg\",\"contentUrl\":\"https:\\\/\\\/www.ucaldas.edu.co\\\/portal\\\/wp-content\\\/uploads\\\/2026\\\/09\\\/WhatsApp-Image-2026-09-03-at-09.41.20-e1788447056317.jpeg\",\"width\":900,\"height\":675},{\"@type\":\"BreadcrumbList\",\"@id\":\"https:\\\/\\\/www.ucaldas.edu.co\\\/portal\\\/estudiantes-de-artes-escenicas-de-la-universidad-de-caldas-llevaran-su-talento-teatral-a-alemania\\\/#breadcrumb\",\"itemListElement\":[{\"@type\":\"ListItem\",\"position\":1,\"name\":\"Portada\",\"item\":\"https:\\\/\\\/www.ucaldas.edu.co\\\/portal\\\/\"},{\"@type\":\"ListItem\",\"position\":2,\"name\":\"Estudiantes de Artes Esc\u00e9nicas de la Universidad de Caldas llevar\u00e1n su talento teatral a Alemania\"}]},{\"@type\":\"WebSite\",\"@id\":\"https:\\\/\\\/www.ucaldas.edu.co\\\/portal\\\/#website\",\"url\":\"https:\\\/\\\/www.ucaldas.edu.co\\\/portal\\\/\",\"name\":\"Universidad de Caldas\",\"description\":\"\",\"publisher\":{\"@id\":\"https:\\\/\\\/www.ucaldas.edu.co\\\/portal\\\/#organization\"},\"alternateName\":\"U. de Caldas\",\"potentialAction\":[{\"@type\":\"SearchAction\",\"target\":{\"@type\":\"EntryPoint\",\"urlTemplate\":\"https:\\\/\\\/www.ucaldas.edu.co\\\/portal\\\/?s={search_term_string}\"},\"query-input\":{\"@type\":\"PropertyValueSpecification\",\"valueRequired\":true,\"valueName\":\"search_term_string\"}}],\"inLanguage\":\"es\"},{\"@type\":\"Organization\",\"@id\":\"https:\\\/\\\/www.ucaldas.edu.co\\\/portal\\\/#organization\",\"name\":\"Universidad de Caldas\",\"alternateName\":\"U. de Caldas\",\"url\":\"https:\\\/\\\/www.ucaldas.edu.co\\\/portal\\\/\",\"logo\":{\"@type\":\"ImageObject\",\"inLanguage\":\"es\",\"@id\":\"https:\\\/\\\/www.ucaldas.edu.co\\\/portal\\\/#\\\/schema\\\/logo\\\/image\\\/\",\"url\":\"https:\\\/\\\/www.ucaldas.edu.co\\\/portal\\\/wp-content\\\/uploads\\\/2023\\\/11\\\/Logo_horizontal_oscuroU-2023.png\",\"contentUrl\":\"https:\\\/\\\/www.ucaldas.edu.co\\\/portal\\\/wp-content\\\/uploads\\\/2023\\\/11\\\/Logo_horizontal_oscuroU-2023.png\",\"width\":263,\"height\":101,\"caption\":\"Universidad de Caldas\"},\"image\":{\"@id\":\"https:\\\/\\\/www.ucaldas.edu.co\\\/portal\\\/#\\\/schema\\\/logo\\\/image\\\/\"},\"sameAs\":[\"https:\\\/\\\/www.facebook.com\\\/udecaldas\",\"https:\\\/\\\/x.com\\\/udecaldas\",\"https:\\\/\\\/www.youtube.com\\\/universidadcaldas\",\"https:\\\/\\\/www.instagram.com\\\/udecaldas\\\/\"]},{\"@type\":\"Person\",\"@id\":\"https:\\\/\\\/www.ucaldas.edu.co\\\/portal\\\/#\\\/schema\\\/person\\\/a1b482e23449158b4bc319926c074fdf\",\"name\":\"ofiprensa\",\"image\":{\"@type\":\"ImageObject\",\"inLanguage\":\"es\",\"@id\":\"https:\\\/\\\/www.ucaldas.edu.co\\\/portal\\\/wp-content\\\/litespeed\\\/avatar\\\/09ea5085e600095a7a811142c6944527.jpg?ver=1788384175\",\"url\":\"https:\\\/\\\/www.ucaldas.edu.co\\\/portal\\\/wp-content\\\/litespeed\\\/avatar\\\/09ea5085e600095a7a811142c6944527.jpg?ver=1788384175\",\"contentUrl\":\"https:\\\/\\\/www.ucaldas.edu.co\\\/portal\\\/wp-content\\\/litespeed\\\/avatar\\\/09ea5085e600095a7a811142c6944527.jpg?ver=1788384175\",\"caption\":\"ofiprensa\"},\"url\":\"https:\\\/\\\/www.ucaldas.edu.co\\\/portal\\\/author\\\/ofiprensa\\\/\"}]}<\/script>\n<!-- \/ Yoast SEO plugin. -->","yoast_head_json":{"title":"Estudiantes de Artes Esc\u00e9nicas de la Universidad de Caldas llevar\u00e1n su talento teatral a Alemania .","robots":{"index":"index","follow":"follow","max-snippet":"max-snippet:-1","max-image-preview":"max-image-preview:large","max-video-preview":"max-video-preview:-1"},"canonical":"https:\/\/www.ucaldas.edu.co\/portal\/estudiantes-de-artes-escenicas-de-la-universidad-de-caldas-llevaran-su-talento-teatral-a-alemania\/","schema":{"@context":"https:\/\/schema.org","@graph":[{"@type":"Article","@id":"https:\/\/www.ucaldas.edu.co\/portal\/estudiantes-de-artes-escenicas-de-la-universidad-de-caldas-llevaran-su-talento-teatral-a-alemania\/#article","isPartOf":{"@id":"https:\/\/www.ucaldas.edu.co\/portal\/estudiantes-de-artes-escenicas-de-la-universidad-de-caldas-llevaran-su-talento-teatral-a-alemania\/"},"author":{"name":"ofiprensa","@id":"https:\/\/www.ucaldas.edu.co\/portal\/#\/schema\/person\/a1b482e23449158b4bc319926c074fdf"},"headline":"Estudiantes de Artes Esc\u00e9nicas de la Universidad de Caldas llevar\u00e1n su talento teatral a Alemania","datePublished":"2026-09-03T14:54:40+00:00","dateModified":"2026-09-03T14:55:54+00:00","mainEntityOfPage":{"@id":"https:\/\/www.ucaldas.edu.co\/portal\/estudiantes-de-artes-escenicas-de-la-universidad-de-caldas-llevaran-su-talento-teatral-a-alemania\/"},"wordCount":536,"publisher":{"@id":"https:\/\/www.ucaldas.edu.co\/portal\/#organization"},"image":{"@id":"https:\/\/www.ucaldas.edu.co\/portal\/estudiantes-de-artes-escenicas-de-la-universidad-de-caldas-llevaran-su-talento-teatral-a-alemania\/#primaryimage"},"thumbnailUrl":"https:\/\/www.ucaldas.edu.co\/portal\/wp-content\/uploads\/2026\/09\/WhatsApp-Image-2026-09-03-at-09.41.20-e1788447056317.jpeg","keywords":["movilidad estudiantil","Alemania"],"articleSection":["Universidad al D\u00eda","Ucaldas Internacional","Actualidad"],"inLanguage":"es"},{"@type":"WebPage","@id":"https:\/\/www.ucaldas.edu.co\/portal\/estudiantes-de-artes-escenicas-de-la-universidad-de-caldas-llevaran-su-talento-teatral-a-alemania\/","url":"https:\/\/www.ucaldas.edu.co\/portal\/estudiantes-de-artes-escenicas-de-la-universidad-de-caldas-llevaran-su-talento-teatral-a-alemania\/","name":"Estudiantes de Artes Esc\u00e9nicas de la Universidad de Caldas llevar\u00e1n su talento teatral a Alemania .","isPartOf":{"@id":"https:\/\/www.ucaldas.edu.co\/portal\/#website"},"primaryImageOfPage":{"@id":"https:\/\/www.ucaldas.edu.co\/portal\/estudiantes-de-artes-escenicas-de-la-universidad-de-caldas-llevaran-su-talento-teatral-a-alemania\/#primaryimage"},"image":{"@id":"https:\/\/www.ucaldas.edu.co\/portal\/estudiantes-de-artes-escenicas-de-la-universidad-de-caldas-llevaran-su-talento-teatral-a-alemania\/#primaryimage"},"thumbnailUrl":"https:\/\/www.ucaldas.edu.co\/portal\/wp-content\/uploads\/2026\/09\/WhatsApp-Image-2026-09-03-at-09.41.20-e1788447056317.jpeg","datePublished":"2026-09-03T14:54:40+00:00","dateModified":"2026-09-03T14:55:54+00:00","breadcrumb":{"@id":"https:\/\/www.ucaldas.edu.co\/portal\/estudiantes-de-artes-escenicas-de-la-universidad-de-caldas-llevaran-su-talento-teatral-a-alemania\/#breadcrumb"},"inLanguage":"es","potentialAction":[{"@type":"ReadAction","target":["https:\/\/www.ucaldas.edu.co\/portal\/estudiantes-de-artes-escenicas-de-la-universidad-de-caldas-llevaran-su-talento-teatral-a-alemania\/"]}]},{"@type":"ImageObject","inLanguage":"es","@id":"https:\/\/www.ucaldas.edu.co\/portal\/estudiantes-de-artes-escenicas-de-la-universidad-de-caldas-llevaran-su-talento-teatral-a-alemania\/#primaryimage","url":"https:\/\/www.ucaldas.edu.co\/portal\/wp-content\/uploads\/2026\/09\/WhatsApp-Image-2026-09-03-at-09.41.20-e1788447056317.jpeg","contentUrl":"https:\/\/www.ucaldas.edu.co\/portal\/wp-content\/uploads\/2026\/09\/WhatsApp-Image-2026-09-03-at-09.41.20-e1788447056317.jpeg","width":900,"height":675},{"@type":"BreadcrumbList","@id":"https:\/\/www.ucaldas.edu.co\/portal\/estudiantes-de-artes-escenicas-de-la-universidad-de-caldas-llevaran-su-talento-teatral-a-alemania\/#breadcrumb","itemListElement":[{"@type":"ListItem","position":1,"name":"Portada","item":"https:\/\/www.ucaldas.edu.co\/portal\/"},{"@type":"ListItem","position":2,"name":"Estudiantes de Artes Esc\u00e9nicas de la Universidad de Caldas llevar\u00e1n su talento teatral a Alemania"}]},{"@type":"WebSite","@id":"https:\/\/www.ucaldas.edu.co\/portal\/#website","url":"https:\/\/www.ucaldas.edu.co\/portal\/","name":"Universidad de Caldas","description":"","publisher":{"@id":"https:\/\/www.ucaldas.edu.co\/portal\/#organization"},"alternateName":"U. de Caldas","potentialAction":[{"@type":"SearchAction","target":{"@type":"EntryPoint","urlTemplate":"https:\/\/www.ucaldas.edu.co\/portal\/?s={search_term_string}"},"query-input":{"@type":"PropertyValueSpecification","valueRequired":true,"valueName":"search_term_string"}}],"inLanguage":"es"},{"@type":"Organization","@id":"https:\/\/www.ucaldas.edu.co\/portal\/#organization","name":"Universidad de Caldas","alternateName":"U. de Caldas","url":"https:\/\/www.ucaldas.edu.co\/portal\/","logo":{"@type":"ImageObject","inLanguage":"es","@id":"https:\/\/www.ucaldas.edu.co\/portal\/#\/schema\/logo\/image\/","url":"https:\/\/www.ucaldas.edu.co\/portal\/wp-content\/uploads\/2023\/11\/Logo_horizontal_oscuroU-2023.png","contentUrl":"https:\/\/www.ucaldas.edu.co\/portal\/wp-content\/uploads\/2023\/11\/Logo_horizontal_oscuroU-2023.png","width":263,"height":101,"caption":"Universidad de Caldas"},"image":{"@id":"https:\/\/www.ucaldas.edu.co\/portal\/#\/schema\/logo\/image\/"},"sameAs":["https:\/\/www.facebook.com\/udecaldas","https:\/\/x.com\/udecaldas","https:\/\/www.youtube.com\/universidadcaldas","https:\/\/www.instagram.com\/udecaldas\/"]},{"@type":"Person","@id":"https:\/\/www.ucaldas.edu.co\/portal\/#\/schema\/person\/a1b482e23449158b4bc319926c074fdf","name":"ofiprensa","image":{"@type":"ImageObject","inLanguage":"es","@id":"https:\/\/www.ucaldas.edu.co\/portal\/wp-content\/litespeed\/avatar\/09ea5085e600095a7a811142c6944527.jpg?ver=1788384175","url":"https:\/\/www.ucaldas.edu.co\/portal\/wp-content\/litespeed\/avatar\/09ea5085e600095a7a811142c6944527.jpg?ver=1788384175","contentUrl":"https:\/\/www.ucaldas.edu.co\/portal\/wp-content\/litespeed\/avatar\/09ea5085e600095a7a811142c6944527.jpg?ver=1788384175","caption":"ofiprensa"},"url":"https:\/\/www.ucaldas.edu.co\/portal\/author\/ofiprensa\/"}]}},"_links":{"self":[{"href":"https:\/\/www.ucaldas.edu.co\/portal\/wp-json\/wp\/v2\/posts\/105976","targetHints":{"allow":["GET"]}}],"collection":[{"href":"https:\/\/www.ucaldas.edu.co\/portal\/wp-json\/wp\/v2\/posts"}],"about":[{"href":"https:\/\/www.ucaldas.edu.co\/portal\/wp-json\/wp\/v2\/types\/post"}],"author":[{"embeddable":true,"href":"https:\/\/www.ucaldas.edu.co\/portal\/wp-json\/wp\/v2\/users\/2"}],"replies":[{"embeddable":true,"href":"https:\/\/www.ucaldas.edu.co\/portal\/wp-json\/wp\/v2\/comments?post=105976"}],"version-history":[{"count":2,"href":"https:\/\/www.ucaldas.edu.co\/portal\/wp-json\/wp\/v2\/posts\/105976\/revisions"}],"predecessor-version":[{"id":105984,"href":"https:\/\/www.ucaldas.edu.co\/portal\/wp-json\/wp\/v2\/posts\/105976\/revisions\/105984"}],"wp:featuredmedia":[{"embeddable":true,"href":"https:\/\/www.ucaldas.edu.co\/portal\/wp-json\/wp\/v2\/media\/105982"}],"wp:attachment":[{"href":"https:\/\/www.ucaldas.edu.co\/portal\/wp-json\/wp\/v2\/media?parent=105976"}],"wp:term":[{"taxonomy":"category","embeddable":true,"href":"https:\/\/www.ucaldas.edu.co\/portal\/wp-json\/wp\/v2\/categories?post=105976"},{"taxonomy":"post_tag","embeddable":true,"href":"https:\/\/www.ucaldas.edu.co\/portal\/wp-json\/wp\/v2\/tags?post=105976"}],"curies":[{"name":"wp","href":"https:\/\/api.w.org\/{rel}","templated":true}]}}