{"id":105960,"date":"2026-09-03T09:22:09","date_gmt":"2026-09-03T14:22:09","guid":{"rendered":"https:\/\/www.ucaldas.edu.co\/portal\/?p=105960"},"modified":"2026-09-03T09:22:09","modified_gmt":"2026-09-03T14:22:09","slug":"investigadora-de-la-universidad-de-caldas-participa-en-la-feria-de-posgrados-del-encuentro-internacional-del-programa-delfin-en-mexico","status":"publish","type":"post","link":"https:\/\/www.ucaldas.edu.co\/portal\/investigadora-de-la-universidad-de-caldas-participa-en-la-feria-de-posgrados-del-encuentro-internacional-del-programa-delfin-en-mexico\/","title":{"rendered":"Investigadora de la Universidad de Caldas participa en la Feria de Posgrados del Encuentro Internacional del Programa Delf\u00edn en M\u00e9xico"},"content":{"rendered":"<div class=\"wpb-content-wrapper\"><p>[vc_row][vc_column][vc_column_text]<img loading=\"lazy\" decoding=\"async\" class=\"alignnone wp-image-105961 size-full\" src=\"https:\/\/www.ucaldas.edu.co\/portal\/wp-content\/uploads\/2026\/09\/WhatsApp-Image-2026-08-31-at-18.23.59-e1788443522818.jpeg\" alt=\"Investigaci\u00f3n M\u00e9xico\" width=\"900\" height=\"675\" \/><\/p>\n<p style=\"text-align: justify;\"><em>La docente investigadora, <strong>Tatiana Mar\u00edn S\u00e1nchez<\/strong>, representante de la Vicerrector\u00eda de Investigaciones y Posgrados y del Departamento de Estudios Educativos de la Universidad de Caldas, particip\u00f3 en la <strong>Feria de Posgrados de la 31.\u00aa edici\u00f3n del Encuentro Internacional del Programa Delf\u00edn<\/strong>, realizada en Puerto Vallarta, M\u00e9xico.<\/em><!--more--><\/p>\n<p style=\"text-align: justify;\">Durante el encuentro, que reuni\u00f3 a <strong>m\u00e1s de 1.900 estudiantes<\/strong> y a representantes de una red de <strong>334 universidades e instituciones de educaci\u00f3n superior de diferentes pa\u00edses<\/strong>, Mar\u00edn S\u00e1nchez present\u00f3 la oferta de maestr\u00edas y doctorados de la Universidad de Caldas, as\u00ed como sus semilleros y grupos de investigaci\u00f3n.<\/p>\n<p style=\"text-align: justify;\">La jornada permiti\u00f3 establecer contacto con estudiantes e investigadores de <strong>Brasil, Per\u00fa, Estados Unidos, M\u00e9xico y Colombia<\/strong>, interesados en las oportunidades de formaci\u00f3n de posgrado y movilidad acad\u00e9mica que ofrece la instituci\u00f3n.<\/p>\n<p style=\"text-align: justify;\">\u201cPara m\u00ed es un honor haber sido el puente entre la Universidad de Caldas y el talento que surge en este encuentro. La Feria de Posgrados nos demostr\u00f3 que hay una juventud investigadora \u00e1vida por cruzar fronteras y que nuestra oferta acad\u00e9mica responde a esas necesidades globales\u201d, afirm\u00f3 Tatiana Mar\u00edn S\u00e1nchez.<\/p>\n<p style=\"text-align: justify;\"><strong>El Programa Delf\u00edn<\/strong> promueve la movilidad de estudiantes e investigadores y la cooperaci\u00f3n acad\u00e9mica entre instituciones de educaci\u00f3n superior de Iberoam\u00e9rica. La participaci\u00f3n de la Universidad de Caldas permiti\u00f3, adem\u00e1s, identificar oportunidades para futuras alianzas y fortalecer su presencia en redes internacionales de investigaci\u00f3n y formaci\u00f3n.<\/p>\n<p style=\"text-align: justify;\">Como resultado de estos acercamientos, la Universidad de Caldas proyecta avanzar en <strong>nuevos convenios de movilidad y <\/strong><strong>cotutelas <\/strong><strong>de tesis con instituciones participantes en el encuentro.<\/strong><\/p>\n<p style=\"text-align: justify;\"><strong>Anexo:<\/strong><\/p>\n<p style=\"text-align: justify;\"><a href=\"https:\/\/www.ucaldas.edu.co\/portal\/wp-content\/uploads\/2026\/09\/Tatiana-Investigadora-Me\u0301xico.mp3\"><strong>-Audio investigadora Universidad de Caldas, Tatiana Mar\u00edn S\u00e1nchez<\/strong><\/a><\/p>\n<audio class=\"wp-audio-shortcode\" id=\"audio-105960-1\" preload=\"none\" style=\"width: 100%;\" controls=\"controls\"><source type=\"audio\/mpeg\" src=\"https:\/\/www.ucaldas.edu.co\/portal\/wp-content\/uploads\/2026\/09\/Tatiana-Investigadora-Me\u0301xico.mp3?_=1\" \/><a href=\"https:\/\/www.ucaldas.edu.co\/portal\/wp-content\/uploads\/2026\/09\/Tatiana-Investigadora-Me\u0301xico.mp3\">https:\/\/www.ucaldas.edu.co\/portal\/wp-content\/uploads\/2026\/09\/Tatiana-Investigadora-Me\u0301xico.mp3<\/a><\/audio>\n<p>[\/vc_column_text][vc_gallery interval=\u00bb3&#8243; images=\u00bb105963,105964,105965,105966,105967,105968,105969,105970,105971,105972,105973,105974&#8243; img_size=\u00bbfull\u00bb css=\u00bb\u00bb title=\u00bbGaler\u00eda de fotos\u00bb][\/vc_column][\/vc_row]<\/p>\n<\/div>","protected":false},"excerpt":{"rendered":"<p>[vc_row][vc_column][vc_column_text] La docente investigadora, Tatiana Mar\u00edn S\u00e1nchez, representante de la Vicerrector\u00eda de Investigaciones y Posgrados y del Departamento de Estudios Educativos de la Universidad de Caldas, particip\u00f3 en la Feria de Posgrados de la 31.\u00aa edici\u00f3n del Encuentro Internacional del Programa Delf\u00edn, realizada en Puerto Vallarta, M\u00e9xico.<\/p>\n","protected":false},"author":2,"featured_media":105961,"comment_status":"closed","ping_status":"open","sticky":false,"template":"","format":"standard","meta":{"footnotes":"","_members_access_role":[],"_members_access_error":""},"categories":[48,53,614],"tags":[3309],"class_list":["post-105960","post","type-post","status-publish","format-standard","has-post-thumbnail","hentry","category-actualidad","category-universidad-al-dia","category-ucaldas-internacional","tag-programa-delfin"],"yoast_head":"<!-- This site is optimized with the Yoast SEO plugin v28.4 - https:\/\/yoast.com\/product\/yoast-seo-wordpress\/ -->\n<title>Investigadora de la Universidad de Caldas participa en la Feria de Posgrados del Encuentro Internacional del Programa Delf\u00edn en M\u00e9xico .<\/title>\n<meta name=\"robots\" content=\"index, follow, max-snippet:-1, max-image-preview:large, max-video-preview:-1\" \/>\n<link rel=\"canonical\" href=\"https:\/\/www.ucaldas.edu.co\/portal\/investigadora-de-la-universidad-de-caldas-participa-en-la-feria-de-posgrados-del-encuentro-internacional-del-programa-delfin-en-mexico\/\" \/>\n<script type=\"application\/ld+json\" class=\"yoast-schema-graph\">{\"@context\":\"https:\\\/\\\/schema.org\",\"@graph\":[{\"@type\":\"Article\",\"@id\":\"https:\\\/\\\/www.ucaldas.edu.co\\\/portal\\\/investigadora-de-la-universidad-de-caldas-participa-en-la-feria-de-posgrados-del-encuentro-internacional-del-programa-delfin-en-mexico\\\/#article\",\"isPartOf\":{\"@id\":\"https:\\\/\\\/www.ucaldas.edu.co\\\/portal\\\/investigadora-de-la-universidad-de-caldas-participa-en-la-feria-de-posgrados-del-encuentro-internacional-del-programa-delfin-en-mexico\\\/\"},\"author\":{\"name\":\"ofiprensa\",\"@id\":\"https:\\\/\\\/www.ucaldas.edu.co\\\/portal\\\/#\\\/schema\\\/person\\\/a1b482e23449158b4bc319926c074fdf\"},\"headline\":\"Investigadora de la Universidad de Caldas participa en la Feria de Posgrados del Encuentro Internacional del Programa Delf\u00edn en M\u00e9xico\",\"datePublished\":\"2026-09-03T14:22:09+00:00\",\"mainEntityOfPage\":{\"@id\":\"https:\\\/\\\/www.ucaldas.edu.co\\\/portal\\\/investigadora-de-la-universidad-de-caldas-participa-en-la-feria-de-posgrados-del-encuentro-internacional-del-programa-delfin-en-mexico\\\/\"},\"wordCount\":350,\"publisher\":{\"@id\":\"https:\\\/\\\/www.ucaldas.edu.co\\\/portal\\\/#organization\"},\"image\":{\"@id\":\"https:\\\/\\\/www.ucaldas.edu.co\\\/portal\\\/investigadora-de-la-universidad-de-caldas-participa-en-la-feria-de-posgrados-del-encuentro-internacional-del-programa-delfin-en-mexico\\\/#primaryimage\"},\"thumbnailUrl\":\"https:\\\/\\\/www.ucaldas.edu.co\\\/portal\\\/wp-content\\\/uploads\\\/2026\\\/09\\\/WhatsApp-Image-2026-08-31-at-18.23.59-e1788443522818.jpeg\",\"keywords\":[\"Programa Delf\u00edn\"],\"articleSection\":[\"Actualidad\",\"Universidad al D\u00eda\",\"Ucaldas Internacional\"],\"inLanguage\":\"es\"},{\"@type\":\"WebPage\",\"@id\":\"https:\\\/\\\/www.ucaldas.edu.co\\\/portal\\\/investigadora-de-la-universidad-de-caldas-participa-en-la-feria-de-posgrados-del-encuentro-internacional-del-programa-delfin-en-mexico\\\/\",\"url\":\"https:\\\/\\\/www.ucaldas.edu.co\\\/portal\\\/investigadora-de-la-universidad-de-caldas-participa-en-la-feria-de-posgrados-del-encuentro-internacional-del-programa-delfin-en-mexico\\\/\",\"name\":\"Investigadora de la Universidad de Caldas participa en la Feria de Posgrados del Encuentro Internacional del Programa Delf\u00edn en M\u00e9xico .\",\"isPartOf\":{\"@id\":\"https:\\\/\\\/www.ucaldas.edu.co\\\/portal\\\/#website\"},\"primaryImageOfPage\":{\"@id\":\"https:\\\/\\\/www.ucaldas.edu.co\\\/portal\\\/investigadora-de-la-universidad-de-caldas-participa-en-la-feria-de-posgrados-del-encuentro-internacional-del-programa-delfin-en-mexico\\\/#primaryimage\"},\"image\":{\"@id\":\"https:\\\/\\\/www.ucaldas.edu.co\\\/portal\\\/investigadora-de-la-universidad-de-caldas-participa-en-la-feria-de-posgrados-del-encuentro-internacional-del-programa-delfin-en-mexico\\\/#primaryimage\"},\"thumbnailUrl\":\"https:\\\/\\\/www.ucaldas.edu.co\\\/portal\\\/wp-content\\\/uploads\\\/2026\\\/09\\\/WhatsApp-Image-2026-08-31-at-18.23.59-e1788443522818.jpeg\",\"datePublished\":\"2026-09-03T14:22:09+00:00\",\"breadcrumb\":{\"@id\":\"https:\\\/\\\/www.ucaldas.edu.co\\\/portal\\\/investigadora-de-la-universidad-de-caldas-participa-en-la-feria-de-posgrados-del-encuentro-internacional-del-programa-delfin-en-mexico\\\/#breadcrumb\"},\"inLanguage\":\"es\",\"potentialAction\":[{\"@type\":\"ReadAction\",\"target\":[\"https:\\\/\\\/www.ucaldas.edu.co\\\/portal\\\/investigadora-de-la-universidad-de-caldas-participa-en-la-feria-de-posgrados-del-encuentro-internacional-del-programa-delfin-en-mexico\\\/\"]}]},{\"@type\":\"ImageObject\",\"inLanguage\":\"es\",\"@id\":\"https:\\\/\\\/www.ucaldas.edu.co\\\/portal\\\/investigadora-de-la-universidad-de-caldas-participa-en-la-feria-de-posgrados-del-encuentro-internacional-del-programa-delfin-en-mexico\\\/#primaryimage\",\"url\":\"https:\\\/\\\/www.ucaldas.edu.co\\\/portal\\\/wp-content\\\/uploads\\\/2026\\\/09\\\/WhatsApp-Image-2026-08-31-at-18.23.59-e1788443522818.jpeg\",\"contentUrl\":\"https:\\\/\\\/www.ucaldas.edu.co\\\/portal\\\/wp-content\\\/uploads\\\/2026\\\/09\\\/WhatsApp-Image-2026-08-31-at-18.23.59-e1788443522818.jpeg\",\"width\":900,\"height\":675,\"caption\":\"Investigaci\u00f3n M\u00e9xico\"},{\"@type\":\"BreadcrumbList\",\"@id\":\"https:\\\/\\\/www.ucaldas.edu.co\\\/portal\\\/investigadora-de-la-universidad-de-caldas-participa-en-la-feria-de-posgrados-del-encuentro-internacional-del-programa-delfin-en-mexico\\\/#breadcrumb\",\"itemListElement\":[{\"@type\":\"ListItem\",\"position\":1,\"name\":\"Portada\",\"item\":\"https:\\\/\\\/www.ucaldas.edu.co\\\/portal\\\/\"},{\"@type\":\"ListItem\",\"position\":2,\"name\":\"Investigadora de la Universidad de Caldas participa en la Feria de Posgrados del Encuentro Internacional del Programa Delf\u00edn en M\u00e9xico\"}]},{\"@type\":\"WebSite\",\"@id\":\"https:\\\/\\\/www.ucaldas.edu.co\\\/portal\\\/#website\",\"url\":\"https:\\\/\\\/www.ucaldas.edu.co\\\/portal\\\/\",\"name\":\"Universidad de Caldas\",\"description\":\"\",\"publisher\":{\"@id\":\"https:\\\/\\\/www.ucaldas.edu.co\\\/portal\\\/#organization\"},\"alternateName\":\"U. de Caldas\",\"potentialAction\":[{\"@type\":\"SearchAction\",\"target\":{\"@type\":\"EntryPoint\",\"urlTemplate\":\"https:\\\/\\\/www.ucaldas.edu.co\\\/portal\\\/?s={search_term_string}\"},\"query-input\":{\"@type\":\"PropertyValueSpecification\",\"valueRequired\":true,\"valueName\":\"search_term_string\"}}],\"inLanguage\":\"es\"},{\"@type\":\"Organization\",\"@id\":\"https:\\\/\\\/www.ucaldas.edu.co\\\/portal\\\/#organization\",\"name\":\"Universidad de Caldas\",\"alternateName\":\"U. de Caldas\",\"url\":\"https:\\\/\\\/www.ucaldas.edu.co\\\/portal\\\/\",\"logo\":{\"@type\":\"ImageObject\",\"inLanguage\":\"es\",\"@id\":\"https:\\\/\\\/www.ucaldas.edu.co\\\/portal\\\/#\\\/schema\\\/logo\\\/image\\\/\",\"url\":\"https:\\\/\\\/www.ucaldas.edu.co\\\/portal\\\/wp-content\\\/uploads\\\/2023\\\/11\\\/Logo_horizontal_oscuroU-2023.png\",\"contentUrl\":\"https:\\\/\\\/www.ucaldas.edu.co\\\/portal\\\/wp-content\\\/uploads\\\/2023\\\/11\\\/Logo_horizontal_oscuroU-2023.png\",\"width\":263,\"height\":101,\"caption\":\"Universidad de Caldas\"},\"image\":{\"@id\":\"https:\\\/\\\/www.ucaldas.edu.co\\\/portal\\\/#\\\/schema\\\/logo\\\/image\\\/\"},\"sameAs\":[\"https:\\\/\\\/www.facebook.com\\\/udecaldas\",\"https:\\\/\\\/x.com\\\/udecaldas\",\"https:\\\/\\\/www.youtube.com\\\/universidadcaldas\",\"https:\\\/\\\/www.instagram.com\\\/udecaldas\\\/\"]},{\"@type\":\"Person\",\"@id\":\"https:\\\/\\\/www.ucaldas.edu.co\\\/portal\\\/#\\\/schema\\\/person\\\/a1b482e23449158b4bc319926c074fdf\",\"name\":\"ofiprensa\",\"image\":{\"@type\":\"ImageObject\",\"inLanguage\":\"es\",\"@id\":\"https:\\\/\\\/www.ucaldas.edu.co\\\/portal\\\/wp-content\\\/litespeed\\\/avatar\\\/09ea5085e600095a7a811142c6944527.jpg?ver=1788384175\",\"url\":\"https:\\\/\\\/www.ucaldas.edu.co\\\/portal\\\/wp-content\\\/litespeed\\\/avatar\\\/09ea5085e600095a7a811142c6944527.jpg?ver=1788384175\",\"contentUrl\":\"https:\\\/\\\/www.ucaldas.edu.co\\\/portal\\\/wp-content\\\/litespeed\\\/avatar\\\/09ea5085e600095a7a811142c6944527.jpg?ver=1788384175\",\"caption\":\"ofiprensa\"},\"url\":\"https:\\\/\\\/www.ucaldas.edu.co\\\/portal\\\/author\\\/ofiprensa\\\/\"}]}<\/script>\n<!-- \/ Yoast SEO plugin. -->","yoast_head_json":{"title":"Investigadora de la Universidad de Caldas participa en la Feria de Posgrados del Encuentro Internacional del Programa Delf\u00edn en M\u00e9xico .","robots":{"index":"index","follow":"follow","max-snippet":"max-snippet:-1","max-image-preview":"max-image-preview:large","max-video-preview":"max-video-preview:-1"},"canonical":"https:\/\/www.ucaldas.edu.co\/portal\/investigadora-de-la-universidad-de-caldas-participa-en-la-feria-de-posgrados-del-encuentro-internacional-del-programa-delfin-en-mexico\/","schema":{"@context":"https:\/\/schema.org","@graph":[{"@type":"Article","@id":"https:\/\/www.ucaldas.edu.co\/portal\/investigadora-de-la-universidad-de-caldas-participa-en-la-feria-de-posgrados-del-encuentro-internacional-del-programa-delfin-en-mexico\/#article","isPartOf":{"@id":"https:\/\/www.ucaldas.edu.co\/portal\/investigadora-de-la-universidad-de-caldas-participa-en-la-feria-de-posgrados-del-encuentro-internacional-del-programa-delfin-en-mexico\/"},"author":{"name":"ofiprensa","@id":"https:\/\/www.ucaldas.edu.co\/portal\/#\/schema\/person\/a1b482e23449158b4bc319926c074fdf"},"headline":"Investigadora de la Universidad de Caldas participa en la Feria de Posgrados del Encuentro Internacional del Programa Delf\u00edn en M\u00e9xico","datePublished":"2026-09-03T14:22:09+00:00","mainEntityOfPage":{"@id":"https:\/\/www.ucaldas.edu.co\/portal\/investigadora-de-la-universidad-de-caldas-participa-en-la-feria-de-posgrados-del-encuentro-internacional-del-programa-delfin-en-mexico\/"},"wordCount":350,"publisher":{"@id":"https:\/\/www.ucaldas.edu.co\/portal\/#organization"},"image":{"@id":"https:\/\/www.ucaldas.edu.co\/portal\/investigadora-de-la-universidad-de-caldas-participa-en-la-feria-de-posgrados-del-encuentro-internacional-del-programa-delfin-en-mexico\/#primaryimage"},"thumbnailUrl":"https:\/\/www.ucaldas.edu.co\/portal\/wp-content\/uploads\/2026\/09\/WhatsApp-Image-2026-08-31-at-18.23.59-e1788443522818.jpeg","keywords":["Programa Delf\u00edn"],"articleSection":["Actualidad","Universidad al D\u00eda","Ucaldas Internacional"],"inLanguage":"es"},{"@type":"WebPage","@id":"https:\/\/www.ucaldas.edu.co\/portal\/investigadora-de-la-universidad-de-caldas-participa-en-la-feria-de-posgrados-del-encuentro-internacional-del-programa-delfin-en-mexico\/","url":"https:\/\/www.ucaldas.edu.co\/portal\/investigadora-de-la-universidad-de-caldas-participa-en-la-feria-de-posgrados-del-encuentro-internacional-del-programa-delfin-en-mexico\/","name":"Investigadora de la Universidad de Caldas participa en la Feria de Posgrados del Encuentro Internacional del Programa Delf\u00edn en M\u00e9xico .","isPartOf":{"@id":"https:\/\/www.ucaldas.edu.co\/portal\/#website"},"primaryImageOfPage":{"@id":"https:\/\/www.ucaldas.edu.co\/portal\/investigadora-de-la-universidad-de-caldas-participa-en-la-feria-de-posgrados-del-encuentro-internacional-del-programa-delfin-en-mexico\/#primaryimage"},"image":{"@id":"https:\/\/www.ucaldas.edu.co\/portal\/investigadora-de-la-universidad-de-caldas-participa-en-la-feria-de-posgrados-del-encuentro-internacional-del-programa-delfin-en-mexico\/#primaryimage"},"thumbnailUrl":"https:\/\/www.ucaldas.edu.co\/portal\/wp-content\/uploads\/2026\/09\/WhatsApp-Image-2026-08-31-at-18.23.59-e1788443522818.jpeg","datePublished":"2026-09-03T14:22:09+00:00","breadcrumb":{"@id":"https:\/\/www.ucaldas.edu.co\/portal\/investigadora-de-la-universidad-de-caldas-participa-en-la-feria-de-posgrados-del-encuentro-internacional-del-programa-delfin-en-mexico\/#breadcrumb"},"inLanguage":"es","potentialAction":[{"@type":"ReadAction","target":["https:\/\/www.ucaldas.edu.co\/portal\/investigadora-de-la-universidad-de-caldas-participa-en-la-feria-de-posgrados-del-encuentro-internacional-del-programa-delfin-en-mexico\/"]}]},{"@type":"ImageObject","inLanguage":"es","@id":"https:\/\/www.ucaldas.edu.co\/portal\/investigadora-de-la-universidad-de-caldas-participa-en-la-feria-de-posgrados-del-encuentro-internacional-del-programa-delfin-en-mexico\/#primaryimage","url":"https:\/\/www.ucaldas.edu.co\/portal\/wp-content\/uploads\/2026\/09\/WhatsApp-Image-2026-08-31-at-18.23.59-e1788443522818.jpeg","contentUrl":"https:\/\/www.ucaldas.edu.co\/portal\/wp-content\/uploads\/2026\/09\/WhatsApp-Image-2026-08-31-at-18.23.59-e1788443522818.jpeg","width":900,"height":675,"caption":"Investigaci\u00f3n M\u00e9xico"},{"@type":"BreadcrumbList","@id":"https:\/\/www.ucaldas.edu.co\/portal\/investigadora-de-la-universidad-de-caldas-participa-en-la-feria-de-posgrados-del-encuentro-internacional-del-programa-delfin-en-mexico\/#breadcrumb","itemListElement":[{"@type":"ListItem","position":1,"name":"Portada","item":"https:\/\/www.ucaldas.edu.co\/portal\/"},{"@type":"ListItem","position":2,"name":"Investigadora de la Universidad de Caldas participa en la Feria de Posgrados del Encuentro Internacional del Programa Delf\u00edn en M\u00e9xico"}]},{"@type":"WebSite","@id":"https:\/\/www.ucaldas.edu.co\/portal\/#website","url":"https:\/\/www.ucaldas.edu.co\/portal\/","name":"Universidad de Caldas","description":"","publisher":{"@id":"https:\/\/www.ucaldas.edu.co\/portal\/#organization"},"alternateName":"U. de Caldas","potentialAction":[{"@type":"SearchAction","target":{"@type":"EntryPoint","urlTemplate":"https:\/\/www.ucaldas.edu.co\/portal\/?s={search_term_string}"},"query-input":{"@type":"PropertyValueSpecification","valueRequired":true,"valueName":"search_term_string"}}],"inLanguage":"es"},{"@type":"Organization","@id":"https:\/\/www.ucaldas.edu.co\/portal\/#organization","name":"Universidad de Caldas","alternateName":"U. de Caldas","url":"https:\/\/www.ucaldas.edu.co\/portal\/","logo":{"@type":"ImageObject","inLanguage":"es","@id":"https:\/\/www.ucaldas.edu.co\/portal\/#\/schema\/logo\/image\/","url":"https:\/\/www.ucaldas.edu.co\/portal\/wp-content\/uploads\/2023\/11\/Logo_horizontal_oscuroU-2023.png","contentUrl":"https:\/\/www.ucaldas.edu.co\/portal\/wp-content\/uploads\/2023\/11\/Logo_horizontal_oscuroU-2023.png","width":263,"height":101,"caption":"Universidad de Caldas"},"image":{"@id":"https:\/\/www.ucaldas.edu.co\/portal\/#\/schema\/logo\/image\/"},"sameAs":["https:\/\/www.facebook.com\/udecaldas","https:\/\/x.com\/udecaldas","https:\/\/www.youtube.com\/universidadcaldas","https:\/\/www.instagram.com\/udecaldas\/"]},{"@type":"Person","@id":"https:\/\/www.ucaldas.edu.co\/portal\/#\/schema\/person\/a1b482e23449158b4bc319926c074fdf","name":"ofiprensa","image":{"@type":"ImageObject","inLanguage":"es","@id":"https:\/\/www.ucaldas.edu.co\/portal\/wp-content\/litespeed\/avatar\/09ea5085e600095a7a811142c6944527.jpg?ver=1788384175","url":"https:\/\/www.ucaldas.edu.co\/portal\/wp-content\/litespeed\/avatar\/09ea5085e600095a7a811142c6944527.jpg?ver=1788384175","contentUrl":"https:\/\/www.ucaldas.edu.co\/portal\/wp-content\/litespeed\/avatar\/09ea5085e600095a7a811142c6944527.jpg?ver=1788384175","caption":"ofiprensa"},"url":"https:\/\/www.ucaldas.edu.co\/portal\/author\/ofiprensa\/"}]}},"_links":{"self":[{"href":"https:\/\/www.ucaldas.edu.co\/portal\/wp-json\/wp\/v2\/posts\/105960","targetHints":{"allow":["GET"]}}],"collection":[{"href":"https:\/\/www.ucaldas.edu.co\/portal\/wp-json\/wp\/v2\/posts"}],"about":[{"href":"https:\/\/www.ucaldas.edu.co\/portal\/wp-json\/wp\/v2\/types\/post"}],"author":[{"embeddable":true,"href":"https:\/\/www.ucaldas.edu.co\/portal\/wp-json\/wp\/v2\/users\/2"}],"replies":[{"embeddable":true,"href":"https:\/\/www.ucaldas.edu.co\/portal\/wp-json\/wp\/v2\/comments?post=105960"}],"version-history":[{"count":1,"href":"https:\/\/www.ucaldas.edu.co\/portal\/wp-json\/wp\/v2\/posts\/105960\/revisions"}],"predecessor-version":[{"id":105975,"href":"https:\/\/www.ucaldas.edu.co\/portal\/wp-json\/wp\/v2\/posts\/105960\/revisions\/105975"}],"wp:featuredmedia":[{"embeddable":true,"href":"https:\/\/www.ucaldas.edu.co\/portal\/wp-json\/wp\/v2\/media\/105961"}],"wp:attachment":[{"href":"https:\/\/www.ucaldas.edu.co\/portal\/wp-json\/wp\/v2\/media?parent=105960"}],"wp:term":[{"taxonomy":"category","embeddable":true,"href":"https:\/\/www.ucaldas.edu.co\/portal\/wp-json\/wp\/v2\/categories?post=105960"},{"taxonomy":"post_tag","embeddable":true,"href":"https:\/\/www.ucaldas.edu.co\/portal\/wp-json\/wp\/v2\/tags?post=105960"}],"curies":[{"name":"wp","href":"https:\/\/api.w.org\/{rel}","templated":true}]}}