{"id":105943,"date":"2026-09-01T15:40:29","date_gmt":"2026-09-01T20:40:29","guid":{"rendered":"https:\/\/www.ucaldas.edu.co\/portal\/?p=105943"},"modified":"2026-09-01T15:40:29","modified_gmt":"2026-09-01T20:40:29","slug":"nuevo-laboratorio-de-simulacion-fortalece-la-formacion-de-futuros-medicos-y-enfermeros-en-la-sede-magdalena-centro","status":"publish","type":"post","link":"https:\/\/www.ucaldas.edu.co\/portal\/nuevo-laboratorio-de-simulacion-fortalece-la-formacion-de-futuros-medicos-y-enfermeros-en-la-sede-magdalena-centro\/","title":{"rendered":"Nuevo laboratorio de simulaci\u00f3n fortalece la formaci\u00f3n de futuros m\u00e9dicos y enfermeros en la sede Magdalena Centro"},"content":{"rendered":"<div class=\"wpb-content-wrapper\"><p>[vc_row][vc_column][vc_video link=\u00bbhttps:\/\/www.youtube.com\/watch?v=2mV0F-aGOLY\u00bb css=\u00bb\u00bb][vc_column_text]<\/p>\n<p style=\"text-align: justify;\">La Universidad de Caldas puso en funcionamiento en su Sede Magdalena Centro, en La Dorada, un nuevo Laboratorio de Simulaci\u00f3n B\u00e1sica y Anatom\u00eda, infraestructura que marca un avance significativo para la formaci\u00f3n de los primeros estudiantes de Medicina y Enfermer\u00eda en esta regi\u00f3n. El espacio cuenta con simuladores de alta tecnolog\u00eda y una Mesa de Disecci\u00f3n 3D que permitir\u00e1 a los futuros profesionales de la salud entrenarse en escenarios cl\u00ednicos, desarrollar competencias pr\u00e1cticas y estudiar el cuerpo humano con tecnolog\u00eda de \u00faltima generaci\u00f3n.<!--more--><\/p>\n<p style=\"text-align: justify;\">El nuevo laboratorio permitir\u00e1 que los estudiantes, desde las primeras etapas de su formaci\u00f3n, se acerquen a situaciones similares a las que encontrar\u00e1n en su ejercicio profesional mediante la simulaci\u00f3n cl\u00ednica, donde podr\u00e1n practicar procedimientos, fortalecer habilidades y desarrollar competencias en un entorno controlado, repetir ejercicios y adquirir mayor seguridad antes de trasladar estos aprendizajes a los escenarios reales de atenci\u00f3n en salud.<\/p>\n<p style=\"text-align: justify;\">Uno de los equipos m\u00e1s destacados del laboratorio es la Mesa de Disecci\u00f3n 3D Anatom\u00eda Convertible, que se ir\u00e1 a adquirir mediante una inversi\u00f3n conjunta de la Universidad de Caldas y la Gobernaci\u00f3n de Caldas por $474 millones. Esta tecnolog\u00eda permitir\u00e1 explorar de manera interactiva y precisa las diferentes estructuras del cuerpo humano y fortalecer el aprendizaje de la anatom\u00eda en los programas de Medicina y Enfermer\u00eda.<\/p>\n<p style=\"text-align: justify;\">Para el decano de la Facultad de Ciencias para la Salud, Carlos Alberto Villegas Isaza, contar con esta infraestructura es fundamental para el proceso de formaci\u00f3n de los nuevos profesionales.<\/p>\n<p style=\"text-align: justify;\">\u201cEllos hacen unas pr\u00e1cticas all\u00ed que les permiten, m\u00e1s adelante en la parte cl\u00ednica, tener m\u00e1s elementos para poder atender pacientes reales\u201d, destac\u00f3 el decano.<\/p>\n<h4 style=\"text-align: justify;\"><span style=\"color: #003366;\"><img loading=\"lazy\" decoding=\"async\" class=\"alignnone wp-image-105945 size-full\" src=\"https:\/\/www.ucaldas.edu.co\/portal\/wp-content\/uploads\/2026\/09\/WhatsApp-Image-2026-08-18-at-08.46.19-2-scaled-e1788292367654.jpg\" alt=\"Laboratorio Sede Magdalena Centro\" width=\"900\" height=\"675\" \/><\/span><\/h4>\n<h4 style=\"text-align: justify;\"><span style=\"color: #003366;\">Un laboratorio para los primeros estudiantes de Medicina y Enfermer\u00eda<\/span><\/h4>\n<p style=\"text-align: justify;\">La puesta en funcionamiento del laboratorio coincide con la llegada de los programas de Medicina y Enfermer\u00eda a la Sede Magdalena Centro, una apuesta de la Universidad de Caldas que permite a j\u00f3venes de la regi\u00f3n acceder por primera vez a estas carreras sin tener que desplazarse a otras ciudades.<\/p>\n<p style=\"text-align: justify;\">La primera cohorte est\u00e1 integrada por 30 estudiantes de Medicina y 48 de Enfermer\u00eda, quienes iniciaron su formaci\u00f3n profesional y tendr\u00e1n en el laboratorio uno de los principales escenarios para el desarrollo de sus competencias pr\u00e1cticas.<\/p>\n<p style=\"text-align: justify;\">Los estudiantes provienen de 19 municipios de Caldas, Tolima y Cundinamarca, lo que evidencia el alcance regional de esta apuesta educativa. El Laboratorio de Simulaci\u00f3n B\u00e1sica y Anatom\u00eda hace parte de una apuesta de la Universidad de Caldas por llevar formaci\u00f3n de alta calidad y tecnolog\u00eda especializada a los territorios y busca que los futuros m\u00e9dicos y enfermeros mantengan un v\u00ednculo con sus comunidades y puedan aportar, una vez culminen sus estudios, al fortalecimiento de los servicios de salud del Magdalena Centro.<\/p>\n<p style=\"text-align: justify;\">En articulaci\u00f3n con el Ministerio de Salud, la Instituci\u00f3n avanza en la posibilidad de que los estudiantes de Medicina y Enfermer\u00eda puedan realizar su a\u00f1o rural en sus municipios de origen, mediante la estrategia del \u201cm\u00e9dico y la enfermera de mi pueblo\u201d.<\/p>\n<p style=\"text-align: justify;\">De esta manera la Universidad de Caldas proyecta establecer convenios con hospitales del Magdalena Centro que permitan desarrollar pr\u00e1cticas formativas y fortalecer la relaci\u00f3n entre la academia y la red hospitalaria de la regi\u00f3n.<\/p>\n<h4 style=\"text-align: justify;\"><span style=\"color: #003366;\">Anexo<\/span><br \/>\n<a href=\"https:\/\/www.ucaldas.edu.co\/portal\/wp-content\/uploads\/2026\/09\/copy_C2A21D68-98B7-4126-A3A6-EAE0AED886AA.mp3-online-audio-converter.com_.mp3\">-Audio Decano Facultad de Ciencias para la Salud, Carlos Alberto Villegas Isaza<\/a><\/h4>\n<audio class=\"wp-audio-shortcode\" id=\"audio-105943-1\" preload=\"none\" style=\"width: 100%;\" controls=\"controls\"><source type=\"audio\/mpeg\" src=\"https:\/\/www.ucaldas.edu.co\/portal\/wp-content\/uploads\/2026\/09\/copy_C2A21D68-98B7-4126-A3A6-EAE0AED886AA.mp3-online-audio-converter.com_.mp3?_=1\" \/><a href=\"https:\/\/www.ucaldas.edu.co\/portal\/wp-content\/uploads\/2026\/09\/copy_C2A21D68-98B7-4126-A3A6-EAE0AED886AA.mp3-online-audio-converter.com_.mp3\">https:\/\/www.ucaldas.edu.co\/portal\/wp-content\/uploads\/2026\/09\/copy_C2A21D68-98B7-4126-A3A6-EAE0AED886AA.mp3-online-audio-converter.com_.mp3<\/a><\/audio>\n<p>[\/vc_column_text][vc_gallery interval=\u00bb3&#8243; images=\u00bb105947,105948,105949,105950,105951,105952,105953,105954,105955,105956&#8243; img_size=\u00bbfull\u00bb css=\u00bb\u00bb title=\u00bbGaler\u00eda de fotos\u00bb][\/vc_column][\/vc_row]<\/p>\n<\/div>","protected":false},"excerpt":{"rendered":"<p>[vc_row][vc_column][vc_video link=\u00bbhttps:\/\/www.youtube.com\/watch?v=2mV0F-aGOLY\u00bb css=\u00bb\u00bb][vc_column_text] La Universidad de Caldas puso en funcionamiento en su Sede Magdalena Centro, en La Dorada, un nuevo Laboratorio de Simulaci\u00f3n B\u00e1sica y Anatom\u00eda, infraestructura que marca un avance significativo para la formaci\u00f3n de los primeros estudiantes de Medicina y Enfermer\u00eda en esta regi\u00f3n. El espacio cuenta con simuladores de alta tecnolog\u00eda y [&hellip;]<\/p>\n","protected":false},"author":2,"featured_media":105946,"comment_status":"closed","ping_status":"open","sticky":false,"template":"","format":"standard","meta":{"footnotes":"","_members_access_role":[],"_members_access_error":""},"categories":[48,53,600],"tags":[10034,10093],"class_list":["post-105943","post","type-post","status-publish","format-standard","has-post-thumbnail","hentry","category-actualidad","category-universidad-al-dia","category-ucaldas-regional","tag-sede-magdalena-centro","tag-laboratorio-simulacion-basica-y-anatomia"],"yoast_head":"<!-- This site is optimized with the Yoast SEO plugin v28.3 - https:\/\/yoast.com\/product\/yoast-seo-wordpress\/ -->\n<title>Nuevo laboratorio de simulaci\u00f3n fortalece la formaci\u00f3n de futuros m\u00e9dicos y enfermeros en la sede Magdalena Centro .<\/title>\n<meta name=\"robots\" content=\"index, follow, max-snippet:-1, max-image-preview:large, max-video-preview:-1\" \/>\n<link rel=\"canonical\" href=\"https:\/\/www.ucaldas.edu.co\/portal\/nuevo-laboratorio-de-simulacion-fortalece-la-formacion-de-futuros-medicos-y-enfermeros-en-la-sede-magdalena-centro\/\" \/>\n<script type=\"application\/ld+json\" class=\"yoast-schema-graph\">{\"@context\":\"https:\\\/\\\/schema.org\",\"@graph\":[{\"@type\":\"Article\",\"@id\":\"https:\\\/\\\/www.ucaldas.edu.co\\\/portal\\\/nuevo-laboratorio-de-simulacion-fortalece-la-formacion-de-futuros-medicos-y-enfermeros-en-la-sede-magdalena-centro\\\/#article\",\"isPartOf\":{\"@id\":\"https:\\\/\\\/www.ucaldas.edu.co\\\/portal\\\/nuevo-laboratorio-de-simulacion-fortalece-la-formacion-de-futuros-medicos-y-enfermeros-en-la-sede-magdalena-centro\\\/\"},\"author\":{\"name\":\"ofiprensa\",\"@id\":\"https:\\\/\\\/www.ucaldas.edu.co\\\/portal\\\/#\\\/schema\\\/person\\\/a1b482e23449158b4bc319926c074fdf\"},\"headline\":\"Nuevo laboratorio de simulaci\u00f3n fortalece la formaci\u00f3n de futuros m\u00e9dicos y enfermeros en la sede Magdalena Centro\",\"datePublished\":\"2026-09-01T20:40:29+00:00\",\"mainEntityOfPage\":{\"@id\":\"https:\\\/\\\/www.ucaldas.edu.co\\\/portal\\\/nuevo-laboratorio-de-simulacion-fortalece-la-formacion-de-futuros-medicos-y-enfermeros-en-la-sede-magdalena-centro\\\/\"},\"wordCount\":671,\"publisher\":{\"@id\":\"https:\\\/\\\/www.ucaldas.edu.co\\\/portal\\\/#organization\"},\"image\":{\"@id\":\"https:\\\/\\\/www.ucaldas.edu.co\\\/portal\\\/nuevo-laboratorio-de-simulacion-fortalece-la-formacion-de-futuros-medicos-y-enfermeros-en-la-sede-magdalena-centro\\\/#primaryimage\"},\"thumbnailUrl\":\"https:\\\/\\\/www.ucaldas.edu.co\\\/portal\\\/wp-content\\\/uploads\\\/2026\\\/09\\\/Portada-1-scaled-e1788292555367.jpg\",\"keywords\":[\"sede magdalena centro\",\"Laboratorio simulaci\u00f3n b\u00e1sica y anatom\u00eda\"],\"articleSection\":[\"Actualidad\",\"Universidad al D\u00eda\",\"UCaldas Regional\"],\"inLanguage\":\"es\"},{\"@type\":\"WebPage\",\"@id\":\"https:\\\/\\\/www.ucaldas.edu.co\\\/portal\\\/nuevo-laboratorio-de-simulacion-fortalece-la-formacion-de-futuros-medicos-y-enfermeros-en-la-sede-magdalena-centro\\\/\",\"url\":\"https:\\\/\\\/www.ucaldas.edu.co\\\/portal\\\/nuevo-laboratorio-de-simulacion-fortalece-la-formacion-de-futuros-medicos-y-enfermeros-en-la-sede-magdalena-centro\\\/\",\"name\":\"Nuevo laboratorio de simulaci\u00f3n fortalece la formaci\u00f3n de futuros m\u00e9dicos y enfermeros en la sede Magdalena Centro .\",\"isPartOf\":{\"@id\":\"https:\\\/\\\/www.ucaldas.edu.co\\\/portal\\\/#website\"},\"primaryImageOfPage\":{\"@id\":\"https:\\\/\\\/www.ucaldas.edu.co\\\/portal\\\/nuevo-laboratorio-de-simulacion-fortalece-la-formacion-de-futuros-medicos-y-enfermeros-en-la-sede-magdalena-centro\\\/#primaryimage\"},\"image\":{\"@id\":\"https:\\\/\\\/www.ucaldas.edu.co\\\/portal\\\/nuevo-laboratorio-de-simulacion-fortalece-la-formacion-de-futuros-medicos-y-enfermeros-en-la-sede-magdalena-centro\\\/#primaryimage\"},\"thumbnailUrl\":\"https:\\\/\\\/www.ucaldas.edu.co\\\/portal\\\/wp-content\\\/uploads\\\/2026\\\/09\\\/Portada-1-scaled-e1788292555367.jpg\",\"datePublished\":\"2026-09-01T20:40:29+00:00\",\"breadcrumb\":{\"@id\":\"https:\\\/\\\/www.ucaldas.edu.co\\\/portal\\\/nuevo-laboratorio-de-simulacion-fortalece-la-formacion-de-futuros-medicos-y-enfermeros-en-la-sede-magdalena-centro\\\/#breadcrumb\"},\"inLanguage\":\"es\",\"potentialAction\":[{\"@type\":\"ReadAction\",\"target\":[\"https:\\\/\\\/www.ucaldas.edu.co\\\/portal\\\/nuevo-laboratorio-de-simulacion-fortalece-la-formacion-de-futuros-medicos-y-enfermeros-en-la-sede-magdalena-centro\\\/\"]}]},{\"@type\":\"ImageObject\",\"inLanguage\":\"es\",\"@id\":\"https:\\\/\\\/www.ucaldas.edu.co\\\/portal\\\/nuevo-laboratorio-de-simulacion-fortalece-la-formacion-de-futuros-medicos-y-enfermeros-en-la-sede-magdalena-centro\\\/#primaryimage\",\"url\":\"https:\\\/\\\/www.ucaldas.edu.co\\\/portal\\\/wp-content\\\/uploads\\\/2026\\\/09\\\/Portada-1-scaled-e1788292555367.jpg\",\"contentUrl\":\"https:\\\/\\\/www.ucaldas.edu.co\\\/portal\\\/wp-content\\\/uploads\\\/2026\\\/09\\\/Portada-1-scaled-e1788292555367.jpg\",\"width\":900,\"height\":675},{\"@type\":\"BreadcrumbList\",\"@id\":\"https:\\\/\\\/www.ucaldas.edu.co\\\/portal\\\/nuevo-laboratorio-de-simulacion-fortalece-la-formacion-de-futuros-medicos-y-enfermeros-en-la-sede-magdalena-centro\\\/#breadcrumb\",\"itemListElement\":[{\"@type\":\"ListItem\",\"position\":1,\"name\":\"Portada\",\"item\":\"https:\\\/\\\/www.ucaldas.edu.co\\\/portal\\\/\"},{\"@type\":\"ListItem\",\"position\":2,\"name\":\"Nuevo laboratorio de simulaci\u00f3n fortalece la formaci\u00f3n de futuros m\u00e9dicos y enfermeros en la sede Magdalena Centro\"}]},{\"@type\":\"WebSite\",\"@id\":\"https:\\\/\\\/www.ucaldas.edu.co\\\/portal\\\/#website\",\"url\":\"https:\\\/\\\/www.ucaldas.edu.co\\\/portal\\\/\",\"name\":\"Universidad de Caldas\",\"description\":\"\",\"publisher\":{\"@id\":\"https:\\\/\\\/www.ucaldas.edu.co\\\/portal\\\/#organization\"},\"alternateName\":\"U. de Caldas\",\"potentialAction\":[{\"@type\":\"SearchAction\",\"target\":{\"@type\":\"EntryPoint\",\"urlTemplate\":\"https:\\\/\\\/www.ucaldas.edu.co\\\/portal\\\/?s={search_term_string}\"},\"query-input\":{\"@type\":\"PropertyValueSpecification\",\"valueRequired\":true,\"valueName\":\"search_term_string\"}}],\"inLanguage\":\"es\"},{\"@type\":\"Organization\",\"@id\":\"https:\\\/\\\/www.ucaldas.edu.co\\\/portal\\\/#organization\",\"name\":\"Universidad de Caldas\",\"alternateName\":\"U. de Caldas\",\"url\":\"https:\\\/\\\/www.ucaldas.edu.co\\\/portal\\\/\",\"logo\":{\"@type\":\"ImageObject\",\"inLanguage\":\"es\",\"@id\":\"https:\\\/\\\/www.ucaldas.edu.co\\\/portal\\\/#\\\/schema\\\/logo\\\/image\\\/\",\"url\":\"https:\\\/\\\/www.ucaldas.edu.co\\\/portal\\\/wp-content\\\/uploads\\\/2023\\\/11\\\/Logo_horizontal_oscuroU-2023.png\",\"contentUrl\":\"https:\\\/\\\/www.ucaldas.edu.co\\\/portal\\\/wp-content\\\/uploads\\\/2023\\\/11\\\/Logo_horizontal_oscuroU-2023.png\",\"width\":263,\"height\":101,\"caption\":\"Universidad de Caldas\"},\"image\":{\"@id\":\"https:\\\/\\\/www.ucaldas.edu.co\\\/portal\\\/#\\\/schema\\\/logo\\\/image\\\/\"},\"sameAs\":[\"https:\\\/\\\/www.facebook.com\\\/udecaldas\",\"https:\\\/\\\/x.com\\\/udecaldas\",\"https:\\\/\\\/www.youtube.com\\\/universidadcaldas\",\"https:\\\/\\\/www.instagram.com\\\/udecaldas\\\/\"]},{\"@type\":\"Person\",\"@id\":\"https:\\\/\\\/www.ucaldas.edu.co\\\/portal\\\/#\\\/schema\\\/person\\\/a1b482e23449158b4bc319926c074fdf\",\"name\":\"ofiprensa\",\"image\":{\"@type\":\"ImageObject\",\"inLanguage\":\"es\",\"@id\":\"https:\\\/\\\/www.ucaldas.edu.co\\\/portal\\\/wp-content\\\/litespeed\\\/avatar\\\/09ea5085e600095a7a811142c6944527.jpg?ver=1787779368\",\"url\":\"https:\\\/\\\/www.ucaldas.edu.co\\\/portal\\\/wp-content\\\/litespeed\\\/avatar\\\/09ea5085e600095a7a811142c6944527.jpg?ver=1787779368\",\"contentUrl\":\"https:\\\/\\\/www.ucaldas.edu.co\\\/portal\\\/wp-content\\\/litespeed\\\/avatar\\\/09ea5085e600095a7a811142c6944527.jpg?ver=1787779368\",\"caption\":\"ofiprensa\"},\"url\":\"https:\\\/\\\/www.ucaldas.edu.co\\\/portal\\\/author\\\/ofiprensa\\\/\"}]}<\/script>\n<!-- \/ Yoast SEO plugin. -->","yoast_head_json":{"title":"Nuevo laboratorio de simulaci\u00f3n fortalece la formaci\u00f3n de futuros m\u00e9dicos y enfermeros en la sede Magdalena Centro .","robots":{"index":"index","follow":"follow","max-snippet":"max-snippet:-1","max-image-preview":"max-image-preview:large","max-video-preview":"max-video-preview:-1"},"canonical":"https:\/\/www.ucaldas.edu.co\/portal\/nuevo-laboratorio-de-simulacion-fortalece-la-formacion-de-futuros-medicos-y-enfermeros-en-la-sede-magdalena-centro\/","schema":{"@context":"https:\/\/schema.org","@graph":[{"@type":"Article","@id":"https:\/\/www.ucaldas.edu.co\/portal\/nuevo-laboratorio-de-simulacion-fortalece-la-formacion-de-futuros-medicos-y-enfermeros-en-la-sede-magdalena-centro\/#article","isPartOf":{"@id":"https:\/\/www.ucaldas.edu.co\/portal\/nuevo-laboratorio-de-simulacion-fortalece-la-formacion-de-futuros-medicos-y-enfermeros-en-la-sede-magdalena-centro\/"},"author":{"name":"ofiprensa","@id":"https:\/\/www.ucaldas.edu.co\/portal\/#\/schema\/person\/a1b482e23449158b4bc319926c074fdf"},"headline":"Nuevo laboratorio de simulaci\u00f3n fortalece la formaci\u00f3n de futuros m\u00e9dicos y enfermeros en la sede Magdalena Centro","datePublished":"2026-09-01T20:40:29+00:00","mainEntityOfPage":{"@id":"https:\/\/www.ucaldas.edu.co\/portal\/nuevo-laboratorio-de-simulacion-fortalece-la-formacion-de-futuros-medicos-y-enfermeros-en-la-sede-magdalena-centro\/"},"wordCount":671,"publisher":{"@id":"https:\/\/www.ucaldas.edu.co\/portal\/#organization"},"image":{"@id":"https:\/\/www.ucaldas.edu.co\/portal\/nuevo-laboratorio-de-simulacion-fortalece-la-formacion-de-futuros-medicos-y-enfermeros-en-la-sede-magdalena-centro\/#primaryimage"},"thumbnailUrl":"https:\/\/www.ucaldas.edu.co\/portal\/wp-content\/uploads\/2026\/09\/Portada-1-scaled-e1788292555367.jpg","keywords":["sede magdalena centro","Laboratorio simulaci\u00f3n b\u00e1sica y anatom\u00eda"],"articleSection":["Actualidad","Universidad al D\u00eda","UCaldas Regional"],"inLanguage":"es"},{"@type":"WebPage","@id":"https:\/\/www.ucaldas.edu.co\/portal\/nuevo-laboratorio-de-simulacion-fortalece-la-formacion-de-futuros-medicos-y-enfermeros-en-la-sede-magdalena-centro\/","url":"https:\/\/www.ucaldas.edu.co\/portal\/nuevo-laboratorio-de-simulacion-fortalece-la-formacion-de-futuros-medicos-y-enfermeros-en-la-sede-magdalena-centro\/","name":"Nuevo laboratorio de simulaci\u00f3n fortalece la formaci\u00f3n de futuros m\u00e9dicos y enfermeros en la sede Magdalena Centro .","isPartOf":{"@id":"https:\/\/www.ucaldas.edu.co\/portal\/#website"},"primaryImageOfPage":{"@id":"https:\/\/www.ucaldas.edu.co\/portal\/nuevo-laboratorio-de-simulacion-fortalece-la-formacion-de-futuros-medicos-y-enfermeros-en-la-sede-magdalena-centro\/#primaryimage"},"image":{"@id":"https:\/\/www.ucaldas.edu.co\/portal\/nuevo-laboratorio-de-simulacion-fortalece-la-formacion-de-futuros-medicos-y-enfermeros-en-la-sede-magdalena-centro\/#primaryimage"},"thumbnailUrl":"https:\/\/www.ucaldas.edu.co\/portal\/wp-content\/uploads\/2026\/09\/Portada-1-scaled-e1788292555367.jpg","datePublished":"2026-09-01T20:40:29+00:00","breadcrumb":{"@id":"https:\/\/www.ucaldas.edu.co\/portal\/nuevo-laboratorio-de-simulacion-fortalece-la-formacion-de-futuros-medicos-y-enfermeros-en-la-sede-magdalena-centro\/#breadcrumb"},"inLanguage":"es","potentialAction":[{"@type":"ReadAction","target":["https:\/\/www.ucaldas.edu.co\/portal\/nuevo-laboratorio-de-simulacion-fortalece-la-formacion-de-futuros-medicos-y-enfermeros-en-la-sede-magdalena-centro\/"]}]},{"@type":"ImageObject","inLanguage":"es","@id":"https:\/\/www.ucaldas.edu.co\/portal\/nuevo-laboratorio-de-simulacion-fortalece-la-formacion-de-futuros-medicos-y-enfermeros-en-la-sede-magdalena-centro\/#primaryimage","url":"https:\/\/www.ucaldas.edu.co\/portal\/wp-content\/uploads\/2026\/09\/Portada-1-scaled-e1788292555367.jpg","contentUrl":"https:\/\/www.ucaldas.edu.co\/portal\/wp-content\/uploads\/2026\/09\/Portada-1-scaled-e1788292555367.jpg","width":900,"height":675},{"@type":"BreadcrumbList","@id":"https:\/\/www.ucaldas.edu.co\/portal\/nuevo-laboratorio-de-simulacion-fortalece-la-formacion-de-futuros-medicos-y-enfermeros-en-la-sede-magdalena-centro\/#breadcrumb","itemListElement":[{"@type":"ListItem","position":1,"name":"Portada","item":"https:\/\/www.ucaldas.edu.co\/portal\/"},{"@type":"ListItem","position":2,"name":"Nuevo laboratorio de simulaci\u00f3n fortalece la formaci\u00f3n de futuros m\u00e9dicos y enfermeros en la sede Magdalena Centro"}]},{"@type":"WebSite","@id":"https:\/\/www.ucaldas.edu.co\/portal\/#website","url":"https:\/\/www.ucaldas.edu.co\/portal\/","name":"Universidad de Caldas","description":"","publisher":{"@id":"https:\/\/www.ucaldas.edu.co\/portal\/#organization"},"alternateName":"U. de Caldas","potentialAction":[{"@type":"SearchAction","target":{"@type":"EntryPoint","urlTemplate":"https:\/\/www.ucaldas.edu.co\/portal\/?s={search_term_string}"},"query-input":{"@type":"PropertyValueSpecification","valueRequired":true,"valueName":"search_term_string"}}],"inLanguage":"es"},{"@type":"Organization","@id":"https:\/\/www.ucaldas.edu.co\/portal\/#organization","name":"Universidad de Caldas","alternateName":"U. de Caldas","url":"https:\/\/www.ucaldas.edu.co\/portal\/","logo":{"@type":"ImageObject","inLanguage":"es","@id":"https:\/\/www.ucaldas.edu.co\/portal\/#\/schema\/logo\/image\/","url":"https:\/\/www.ucaldas.edu.co\/portal\/wp-content\/uploads\/2023\/11\/Logo_horizontal_oscuroU-2023.png","contentUrl":"https:\/\/www.ucaldas.edu.co\/portal\/wp-content\/uploads\/2023\/11\/Logo_horizontal_oscuroU-2023.png","width":263,"height":101,"caption":"Universidad de Caldas"},"image":{"@id":"https:\/\/www.ucaldas.edu.co\/portal\/#\/schema\/logo\/image\/"},"sameAs":["https:\/\/www.facebook.com\/udecaldas","https:\/\/x.com\/udecaldas","https:\/\/www.youtube.com\/universidadcaldas","https:\/\/www.instagram.com\/udecaldas\/"]},{"@type":"Person","@id":"https:\/\/www.ucaldas.edu.co\/portal\/#\/schema\/person\/a1b482e23449158b4bc319926c074fdf","name":"ofiprensa","image":{"@type":"ImageObject","inLanguage":"es","@id":"https:\/\/www.ucaldas.edu.co\/portal\/wp-content\/litespeed\/avatar\/09ea5085e600095a7a811142c6944527.jpg?ver=1787779368","url":"https:\/\/www.ucaldas.edu.co\/portal\/wp-content\/litespeed\/avatar\/09ea5085e600095a7a811142c6944527.jpg?ver=1787779368","contentUrl":"https:\/\/www.ucaldas.edu.co\/portal\/wp-content\/litespeed\/avatar\/09ea5085e600095a7a811142c6944527.jpg?ver=1787779368","caption":"ofiprensa"},"url":"https:\/\/www.ucaldas.edu.co\/portal\/author\/ofiprensa\/"}]}},"_links":{"self":[{"href":"https:\/\/www.ucaldas.edu.co\/portal\/wp-json\/wp\/v2\/posts\/105943","targetHints":{"allow":["GET"]}}],"collection":[{"href":"https:\/\/www.ucaldas.edu.co\/portal\/wp-json\/wp\/v2\/posts"}],"about":[{"href":"https:\/\/www.ucaldas.edu.co\/portal\/wp-json\/wp\/v2\/types\/post"}],"author":[{"embeddable":true,"href":"https:\/\/www.ucaldas.edu.co\/portal\/wp-json\/wp\/v2\/users\/2"}],"replies":[{"embeddable":true,"href":"https:\/\/www.ucaldas.edu.co\/portal\/wp-json\/wp\/v2\/comments?post=105943"}],"version-history":[{"count":1,"href":"https:\/\/www.ucaldas.edu.co\/portal\/wp-json\/wp\/v2\/posts\/105943\/revisions"}],"predecessor-version":[{"id":105957,"href":"https:\/\/www.ucaldas.edu.co\/portal\/wp-json\/wp\/v2\/posts\/105943\/revisions\/105957"}],"wp:featuredmedia":[{"embeddable":true,"href":"https:\/\/www.ucaldas.edu.co\/portal\/wp-json\/wp\/v2\/media\/105946"}],"wp:attachment":[{"href":"https:\/\/www.ucaldas.edu.co\/portal\/wp-json\/wp\/v2\/media?parent=105943"}],"wp:term":[{"taxonomy":"category","embeddable":true,"href":"https:\/\/www.ucaldas.edu.co\/portal\/wp-json\/wp\/v2\/categories?post=105943"},{"taxonomy":"post_tag","embeddable":true,"href":"https:\/\/www.ucaldas.edu.co\/portal\/wp-json\/wp\/v2\/tags?post=105943"}],"curies":[{"name":"wp","href":"https:\/\/api.w.org\/{rel}","templated":true}]}}