{"id":105938,"date":"2026-09-01T14:42:40","date_gmt":"2026-09-01T19:42:40","guid":{"rendered":"https:\/\/www.ucaldas.edu.co\/portal\/?p=105938"},"modified":"2026-09-01T14:42:40","modified_gmt":"2026-09-01T19:42:40","slug":"la-universidad-de-caldas-gradua-su-primera-cohorte-de-la-especializacion-en-inteligencia-artificial-y-analitica-de-datos","status":"publish","type":"post","link":"https:\/\/www.ucaldas.edu.co\/portal\/la-universidad-de-caldas-gradua-su-primera-cohorte-de-la-especializacion-en-inteligencia-artificial-y-analitica-de-datos\/","title":{"rendered":"La Universidad de Caldas grad\u00faa su primera cohorte de la Especializaci\u00f3n en Inteligencia Artificial y Anal\u00edtica de Datos"},"content":{"rendered":"<p style=\"text-align: justify;\"><img loading=\"lazy\" decoding=\"async\" class=\"alignnone wp-image-105941 size-full\" src=\"https:\/\/www.ucaldas.edu.co\/portal\/wp-content\/uploads\/2026\/09\/IMG_3751-1-scaled-e1788291656343.jpg\" alt=\"Grados I.A\" width=\"900\" height=\"675\" \/><\/p>\n<p style=\"text-align: justify;\">14 profesionales culminaron con \u00e9xito el programa, consolidando a la Facultad de Inteligencia Artificial e Ingenier\u00edas como referente regional en la formaci\u00f3n de talento especializado en IA.<!--more--><\/p>\n<p style=\"text-align: justify;\">El pasado viernes 28 de agosto, la Universidad de Caldas realiz\u00f3 su ceremonia de grados del primer semestre de 2026, en la que la Facultad de Inteligencia Artificial e Ingenier\u00edas celebr\u00f3 un hito hist\u00f3rico: la graduaci\u00f3n de la primera cohorte de la Especializaci\u00f3n en Inteligencia Artificial y Anal\u00edtica de Datos.<\/p>\n<p style=\"text-align: justify;\">Esta primera promoci\u00f3n de 14 profesionales representa un paso decisivo en la apuesta institucional por conectar la academia con las necesidades reales del sector productivo, formando profesionales capaces de liderar procesos de transformaci\u00f3n digital, anal\u00edtica avanzada e implementaci\u00f3n de soluciones de inteligencia artificial en organizaciones p\u00fablicas y privadas de la regi\u00f3n.<\/p>\n<p style=\"text-align: justify;\">\u201cOrgulloso porque somos la primera cohorte de la especializaci\u00f3n. Fue una experiencia muy enriquecedora, actualizamos muchos conocimientos\u201d Especialista en Inteligencia Artificial y Anal\u00edtica de Datos, David P\u00e9rez Arias.<\/p>\n<p style=\"text-align: justify;\">La Especializaci\u00f3n en Inteligencia Artificial y Anal\u00edtica de Datos forma parte de la oferta acad\u00e9mica de posgrado de la Facultad, orientada a profesionales de distintas disciplinas interesados en fortalecer sus competencias en ciencia de datos, aprendizaje autom\u00e1tico y aplicaci\u00f3n estrat\u00e9gica de la IA en contextos organizacionales.<\/p>\n<p style=\"text-align: justify;\">Con esta primera cohorte graduada, la Facultad de Inteligencia Artificial e Ingenier\u00edas reafirma su compromiso con el desarrollo de talento humano altamente calificado, en l\u00ednea con sus iniciativas estrat\u00e9gicas de articulaci\u00f3n entre la academia y el sector productivo.<\/p>\n<p><strong>Anexo:<\/strong><\/p>\n<p><a href=\"https:\/\/www.ucaldas.edu.co\/portal\/wp-content\/uploads\/2026\/09\/Mariana-Ca\u0301rdenas.mp3\"><strong>-Audio Especialista en Inteligencia Artificial y Anal\u00edtica de Datos, Mariana Cardenas<\/strong><\/a><\/p>\n<audio class=\"wp-audio-shortcode\" id=\"audio-105938-1\" preload=\"none\" style=\"width: 100%;\" controls=\"controls\"><source type=\"audio\/mpeg\" src=\"https:\/\/www.ucaldas.edu.co\/portal\/wp-content\/uploads\/2026\/09\/Mariana-Ca\u0301rdenas.mp3?_=1\" \/><a href=\"https:\/\/www.ucaldas.edu.co\/portal\/wp-content\/uploads\/2026\/09\/Mariana-Ca\u0301rdenas.mp3\">https:\/\/www.ucaldas.edu.co\/portal\/wp-content\/uploads\/2026\/09\/Mariana-Ca\u0301rdenas.mp3<\/a><\/audio>\n<p><a href=\"https:\/\/www.ucaldas.edu.co\/portal\/wp-content\/uploads\/2026\/09\/Luis-Miguel-Rami\u0301rez.mp3\"><strong>-Audio Especialista en Inteligencia Artificial y Anal\u00edtica de Datos, Luis Miguel Ram\u00edrez<\/strong><\/a><\/p>\n<audio class=\"wp-audio-shortcode\" id=\"audio-105938-2\" preload=\"none\" style=\"width: 100%;\" controls=\"controls\"><source type=\"audio\/mpeg\" src=\"https:\/\/www.ucaldas.edu.co\/portal\/wp-content\/uploads\/2026\/09\/Luis-Miguel-Rami\u0301rez.mp3?_=2\" \/><a href=\"https:\/\/www.ucaldas.edu.co\/portal\/wp-content\/uploads\/2026\/09\/Luis-Miguel-Rami\u0301rez.mp3\">https:\/\/www.ucaldas.edu.co\/portal\/wp-content\/uploads\/2026\/09\/Luis-Miguel-Rami\u0301rez.mp3<\/a><\/audio>\n","protected":false},"excerpt":{"rendered":"<p>14 profesionales culminaron con \u00e9xito el programa, consolidando a la Facultad de Inteligencia Artificial e Ingenier\u00edas como referente regional en la formaci\u00f3n de talento especializado en IA.<\/p>\n","protected":false},"author":2,"featured_media":105941,"comment_status":"closed","ping_status":"open","sticky":false,"template":"","format":"standard","meta":{"footnotes":"","_members_access_role":[],"_members_access_error":""},"categories":[48,53,10056],"tags":[10092],"class_list":["post-105938","post","type-post","status-publish","format-standard","has-post-thumbnail","hentry","category-actualidad","category-universidad-al-dia","category-facultadia","tag-especializacion-en-inteligencia-artificial-y-analitica-de-datos"],"yoast_head":"<!-- This site is optimized with the Yoast SEO plugin v28.3 - https:\/\/yoast.com\/product\/yoast-seo-wordpress\/ -->\n<title>La Universidad de Caldas grad\u00faa su primera cohorte de la Especializaci\u00f3n en Inteligencia Artificial y Anal\u00edtica de Datos .<\/title>\n<meta name=\"robots\" content=\"index, follow, max-snippet:-1, max-image-preview:large, max-video-preview:-1\" \/>\n<link rel=\"canonical\" href=\"https:\/\/www.ucaldas.edu.co\/portal\/la-universidad-de-caldas-gradua-su-primera-cohorte-de-la-especializacion-en-inteligencia-artificial-y-analitica-de-datos\/\" \/>\n<script type=\"application\/ld+json\" class=\"yoast-schema-graph\">{\"@context\":\"https:\\\/\\\/schema.org\",\"@graph\":[{\"@type\":\"Article\",\"@id\":\"https:\\\/\\\/www.ucaldas.edu.co\\\/portal\\\/la-universidad-de-caldas-gradua-su-primera-cohorte-de-la-especializacion-en-inteligencia-artificial-y-analitica-de-datos\\\/#article\",\"isPartOf\":{\"@id\":\"https:\\\/\\\/www.ucaldas.edu.co\\\/portal\\\/la-universidad-de-caldas-gradua-su-primera-cohorte-de-la-especializacion-en-inteligencia-artificial-y-analitica-de-datos\\\/\"},\"author\":{\"name\":\"ofiprensa\",\"@id\":\"https:\\\/\\\/www.ucaldas.edu.co\\\/portal\\\/#\\\/schema\\\/person\\\/a1b482e23449158b4bc319926c074fdf\"},\"headline\":\"La Universidad de Caldas grad\u00faa su primera cohorte de la Especializaci\u00f3n en Inteligencia Artificial y Anal\u00edtica de Datos\",\"datePublished\":\"2026-09-01T19:42:40+00:00\",\"mainEntityOfPage\":{\"@id\":\"https:\\\/\\\/www.ucaldas.edu.co\\\/portal\\\/la-universidad-de-caldas-gradua-su-primera-cohorte-de-la-especializacion-en-inteligencia-artificial-y-analitica-de-datos\\\/\"},\"wordCount\":338,\"publisher\":{\"@id\":\"https:\\\/\\\/www.ucaldas.edu.co\\\/portal\\\/#organization\"},\"image\":{\"@id\":\"https:\\\/\\\/www.ucaldas.edu.co\\\/portal\\\/la-universidad-de-caldas-gradua-su-primera-cohorte-de-la-especializacion-en-inteligencia-artificial-y-analitica-de-datos\\\/#primaryimage\"},\"thumbnailUrl\":\"https:\\\/\\\/www.ucaldas.edu.co\\\/portal\\\/wp-content\\\/uploads\\\/2026\\\/09\\\/IMG_3751-1-scaled-e1788291656343.jpg\",\"keywords\":[\"Especializaci\u00f3n en Inteligencia Artificial y Anal\u00edtica de Datos\"],\"articleSection\":[\"Actualidad\",\"Universidad al D\u00eda\",\"FacultadIA\"],\"inLanguage\":\"es\"},{\"@type\":\"WebPage\",\"@id\":\"https:\\\/\\\/www.ucaldas.edu.co\\\/portal\\\/la-universidad-de-caldas-gradua-su-primera-cohorte-de-la-especializacion-en-inteligencia-artificial-y-analitica-de-datos\\\/\",\"url\":\"https:\\\/\\\/www.ucaldas.edu.co\\\/portal\\\/la-universidad-de-caldas-gradua-su-primera-cohorte-de-la-especializacion-en-inteligencia-artificial-y-analitica-de-datos\\\/\",\"name\":\"La Universidad de Caldas grad\u00faa su primera cohorte de la Especializaci\u00f3n en Inteligencia Artificial y Anal\u00edtica de Datos .\",\"isPartOf\":{\"@id\":\"https:\\\/\\\/www.ucaldas.edu.co\\\/portal\\\/#website\"},\"primaryImageOfPage\":{\"@id\":\"https:\\\/\\\/www.ucaldas.edu.co\\\/portal\\\/la-universidad-de-caldas-gradua-su-primera-cohorte-de-la-especializacion-en-inteligencia-artificial-y-analitica-de-datos\\\/#primaryimage\"},\"image\":{\"@id\":\"https:\\\/\\\/www.ucaldas.edu.co\\\/portal\\\/la-universidad-de-caldas-gradua-su-primera-cohorte-de-la-especializacion-en-inteligencia-artificial-y-analitica-de-datos\\\/#primaryimage\"},\"thumbnailUrl\":\"https:\\\/\\\/www.ucaldas.edu.co\\\/portal\\\/wp-content\\\/uploads\\\/2026\\\/09\\\/IMG_3751-1-scaled-e1788291656343.jpg\",\"datePublished\":\"2026-09-01T19:42:40+00:00\",\"breadcrumb\":{\"@id\":\"https:\\\/\\\/www.ucaldas.edu.co\\\/portal\\\/la-universidad-de-caldas-gradua-su-primera-cohorte-de-la-especializacion-en-inteligencia-artificial-y-analitica-de-datos\\\/#breadcrumb\"},\"inLanguage\":\"es\",\"potentialAction\":[{\"@type\":\"ReadAction\",\"target\":[\"https:\\\/\\\/www.ucaldas.edu.co\\\/portal\\\/la-universidad-de-caldas-gradua-su-primera-cohorte-de-la-especializacion-en-inteligencia-artificial-y-analitica-de-datos\\\/\"]}]},{\"@type\":\"ImageObject\",\"inLanguage\":\"es\",\"@id\":\"https:\\\/\\\/www.ucaldas.edu.co\\\/portal\\\/la-universidad-de-caldas-gradua-su-primera-cohorte-de-la-especializacion-en-inteligencia-artificial-y-analitica-de-datos\\\/#primaryimage\",\"url\":\"https:\\\/\\\/www.ucaldas.edu.co\\\/portal\\\/wp-content\\\/uploads\\\/2026\\\/09\\\/IMG_3751-1-scaled-e1788291656343.jpg\",\"contentUrl\":\"https:\\\/\\\/www.ucaldas.edu.co\\\/portal\\\/wp-content\\\/uploads\\\/2026\\\/09\\\/IMG_3751-1-scaled-e1788291656343.jpg\",\"width\":900,\"height\":675,\"caption\":\"Grados I.A\"},{\"@type\":\"BreadcrumbList\",\"@id\":\"https:\\\/\\\/www.ucaldas.edu.co\\\/portal\\\/la-universidad-de-caldas-gradua-su-primera-cohorte-de-la-especializacion-en-inteligencia-artificial-y-analitica-de-datos\\\/#breadcrumb\",\"itemListElement\":[{\"@type\":\"ListItem\",\"position\":1,\"name\":\"Portada\",\"item\":\"https:\\\/\\\/www.ucaldas.edu.co\\\/portal\\\/\"},{\"@type\":\"ListItem\",\"position\":2,\"name\":\"La Universidad de Caldas grad\u00faa su primera cohorte de la Especializaci\u00f3n en Inteligencia Artificial y Anal\u00edtica de Datos\"}]},{\"@type\":\"WebSite\",\"@id\":\"https:\\\/\\\/www.ucaldas.edu.co\\\/portal\\\/#website\",\"url\":\"https:\\\/\\\/www.ucaldas.edu.co\\\/portal\\\/\",\"name\":\"Universidad de Caldas\",\"description\":\"\",\"publisher\":{\"@id\":\"https:\\\/\\\/www.ucaldas.edu.co\\\/portal\\\/#organization\"},\"alternateName\":\"U. de Caldas\",\"potentialAction\":[{\"@type\":\"SearchAction\",\"target\":{\"@type\":\"EntryPoint\",\"urlTemplate\":\"https:\\\/\\\/www.ucaldas.edu.co\\\/portal\\\/?s={search_term_string}\"},\"query-input\":{\"@type\":\"PropertyValueSpecification\",\"valueRequired\":true,\"valueName\":\"search_term_string\"}}],\"inLanguage\":\"es\"},{\"@type\":\"Organization\",\"@id\":\"https:\\\/\\\/www.ucaldas.edu.co\\\/portal\\\/#organization\",\"name\":\"Universidad de Caldas\",\"alternateName\":\"U. de Caldas\",\"url\":\"https:\\\/\\\/www.ucaldas.edu.co\\\/portal\\\/\",\"logo\":{\"@type\":\"ImageObject\",\"inLanguage\":\"es\",\"@id\":\"https:\\\/\\\/www.ucaldas.edu.co\\\/portal\\\/#\\\/schema\\\/logo\\\/image\\\/\",\"url\":\"https:\\\/\\\/www.ucaldas.edu.co\\\/portal\\\/wp-content\\\/uploads\\\/2023\\\/11\\\/Logo_horizontal_oscuroU-2023.png\",\"contentUrl\":\"https:\\\/\\\/www.ucaldas.edu.co\\\/portal\\\/wp-content\\\/uploads\\\/2023\\\/11\\\/Logo_horizontal_oscuroU-2023.png\",\"width\":263,\"height\":101,\"caption\":\"Universidad de Caldas\"},\"image\":{\"@id\":\"https:\\\/\\\/www.ucaldas.edu.co\\\/portal\\\/#\\\/schema\\\/logo\\\/image\\\/\"},\"sameAs\":[\"https:\\\/\\\/www.facebook.com\\\/udecaldas\",\"https:\\\/\\\/x.com\\\/udecaldas\",\"https:\\\/\\\/www.youtube.com\\\/universidadcaldas\",\"https:\\\/\\\/www.instagram.com\\\/udecaldas\\\/\"]},{\"@type\":\"Person\",\"@id\":\"https:\\\/\\\/www.ucaldas.edu.co\\\/portal\\\/#\\\/schema\\\/person\\\/a1b482e23449158b4bc319926c074fdf\",\"name\":\"ofiprensa\",\"image\":{\"@type\":\"ImageObject\",\"inLanguage\":\"es\",\"@id\":\"https:\\\/\\\/www.ucaldas.edu.co\\\/portal\\\/wp-content\\\/litespeed\\\/avatar\\\/09ea5085e600095a7a811142c6944527.jpg?ver=1787779368\",\"url\":\"https:\\\/\\\/www.ucaldas.edu.co\\\/portal\\\/wp-content\\\/litespeed\\\/avatar\\\/09ea5085e600095a7a811142c6944527.jpg?ver=1787779368\",\"contentUrl\":\"https:\\\/\\\/www.ucaldas.edu.co\\\/portal\\\/wp-content\\\/litespeed\\\/avatar\\\/09ea5085e600095a7a811142c6944527.jpg?ver=1787779368\",\"caption\":\"ofiprensa\"},\"url\":\"https:\\\/\\\/www.ucaldas.edu.co\\\/portal\\\/author\\\/ofiprensa\\\/\"}]}<\/script>\n<!-- \/ Yoast SEO plugin. -->","yoast_head_json":{"title":"La Universidad de Caldas grad\u00faa su primera cohorte de la Especializaci\u00f3n en Inteligencia Artificial y Anal\u00edtica de Datos .","robots":{"index":"index","follow":"follow","max-snippet":"max-snippet:-1","max-image-preview":"max-image-preview:large","max-video-preview":"max-video-preview:-1"},"canonical":"https:\/\/www.ucaldas.edu.co\/portal\/la-universidad-de-caldas-gradua-su-primera-cohorte-de-la-especializacion-en-inteligencia-artificial-y-analitica-de-datos\/","schema":{"@context":"https:\/\/schema.org","@graph":[{"@type":"Article","@id":"https:\/\/www.ucaldas.edu.co\/portal\/la-universidad-de-caldas-gradua-su-primera-cohorte-de-la-especializacion-en-inteligencia-artificial-y-analitica-de-datos\/#article","isPartOf":{"@id":"https:\/\/www.ucaldas.edu.co\/portal\/la-universidad-de-caldas-gradua-su-primera-cohorte-de-la-especializacion-en-inteligencia-artificial-y-analitica-de-datos\/"},"author":{"name":"ofiprensa","@id":"https:\/\/www.ucaldas.edu.co\/portal\/#\/schema\/person\/a1b482e23449158b4bc319926c074fdf"},"headline":"La Universidad de Caldas grad\u00faa su primera cohorte de la Especializaci\u00f3n en Inteligencia Artificial y Anal\u00edtica de Datos","datePublished":"2026-09-01T19:42:40+00:00","mainEntityOfPage":{"@id":"https:\/\/www.ucaldas.edu.co\/portal\/la-universidad-de-caldas-gradua-su-primera-cohorte-de-la-especializacion-en-inteligencia-artificial-y-analitica-de-datos\/"},"wordCount":338,"publisher":{"@id":"https:\/\/www.ucaldas.edu.co\/portal\/#organization"},"image":{"@id":"https:\/\/www.ucaldas.edu.co\/portal\/la-universidad-de-caldas-gradua-su-primera-cohorte-de-la-especializacion-en-inteligencia-artificial-y-analitica-de-datos\/#primaryimage"},"thumbnailUrl":"https:\/\/www.ucaldas.edu.co\/portal\/wp-content\/uploads\/2026\/09\/IMG_3751-1-scaled-e1788291656343.jpg","keywords":["Especializaci\u00f3n en Inteligencia Artificial y Anal\u00edtica de Datos"],"articleSection":["Actualidad","Universidad al D\u00eda","FacultadIA"],"inLanguage":"es"},{"@type":"WebPage","@id":"https:\/\/www.ucaldas.edu.co\/portal\/la-universidad-de-caldas-gradua-su-primera-cohorte-de-la-especializacion-en-inteligencia-artificial-y-analitica-de-datos\/","url":"https:\/\/www.ucaldas.edu.co\/portal\/la-universidad-de-caldas-gradua-su-primera-cohorte-de-la-especializacion-en-inteligencia-artificial-y-analitica-de-datos\/","name":"La Universidad de Caldas grad\u00faa su primera cohorte de la Especializaci\u00f3n en Inteligencia Artificial y Anal\u00edtica de Datos .","isPartOf":{"@id":"https:\/\/www.ucaldas.edu.co\/portal\/#website"},"primaryImageOfPage":{"@id":"https:\/\/www.ucaldas.edu.co\/portal\/la-universidad-de-caldas-gradua-su-primera-cohorte-de-la-especializacion-en-inteligencia-artificial-y-analitica-de-datos\/#primaryimage"},"image":{"@id":"https:\/\/www.ucaldas.edu.co\/portal\/la-universidad-de-caldas-gradua-su-primera-cohorte-de-la-especializacion-en-inteligencia-artificial-y-analitica-de-datos\/#primaryimage"},"thumbnailUrl":"https:\/\/www.ucaldas.edu.co\/portal\/wp-content\/uploads\/2026\/09\/IMG_3751-1-scaled-e1788291656343.jpg","datePublished":"2026-09-01T19:42:40+00:00","breadcrumb":{"@id":"https:\/\/www.ucaldas.edu.co\/portal\/la-universidad-de-caldas-gradua-su-primera-cohorte-de-la-especializacion-en-inteligencia-artificial-y-analitica-de-datos\/#breadcrumb"},"inLanguage":"es","potentialAction":[{"@type":"ReadAction","target":["https:\/\/www.ucaldas.edu.co\/portal\/la-universidad-de-caldas-gradua-su-primera-cohorte-de-la-especializacion-en-inteligencia-artificial-y-analitica-de-datos\/"]}]},{"@type":"ImageObject","inLanguage":"es","@id":"https:\/\/www.ucaldas.edu.co\/portal\/la-universidad-de-caldas-gradua-su-primera-cohorte-de-la-especializacion-en-inteligencia-artificial-y-analitica-de-datos\/#primaryimage","url":"https:\/\/www.ucaldas.edu.co\/portal\/wp-content\/uploads\/2026\/09\/IMG_3751-1-scaled-e1788291656343.jpg","contentUrl":"https:\/\/www.ucaldas.edu.co\/portal\/wp-content\/uploads\/2026\/09\/IMG_3751-1-scaled-e1788291656343.jpg","width":900,"height":675,"caption":"Grados I.A"},{"@type":"BreadcrumbList","@id":"https:\/\/www.ucaldas.edu.co\/portal\/la-universidad-de-caldas-gradua-su-primera-cohorte-de-la-especializacion-en-inteligencia-artificial-y-analitica-de-datos\/#breadcrumb","itemListElement":[{"@type":"ListItem","position":1,"name":"Portada","item":"https:\/\/www.ucaldas.edu.co\/portal\/"},{"@type":"ListItem","position":2,"name":"La Universidad de Caldas grad\u00faa su primera cohorte de la Especializaci\u00f3n en Inteligencia Artificial y Anal\u00edtica de Datos"}]},{"@type":"WebSite","@id":"https:\/\/www.ucaldas.edu.co\/portal\/#website","url":"https:\/\/www.ucaldas.edu.co\/portal\/","name":"Universidad de Caldas","description":"","publisher":{"@id":"https:\/\/www.ucaldas.edu.co\/portal\/#organization"},"alternateName":"U. de Caldas","potentialAction":[{"@type":"SearchAction","target":{"@type":"EntryPoint","urlTemplate":"https:\/\/www.ucaldas.edu.co\/portal\/?s={search_term_string}"},"query-input":{"@type":"PropertyValueSpecification","valueRequired":true,"valueName":"search_term_string"}}],"inLanguage":"es"},{"@type":"Organization","@id":"https:\/\/www.ucaldas.edu.co\/portal\/#organization","name":"Universidad de Caldas","alternateName":"U. de Caldas","url":"https:\/\/www.ucaldas.edu.co\/portal\/","logo":{"@type":"ImageObject","inLanguage":"es","@id":"https:\/\/www.ucaldas.edu.co\/portal\/#\/schema\/logo\/image\/","url":"https:\/\/www.ucaldas.edu.co\/portal\/wp-content\/uploads\/2023\/11\/Logo_horizontal_oscuroU-2023.png","contentUrl":"https:\/\/www.ucaldas.edu.co\/portal\/wp-content\/uploads\/2023\/11\/Logo_horizontal_oscuroU-2023.png","width":263,"height":101,"caption":"Universidad de Caldas"},"image":{"@id":"https:\/\/www.ucaldas.edu.co\/portal\/#\/schema\/logo\/image\/"},"sameAs":["https:\/\/www.facebook.com\/udecaldas","https:\/\/x.com\/udecaldas","https:\/\/www.youtube.com\/universidadcaldas","https:\/\/www.instagram.com\/udecaldas\/"]},{"@type":"Person","@id":"https:\/\/www.ucaldas.edu.co\/portal\/#\/schema\/person\/a1b482e23449158b4bc319926c074fdf","name":"ofiprensa","image":{"@type":"ImageObject","inLanguage":"es","@id":"https:\/\/www.ucaldas.edu.co\/portal\/wp-content\/litespeed\/avatar\/09ea5085e600095a7a811142c6944527.jpg?ver=1787779368","url":"https:\/\/www.ucaldas.edu.co\/portal\/wp-content\/litespeed\/avatar\/09ea5085e600095a7a811142c6944527.jpg?ver=1787779368","contentUrl":"https:\/\/www.ucaldas.edu.co\/portal\/wp-content\/litespeed\/avatar\/09ea5085e600095a7a811142c6944527.jpg?ver=1787779368","caption":"ofiprensa"},"url":"https:\/\/www.ucaldas.edu.co\/portal\/author\/ofiprensa\/"}]}},"_links":{"self":[{"href":"https:\/\/www.ucaldas.edu.co\/portal\/wp-json\/wp\/v2\/posts\/105938","targetHints":{"allow":["GET"]}}],"collection":[{"href":"https:\/\/www.ucaldas.edu.co\/portal\/wp-json\/wp\/v2\/posts"}],"about":[{"href":"https:\/\/www.ucaldas.edu.co\/portal\/wp-json\/wp\/v2\/types\/post"}],"author":[{"embeddable":true,"href":"https:\/\/www.ucaldas.edu.co\/portal\/wp-json\/wp\/v2\/users\/2"}],"replies":[{"embeddable":true,"href":"https:\/\/www.ucaldas.edu.co\/portal\/wp-json\/wp\/v2\/comments?post=105938"}],"version-history":[{"count":1,"href":"https:\/\/www.ucaldas.edu.co\/portal\/wp-json\/wp\/v2\/posts\/105938\/revisions"}],"predecessor-version":[{"id":105942,"href":"https:\/\/www.ucaldas.edu.co\/portal\/wp-json\/wp\/v2\/posts\/105938\/revisions\/105942"}],"wp:featuredmedia":[{"embeddable":true,"href":"https:\/\/www.ucaldas.edu.co\/portal\/wp-json\/wp\/v2\/media\/105941"}],"wp:attachment":[{"href":"https:\/\/www.ucaldas.edu.co\/portal\/wp-json\/wp\/v2\/media?parent=105938"}],"wp:term":[{"taxonomy":"category","embeddable":true,"href":"https:\/\/www.ucaldas.edu.co\/portal\/wp-json\/wp\/v2\/categories?post=105938"},{"taxonomy":"post_tag","embeddable":true,"href":"https:\/\/www.ucaldas.edu.co\/portal\/wp-json\/wp\/v2\/tags?post=105938"}],"curies":[{"name":"wp","href":"https:\/\/api.w.org\/{rel}","templated":true}]}}