{"id":104053,"date":"2026-04-30T11:04:36","date_gmt":"2026-04-30T16:04:36","guid":{"rendered":"https:\/\/www.ucaldas.edu.co\/portal\/?p=104053"},"modified":"2026-04-30T16:57:23","modified_gmt":"2026-04-30T21:57:23","slug":"universidad-de-caldas-ajusta-calendarios-academicos-por-facultades-para-garantizar-la-calidad-de-sus-procesos-formativos","status":"publish","type":"post","link":"https:\/\/www.ucaldas.edu.co\/portal\/universidad-de-caldas-ajusta-calendarios-academicos-por-facultades-para-garantizar-la-calidad-de-sus-procesos-formativos\/","title":{"rendered":"Universidad de Caldas ajusta calendarios acad\u00e9micos por Facultades para garantizar la calidad de sus procesos formativos"},"content":{"rendered":"<p style=\"text-align: justify;\"><img loading=\"lazy\" decoding=\"async\" class=\"alignnone wp-image-104055 size-full\" src=\"https:\/\/www.ucaldas.edu.co\/portal\/wp-content\/uploads\/2026\/04\/CAMPUS-CENTRAL-U.-CALDAS-2025-5.JPG-scaled-e1777564992817.jpeg\" alt=\"\" width=\"900\" height=\"600\" \/><\/p>\n<p style=\"text-align: justify;\">Despu\u00e9s del cese de actividades y en atenci\u00f3n a las necesidades y particularidades de cada unidad acad\u00e9mica, la Universidad de Caldas a trav\u00e9s de la Vicerrector\u00eda Acad\u00e9mica realiz\u00f3 modificaciones oficiales a los calendarios acad\u00e9micos correspondientes a cada una de sus facultades. La decisi\u00f3n, adoptada tras un proceso de escucha activa y an\u00e1lisis detallado de las solicitudes presentadas por los diferentes programas acad\u00e9micos y estamentos de la comunidad universitaria, busca garantizar el desarrollo \u00f3ptimo de las actividades formativas del semestre en curso.<!--more--><\/p>\n<p style=\"text-align: justify;\">\u201cEstos ajustes son el resultado de un di\u00e1logo permanente con estudiantes y docentes. La Universidad escucha a su comunidad y toma decisiones que respondan a sus realidades, sin perder de vista los est\u00e1ndares de calidad que nos caracterizan\u201d, se\u00f1al\u00f3 el Vicerrector Acad\u00e9mico de la Universidad de Caldas, Germ\u00e1n G\u00f3mez Londo\u00f1o.<\/p>\n<p style=\"text-align: justify;\"><strong>Modificaciones por facultad<\/strong><\/p>\n<p style=\"text-align: justify;\">La Facultad de Artes y Humanidades, que agrupa los programas de Licenciatura en M\u00fasica, Maestro en M\u00fasica, Artes Pl\u00e1sticas, Licenciatura en Artes Esc\u00e9nicas, Licenciatura en Lenguas Modernas, Artes y Humanidades, y Licenciatura y Profesional en Filosof\u00eda y Letras, tendr\u00e1 4 semanas adicionales y vacaciones del 13 al 24 de julio.<\/p>\n<p style=\"text-align: justify;\">La Facultad de Ciencias Agropecuarias, con los programas de Ingenier\u00eda Agron\u00f3mica, Medicina Veterinaria y Zootecnia, contar\u00e1 con 2 semanas adicionales, intersemestrales el 30 de junio de 2026, y vacaciones del 30 de junio al 11 de julio.<\/p>\n<p style=\"text-align: justify;\">La Facultad de Ciencias Exactas y Naturales, que incluye los programas de Biolog\u00eda, Geolog\u00eda y Licenciatura en Ciencias Sociales, tendr\u00e1 2 semanas adicionales, intersemestrales con inicio el 30 de junio hasta el 31 de julio de 2026, con inscripciones del 17 al 22 de junio, y vacaciones del 30 de junio al 11 de julio.<\/p>\n<p style=\"text-align: justify;\">La Facultad de Ciencias Jur\u00eddicas y Sociales, conformada por los programas de Antropolog\u00eda, Derecho, Desarrollo Familiar, Historia, Licenciatura en Ciencias Sociales, Sociolog\u00eda y Trabajo Social, contempla 3 semanas adicionales y vacaciones del 6 al 17 de julio.<\/p>\n<p style=\"text-align: justify;\">La Facultad de Ciencias para la Salud presenta dos bloques diferenciados: los programas de Enfermer\u00eda y Licenciatura en Educaci\u00f3n F\u00edsica, Recreaci\u00f3n y Deporte tendr\u00e1n 4 semanas adicionales y vacaciones del 13 al 24 de julio; mientras que el programa de Medicina tendr\u00e1 3 semanas adicionales y vacaciones del 6 al 17 de julio.<\/p>\n<p style=\"text-align: justify;\">Finalmente, la Facultad de Ingenier\u00edas y Arquitectura e Inteligencia Artificial, con los programas de Ingenier\u00eda Ambiental y Sanitaria, Ingenier\u00eda de Alimentos, Ingenier\u00eda de Sistemas y Computaci\u00f3n, e Ingenier\u00eda en Inteligencia Artificial, tendr\u00e1 2 semanas adicionales, intersemestrales el 30 de junio de 2026, y vacaciones del 30 de junio al 11 de julio.<\/p>\n<p style=\"text-align: justify;\">Desde la vicerrector\u00eda Acad\u00e9mica se destac\u00f3 que estas modificaciones son prueba del compromiso institucional con el bienestar estudiantil y la calidad acad\u00e9mica, y se invit\u00f3 a toda la comunidad universitaria a consultar los calendarios actualizados a trav\u00e9s de los canales oficiales de la Universidad de Caldas o a trav\u00e9s del siguiente enlace: <a href=\"https:\/\/www.ucaldas.edu.co\/portal\/comunicados-institucionales\/#1637787696455-1d22847c-892a\">https:\/\/www.ucaldas.edu.co\/portal\/comunicados-institucionales\/#1637787696455-1d22847c-892a<\/a><\/p>\n<p style=\"text-align: justify;\"><strong>Anexo:<\/strong><\/p>\n<p style=\"text-align: justify;\"><a href=\"https:\/\/www.ucaldas.edu.co\/portal\/wp-content\/uploads\/2026\/04\/German-online-audio-converter.com_.mp3\"><strong>-Audio Vicerrector Acad\u00e9mico de la Universidad de Caldas, Germ\u00e1n G\u00f3mez Londo\u00f1o. <\/strong><\/a><\/p>\n<audio class=\"wp-audio-shortcode\" id=\"audio-104053-1\" preload=\"none\" style=\"width: 100%;\" controls=\"controls\"><source type=\"audio\/mpeg\" src=\"https:\/\/www.ucaldas.edu.co\/portal\/wp-content\/uploads\/2026\/04\/German-online-audio-converter.com_.mp3?_=1\" \/><a href=\"https:\/\/www.ucaldas.edu.co\/portal\/wp-content\/uploads\/2026\/04\/German-online-audio-converter.com_.mp3\">https:\/\/www.ucaldas.edu.co\/portal\/wp-content\/uploads\/2026\/04\/German-online-audio-converter.com_.mp3<\/a><\/audio>\n","protected":false},"excerpt":{"rendered":"<p>Despu\u00e9s del cese de actividades y en atenci\u00f3n a las necesidades y particularidades de cada unidad acad\u00e9mica, la Universidad de Caldas a trav\u00e9s de la Vicerrector\u00eda Acad\u00e9mica realiz\u00f3 modificaciones oficiales a los calendarios acad\u00e9micos correspondientes a cada una de sus facultades. La decisi\u00f3n, adoptada tras un proceso de escucha activa y an\u00e1lisis detallado de las [&hellip;]<\/p>\n","protected":false},"author":2,"featured_media":104055,"comment_status":"closed","ping_status":"open","sticky":false,"template":"","format":"standard","meta":{"footnotes":""},"categories":[48,53],"tags":[10041],"class_list":["post-104053","post","type-post","status-publish","format-standard","has-post-thumbnail","hentry","category-actualidad","category-universidad-al-dia","tag-modificaciones-calendarios-academicos"],"yoast_head":"<!-- This site is optimized with the Yoast SEO plugin v27.5 - https:\/\/yoast.com\/product\/yoast-seo-wordpress\/ -->\n<title>Universidad de Caldas ajusta calendarios acad\u00e9micos por Facultades para garantizar la calidad de sus procesos formativos .<\/title>\n<meta name=\"robots\" content=\"index, follow, max-snippet:-1, max-image-preview:large, max-video-preview:-1\" \/>\n<link rel=\"canonical\" href=\"https:\/\/www.ucaldas.edu.co\/portal\/universidad-de-caldas-ajusta-calendarios-academicos-por-facultades-para-garantizar-la-calidad-de-sus-procesos-formativos\/\" \/>\n<script type=\"application\/ld+json\" class=\"yoast-schema-graph\">{\"@context\":\"https:\\\/\\\/schema.org\",\"@graph\":[{\"@type\":\"Article\",\"@id\":\"https:\\\/\\\/www.ucaldas.edu.co\\\/portal\\\/universidad-de-caldas-ajusta-calendarios-academicos-por-facultades-para-garantizar-la-calidad-de-sus-procesos-formativos\\\/#article\",\"isPartOf\":{\"@id\":\"https:\\\/\\\/www.ucaldas.edu.co\\\/portal\\\/universidad-de-caldas-ajusta-calendarios-academicos-por-facultades-para-garantizar-la-calidad-de-sus-procesos-formativos\\\/\"},\"author\":{\"name\":\"ofiprensa\",\"@id\":\"https:\\\/\\\/www.ucaldas.edu.co\\\/portal\\\/#\\\/schema\\\/person\\\/a1b482e23449158b4bc319926c074fdf\"},\"headline\":\"Universidad de Caldas ajusta calendarios acad\u00e9micos por Facultades para garantizar la calidad de sus procesos formativos\",\"datePublished\":\"2026-04-30T16:04:36+00:00\",\"dateModified\":\"2026-04-30T21:57:23+00:00\",\"mainEntityOfPage\":{\"@id\":\"https:\\\/\\\/www.ucaldas.edu.co\\\/portal\\\/universidad-de-caldas-ajusta-calendarios-academicos-por-facultades-para-garantizar-la-calidad-de-sus-procesos-formativos\\\/\"},\"wordCount\":543,\"publisher\":{\"@id\":\"https:\\\/\\\/www.ucaldas.edu.co\\\/portal\\\/#organization\"},\"image\":{\"@id\":\"https:\\\/\\\/www.ucaldas.edu.co\\\/portal\\\/universidad-de-caldas-ajusta-calendarios-academicos-por-facultades-para-garantizar-la-calidad-de-sus-procesos-formativos\\\/#primaryimage\"},\"thumbnailUrl\":\"https:\\\/\\\/www.ucaldas.edu.co\\\/portal\\\/wp-content\\\/uploads\\\/2026\\\/04\\\/CAMPUS-CENTRAL-U.-CALDAS-2025-5.JPG-scaled-e1777564992817.jpeg\",\"keywords\":[\"modificaciones calendarios acad\u00e9micos\"],\"articleSection\":[\"Actualidad\",\"Universidad al D\u00eda\"],\"inLanguage\":\"es\"},{\"@type\":\"WebPage\",\"@id\":\"https:\\\/\\\/www.ucaldas.edu.co\\\/portal\\\/universidad-de-caldas-ajusta-calendarios-academicos-por-facultades-para-garantizar-la-calidad-de-sus-procesos-formativos\\\/\",\"url\":\"https:\\\/\\\/www.ucaldas.edu.co\\\/portal\\\/universidad-de-caldas-ajusta-calendarios-academicos-por-facultades-para-garantizar-la-calidad-de-sus-procesos-formativos\\\/\",\"name\":\"Universidad de Caldas ajusta calendarios acad\u00e9micos por Facultades para garantizar la calidad de sus procesos formativos .\",\"isPartOf\":{\"@id\":\"https:\\\/\\\/www.ucaldas.edu.co\\\/portal\\\/#website\"},\"primaryImageOfPage\":{\"@id\":\"https:\\\/\\\/www.ucaldas.edu.co\\\/portal\\\/universidad-de-caldas-ajusta-calendarios-academicos-por-facultades-para-garantizar-la-calidad-de-sus-procesos-formativos\\\/#primaryimage\"},\"image\":{\"@id\":\"https:\\\/\\\/www.ucaldas.edu.co\\\/portal\\\/universidad-de-caldas-ajusta-calendarios-academicos-por-facultades-para-garantizar-la-calidad-de-sus-procesos-formativos\\\/#primaryimage\"},\"thumbnailUrl\":\"https:\\\/\\\/www.ucaldas.edu.co\\\/portal\\\/wp-content\\\/uploads\\\/2026\\\/04\\\/CAMPUS-CENTRAL-U.-CALDAS-2025-5.JPG-scaled-e1777564992817.jpeg\",\"datePublished\":\"2026-04-30T16:04:36+00:00\",\"dateModified\":\"2026-04-30T21:57:23+00:00\",\"breadcrumb\":{\"@id\":\"https:\\\/\\\/www.ucaldas.edu.co\\\/portal\\\/universidad-de-caldas-ajusta-calendarios-academicos-por-facultades-para-garantizar-la-calidad-de-sus-procesos-formativos\\\/#breadcrumb\"},\"inLanguage\":\"es\",\"potentialAction\":[{\"@type\":\"ReadAction\",\"target\":[\"https:\\\/\\\/www.ucaldas.edu.co\\\/portal\\\/universidad-de-caldas-ajusta-calendarios-academicos-por-facultades-para-garantizar-la-calidad-de-sus-procesos-formativos\\\/\"]}]},{\"@type\":\"ImageObject\",\"inLanguage\":\"es\",\"@id\":\"https:\\\/\\\/www.ucaldas.edu.co\\\/portal\\\/universidad-de-caldas-ajusta-calendarios-academicos-por-facultades-para-garantizar-la-calidad-de-sus-procesos-formativos\\\/#primaryimage\",\"url\":\"https:\\\/\\\/www.ucaldas.edu.co\\\/portal\\\/wp-content\\\/uploads\\\/2026\\\/04\\\/CAMPUS-CENTRAL-U.-CALDAS-2025-5.JPG-scaled-e1777564992817.jpeg\",\"contentUrl\":\"https:\\\/\\\/www.ucaldas.edu.co\\\/portal\\\/wp-content\\\/uploads\\\/2026\\\/04\\\/CAMPUS-CENTRAL-U.-CALDAS-2025-5.JPG-scaled-e1777564992817.jpeg\",\"width\":900,\"height\":600},{\"@type\":\"BreadcrumbList\",\"@id\":\"https:\\\/\\\/www.ucaldas.edu.co\\\/portal\\\/universidad-de-caldas-ajusta-calendarios-academicos-por-facultades-para-garantizar-la-calidad-de-sus-procesos-formativos\\\/#breadcrumb\",\"itemListElement\":[{\"@type\":\"ListItem\",\"position\":1,\"name\":\"Portada\",\"item\":\"https:\\\/\\\/www.ucaldas.edu.co\\\/portal\\\/\"},{\"@type\":\"ListItem\",\"position\":2,\"name\":\"Universidad de Caldas ajusta calendarios acad\u00e9micos por Facultades para garantizar la calidad de sus procesos formativos\"}]},{\"@type\":\"WebSite\",\"@id\":\"https:\\\/\\\/www.ucaldas.edu.co\\\/portal\\\/#website\",\"url\":\"https:\\\/\\\/www.ucaldas.edu.co\\\/portal\\\/\",\"name\":\"Universidad de Caldas\",\"description\":\"\",\"publisher\":{\"@id\":\"https:\\\/\\\/www.ucaldas.edu.co\\\/portal\\\/#organization\"},\"alternateName\":\"U. de Caldas\",\"potentialAction\":[{\"@type\":\"SearchAction\",\"target\":{\"@type\":\"EntryPoint\",\"urlTemplate\":\"https:\\\/\\\/www.ucaldas.edu.co\\\/portal\\\/?s={search_term_string}\"},\"query-input\":{\"@type\":\"PropertyValueSpecification\",\"valueRequired\":true,\"valueName\":\"search_term_string\"}}],\"inLanguage\":\"es\"},{\"@type\":\"Organization\",\"@id\":\"https:\\\/\\\/www.ucaldas.edu.co\\\/portal\\\/#organization\",\"name\":\"Universidad de Caldas\",\"alternateName\":\"U. de Caldas\",\"url\":\"https:\\\/\\\/www.ucaldas.edu.co\\\/portal\\\/\",\"logo\":{\"@type\":\"ImageObject\",\"inLanguage\":\"es\",\"@id\":\"https:\\\/\\\/www.ucaldas.edu.co\\\/portal\\\/#\\\/schema\\\/logo\\\/image\\\/\",\"url\":\"https:\\\/\\\/www.ucaldas.edu.co\\\/portal\\\/wp-content\\\/uploads\\\/2023\\\/11\\\/Logo_horizontal_oscuroU-2023.png\",\"contentUrl\":\"https:\\\/\\\/www.ucaldas.edu.co\\\/portal\\\/wp-content\\\/uploads\\\/2023\\\/11\\\/Logo_horizontal_oscuroU-2023.png\",\"width\":263,\"height\":101,\"caption\":\"Universidad de Caldas\"},\"image\":{\"@id\":\"https:\\\/\\\/www.ucaldas.edu.co\\\/portal\\\/#\\\/schema\\\/logo\\\/image\\\/\"},\"sameAs\":[\"https:\\\/\\\/www.facebook.com\\\/udecaldas\",\"https:\\\/\\\/x.com\\\/udecaldas\",\"https:\\\/\\\/www.youtube.com\\\/universidadcaldas\",\"https:\\\/\\\/www.instagram.com\\\/udecaldas\\\/\"]},{\"@type\":\"Person\",\"@id\":\"https:\\\/\\\/www.ucaldas.edu.co\\\/portal\\\/#\\\/schema\\\/person\\\/a1b482e23449158b4bc319926c074fdf\",\"name\":\"ofiprensa\",\"image\":{\"@type\":\"ImageObject\",\"inLanguage\":\"es\",\"@id\":\"https:\\\/\\\/www.ucaldas.edu.co\\\/portal\\\/wp-content\\\/litespeed\\\/avatar\\\/09ea5085e600095a7a811142c6944527.jpg?ver=1777497608\",\"url\":\"https:\\\/\\\/www.ucaldas.edu.co\\\/portal\\\/wp-content\\\/litespeed\\\/avatar\\\/09ea5085e600095a7a811142c6944527.jpg?ver=1777497608\",\"contentUrl\":\"https:\\\/\\\/www.ucaldas.edu.co\\\/portal\\\/wp-content\\\/litespeed\\\/avatar\\\/09ea5085e600095a7a811142c6944527.jpg?ver=1777497608\",\"caption\":\"ofiprensa\"},\"url\":\"https:\\\/\\\/www.ucaldas.edu.co\\\/portal\\\/author\\\/ofiprensa\\\/\"}]}<\/script>\n<!-- \/ Yoast SEO plugin. -->","yoast_head_json":{"title":"Universidad de Caldas ajusta calendarios acad\u00e9micos por Facultades para garantizar la calidad de sus procesos formativos .","robots":{"index":"index","follow":"follow","max-snippet":"max-snippet:-1","max-image-preview":"max-image-preview:large","max-video-preview":"max-video-preview:-1"},"canonical":"https:\/\/www.ucaldas.edu.co\/portal\/universidad-de-caldas-ajusta-calendarios-academicos-por-facultades-para-garantizar-la-calidad-de-sus-procesos-formativos\/","schema":{"@context":"https:\/\/schema.org","@graph":[{"@type":"Article","@id":"https:\/\/www.ucaldas.edu.co\/portal\/universidad-de-caldas-ajusta-calendarios-academicos-por-facultades-para-garantizar-la-calidad-de-sus-procesos-formativos\/#article","isPartOf":{"@id":"https:\/\/www.ucaldas.edu.co\/portal\/universidad-de-caldas-ajusta-calendarios-academicos-por-facultades-para-garantizar-la-calidad-de-sus-procesos-formativos\/"},"author":{"name":"ofiprensa","@id":"https:\/\/www.ucaldas.edu.co\/portal\/#\/schema\/person\/a1b482e23449158b4bc319926c074fdf"},"headline":"Universidad de Caldas ajusta calendarios acad\u00e9micos por Facultades para garantizar la calidad de sus procesos formativos","datePublished":"2026-04-30T16:04:36+00:00","dateModified":"2026-04-30T21:57:23+00:00","mainEntityOfPage":{"@id":"https:\/\/www.ucaldas.edu.co\/portal\/universidad-de-caldas-ajusta-calendarios-academicos-por-facultades-para-garantizar-la-calidad-de-sus-procesos-formativos\/"},"wordCount":543,"publisher":{"@id":"https:\/\/www.ucaldas.edu.co\/portal\/#organization"},"image":{"@id":"https:\/\/www.ucaldas.edu.co\/portal\/universidad-de-caldas-ajusta-calendarios-academicos-por-facultades-para-garantizar-la-calidad-de-sus-procesos-formativos\/#primaryimage"},"thumbnailUrl":"https:\/\/www.ucaldas.edu.co\/portal\/wp-content\/uploads\/2026\/04\/CAMPUS-CENTRAL-U.-CALDAS-2025-5.JPG-scaled-e1777564992817.jpeg","keywords":["modificaciones calendarios acad\u00e9micos"],"articleSection":["Actualidad","Universidad al D\u00eda"],"inLanguage":"es"},{"@type":"WebPage","@id":"https:\/\/www.ucaldas.edu.co\/portal\/universidad-de-caldas-ajusta-calendarios-academicos-por-facultades-para-garantizar-la-calidad-de-sus-procesos-formativos\/","url":"https:\/\/www.ucaldas.edu.co\/portal\/universidad-de-caldas-ajusta-calendarios-academicos-por-facultades-para-garantizar-la-calidad-de-sus-procesos-formativos\/","name":"Universidad de Caldas ajusta calendarios acad\u00e9micos por Facultades para garantizar la calidad de sus procesos formativos .","isPartOf":{"@id":"https:\/\/www.ucaldas.edu.co\/portal\/#website"},"primaryImageOfPage":{"@id":"https:\/\/www.ucaldas.edu.co\/portal\/universidad-de-caldas-ajusta-calendarios-academicos-por-facultades-para-garantizar-la-calidad-de-sus-procesos-formativos\/#primaryimage"},"image":{"@id":"https:\/\/www.ucaldas.edu.co\/portal\/universidad-de-caldas-ajusta-calendarios-academicos-por-facultades-para-garantizar-la-calidad-de-sus-procesos-formativos\/#primaryimage"},"thumbnailUrl":"https:\/\/www.ucaldas.edu.co\/portal\/wp-content\/uploads\/2026\/04\/CAMPUS-CENTRAL-U.-CALDAS-2025-5.JPG-scaled-e1777564992817.jpeg","datePublished":"2026-04-30T16:04:36+00:00","dateModified":"2026-04-30T21:57:23+00:00","breadcrumb":{"@id":"https:\/\/www.ucaldas.edu.co\/portal\/universidad-de-caldas-ajusta-calendarios-academicos-por-facultades-para-garantizar-la-calidad-de-sus-procesos-formativos\/#breadcrumb"},"inLanguage":"es","potentialAction":[{"@type":"ReadAction","target":["https:\/\/www.ucaldas.edu.co\/portal\/universidad-de-caldas-ajusta-calendarios-academicos-por-facultades-para-garantizar-la-calidad-de-sus-procesos-formativos\/"]}]},{"@type":"ImageObject","inLanguage":"es","@id":"https:\/\/www.ucaldas.edu.co\/portal\/universidad-de-caldas-ajusta-calendarios-academicos-por-facultades-para-garantizar-la-calidad-de-sus-procesos-formativos\/#primaryimage","url":"https:\/\/www.ucaldas.edu.co\/portal\/wp-content\/uploads\/2026\/04\/CAMPUS-CENTRAL-U.-CALDAS-2025-5.JPG-scaled-e1777564992817.jpeg","contentUrl":"https:\/\/www.ucaldas.edu.co\/portal\/wp-content\/uploads\/2026\/04\/CAMPUS-CENTRAL-U.-CALDAS-2025-5.JPG-scaled-e1777564992817.jpeg","width":900,"height":600},{"@type":"BreadcrumbList","@id":"https:\/\/www.ucaldas.edu.co\/portal\/universidad-de-caldas-ajusta-calendarios-academicos-por-facultades-para-garantizar-la-calidad-de-sus-procesos-formativos\/#breadcrumb","itemListElement":[{"@type":"ListItem","position":1,"name":"Portada","item":"https:\/\/www.ucaldas.edu.co\/portal\/"},{"@type":"ListItem","position":2,"name":"Universidad de Caldas ajusta calendarios acad\u00e9micos por Facultades para garantizar la calidad de sus procesos formativos"}]},{"@type":"WebSite","@id":"https:\/\/www.ucaldas.edu.co\/portal\/#website","url":"https:\/\/www.ucaldas.edu.co\/portal\/","name":"Universidad de Caldas","description":"","publisher":{"@id":"https:\/\/www.ucaldas.edu.co\/portal\/#organization"},"alternateName":"U. de Caldas","potentialAction":[{"@type":"SearchAction","target":{"@type":"EntryPoint","urlTemplate":"https:\/\/www.ucaldas.edu.co\/portal\/?s={search_term_string}"},"query-input":{"@type":"PropertyValueSpecification","valueRequired":true,"valueName":"search_term_string"}}],"inLanguage":"es"},{"@type":"Organization","@id":"https:\/\/www.ucaldas.edu.co\/portal\/#organization","name":"Universidad de Caldas","alternateName":"U. de Caldas","url":"https:\/\/www.ucaldas.edu.co\/portal\/","logo":{"@type":"ImageObject","inLanguage":"es","@id":"https:\/\/www.ucaldas.edu.co\/portal\/#\/schema\/logo\/image\/","url":"https:\/\/www.ucaldas.edu.co\/portal\/wp-content\/uploads\/2023\/11\/Logo_horizontal_oscuroU-2023.png","contentUrl":"https:\/\/www.ucaldas.edu.co\/portal\/wp-content\/uploads\/2023\/11\/Logo_horizontal_oscuroU-2023.png","width":263,"height":101,"caption":"Universidad de Caldas"},"image":{"@id":"https:\/\/www.ucaldas.edu.co\/portal\/#\/schema\/logo\/image\/"},"sameAs":["https:\/\/www.facebook.com\/udecaldas","https:\/\/x.com\/udecaldas","https:\/\/www.youtube.com\/universidadcaldas","https:\/\/www.instagram.com\/udecaldas\/"]},{"@type":"Person","@id":"https:\/\/www.ucaldas.edu.co\/portal\/#\/schema\/person\/a1b482e23449158b4bc319926c074fdf","name":"ofiprensa","image":{"@type":"ImageObject","inLanguage":"es","@id":"https:\/\/www.ucaldas.edu.co\/portal\/wp-content\/litespeed\/avatar\/09ea5085e600095a7a811142c6944527.jpg?ver=1777497608","url":"https:\/\/www.ucaldas.edu.co\/portal\/wp-content\/litespeed\/avatar\/09ea5085e600095a7a811142c6944527.jpg?ver=1777497608","contentUrl":"https:\/\/www.ucaldas.edu.co\/portal\/wp-content\/litespeed\/avatar\/09ea5085e600095a7a811142c6944527.jpg?ver=1777497608","caption":"ofiprensa"},"url":"https:\/\/www.ucaldas.edu.co\/portal\/author\/ofiprensa\/"}]}},"_links":{"self":[{"href":"https:\/\/www.ucaldas.edu.co\/portal\/wp-json\/wp\/v2\/posts\/104053","targetHints":{"allow":["GET"]}}],"collection":[{"href":"https:\/\/www.ucaldas.edu.co\/portal\/wp-json\/wp\/v2\/posts"}],"about":[{"href":"https:\/\/www.ucaldas.edu.co\/portal\/wp-json\/wp\/v2\/types\/post"}],"author":[{"embeddable":true,"href":"https:\/\/www.ucaldas.edu.co\/portal\/wp-json\/wp\/v2\/users\/2"}],"replies":[{"embeddable":true,"href":"https:\/\/www.ucaldas.edu.co\/portal\/wp-json\/wp\/v2\/comments?post=104053"}],"version-history":[{"count":2,"href":"https:\/\/www.ucaldas.edu.co\/portal\/wp-json\/wp\/v2\/posts\/104053\/revisions"}],"predecessor-version":[{"id":104093,"href":"https:\/\/www.ucaldas.edu.co\/portal\/wp-json\/wp\/v2\/posts\/104053\/revisions\/104093"}],"wp:featuredmedia":[{"embeddable":true,"href":"https:\/\/www.ucaldas.edu.co\/portal\/wp-json\/wp\/v2\/media\/104055"}],"wp:attachment":[{"href":"https:\/\/www.ucaldas.edu.co\/portal\/wp-json\/wp\/v2\/media?parent=104053"}],"wp:term":[{"taxonomy":"category","embeddable":true,"href":"https:\/\/www.ucaldas.edu.co\/portal\/wp-json\/wp\/v2\/categories?post=104053"},{"taxonomy":"post_tag","embeddable":true,"href":"https:\/\/www.ucaldas.edu.co\/portal\/wp-json\/wp\/v2\/tags?post=104053"}],"curies":[{"name":"wp","href":"https:\/\/api.w.org\/{rel}","templated":true}]}}