{"id":104046,"date":"2026-04-30T10:52:36","date_gmt":"2026-04-30T15:52:36","guid":{"rendered":"https:\/\/www.ucaldas.edu.co\/portal\/?p=104046"},"modified":"2026-04-30T10:52:36","modified_gmt":"2026-04-30T15:52:36","slug":"universidad-de-caldas-y-artes-para-la-paz-llega-a-la-filbo-2026-con-seis-actividades-que-conectan-territorio-cultura-y-construccion-de-paz","status":"publish","type":"post","link":"https:\/\/www.ucaldas.edu.co\/portal\/universidad-de-caldas-y-artes-para-la-paz-llega-a-la-filbo-2026-con-seis-actividades-que-conectan-territorio-cultura-y-construccion-de-paz\/","title":{"rendered":"Universidad de Caldas y Artes para la Paz, llega a la FILBo 2026 con seis actividades que conectan territorio, cultura y construcci\u00f3n de paz"},"content":{"rendered":"<p style=\"text-align: justify;\"><img loading=\"lazy\" decoding=\"async\" class=\"alignnone wp-image-104050 size-full\" src=\"https:\/\/www.ucaldas.edu.co\/portal\/wp-content\/uploads\/2026\/04\/496ee9f8-51ef-419c-ac19-1a2cb3f9813d-1-e1777564307646.jpg\" alt=\"\" width=\"900\" height=\"506\" \/><\/p>\n<p style=\"text-align: justify;\">La Universidad de Caldas, en articulaci\u00f3n con el Ministerio de las Culturas, las Artes y los Saberes, presentar\u00e1 una programaci\u00f3n de dos d\u00edas en la Feria Internacional del Libro de Bogot\u00e1.<!--more--><\/p>\n<p style=\"text-align: justify;\">El Programa Artes para la Paz \u2013 Regi\u00f3n 4, operado por la Universidad de Caldas, tendr\u00e1 presencia en la Feria Internacional del Libro de Bogot\u00e1 (FILBo) 2026 con una programaci\u00f3n de seis actividades que combina presentaciones art\u00edsticas y talleres de creaci\u00f3n, distribuidas entre el viernes 1 y el s\u00e1bado 2 de mayo.<\/p>\n<p style=\"text-align: justify;\">La propuesta, liderada por la Universidad de Caldas, busca visibilizar ante el p\u00fablico de la feria los procesos de formaci\u00f3n art\u00edstica que se adelantan en los territorios de la regi\u00f3n.<\/p>\n<p style=\"text-align: justify;\"><strong>Programaci\u00f3n viernes 1 de mayo<\/strong><\/p>\n<p style=\"text-align: justify;\">La jornada abrir\u00e1 entre las 10 y las 12 del mediod\u00eda con una muestra del colectivo de artistas formadores del programa bajo el nombre Palenque, Mar y Calle, con la participaci\u00f3n de <strong>Ubaldino Cuero Bravo, Cesar Steven Riascos G\u00f3mez, Jerson Samir Angulo Rivas, Roger Esteban Alegr\u00eda Iturre, Carlos Andr\u00e9s Torres Portocarrero, Cristian Jos\u00e9 Torres, Adiela Cort\u00e9s Bonilla, Leidy Yajaira Hurtado Sinisterra y Ashly Jasury Ibarg\u00fcen Castro.<\/strong><\/p>\n<p style=\"text-align: justify;\">En la tarde, de 2 a 4 p.m., los artistas <strong>Jeisson Curequia y Daniel Montes<\/strong> guiar\u00e1n el taller Dibujando Narrativas, una experiencia de creaci\u00f3n visual en torno a las historias de los territorios.<\/p>\n<p style=\"text-align: justify;\">La noche del viernes cerrar\u00e1 con el taller Historias Vivas, una pr\u00e1ctica de salsa a cargo de <strong>Carlos Estacio y Marisol Segura<\/strong>, que propone el cuerpo y la danza como lenguajes de memoria y encuentro.<\/p>\n<p style=\"text-align: justify;\"><strong>Programaci\u00f3n s\u00e1bado 2 de mayo<\/strong><\/p>\n<p style=\"text-align: justify;\">El s\u00e1bado comenzar\u00e1 con un concierto de m\u00fasicas andinas colombianas del Tolima Grande, a cargo de <strong>Martha D\u00edaz con el Nodo 20 y la Estudiantina del Alto Magdalena de la Universidad de Caldas<\/strong>, entre las 10 a.m. y el mediod\u00eda.<\/p>\n<p style=\"text-align: justify;\">Por la tarde, de 2 a 4 p.m., la artista <strong>Aura Garc\u00eda Fontecha<\/strong> facilitar\u00e1 el taller Cartel Po\u00e9tico para la Paz, en el que los participantes explorar\u00e1n la imagen y la palabra como herramientas de expresi\u00f3n pol\u00edtica y creativa.<\/p>\n<p style=\"text-align: justify;\">El cierre de la programaci\u00f3n llegar\u00e1 entre las 6 y las 8 p.m. con el taller Narrando con el Viento, a cargo de <strong>Robin Andr\u00e9s Trejos Velarde<\/strong>, una propuesta que invita al p\u00fablico a construir relatos desde el soplo, el sonido y la voz.<\/p>\n<p style=\"text-align: justify;\">La participaci\u00f3n de Artes para la Paz en la FILBo 2026 se suma a los esfuerzos del programa por llevar al centro del pa\u00eds las experiencias formativas que se tejen en los territorios, afirmando el arte y la cultura como caminos concretos hacia la paz.<\/p>\n","protected":false},"excerpt":{"rendered":"<p>La Universidad de Caldas, en articulaci\u00f3n con el Ministerio de las Culturas, las Artes y los Saberes, presentar\u00e1 una programaci\u00f3n de dos d\u00edas en la Feria Internacional del Libro de Bogot\u00e1.<\/p>\n","protected":false},"author":2,"featured_media":104049,"comment_status":"closed","ping_status":"open","sticky":false,"template":"","format":"standard","meta":{"footnotes":""},"categories":[48,53],"tags":[9899,9900,10040],"class_list":["post-104046","post","type-post","status-publish","format-standard","has-post-thumbnail","hentry","category-actualidad","category-universidad-al-dia","tag-artes-para-la-paz","tag-ministerio-de-las-culturas","tag-feria-internacional-del-libro-bogota"],"yoast_head":"<!-- This site is optimized with the Yoast SEO plugin v27.5 - https:\/\/yoast.com\/product\/yoast-seo-wordpress\/ -->\n<title>Universidad de Caldas y Artes para la Paz, llega a la FILBo 2026 con seis actividades que conectan territorio, cultura y construcci\u00f3n de paz .<\/title>\n<meta name=\"robots\" content=\"index, follow, max-snippet:-1, max-image-preview:large, max-video-preview:-1\" \/>\n<link rel=\"canonical\" href=\"https:\/\/www.ucaldas.edu.co\/portal\/universidad-de-caldas-y-artes-para-la-paz-llega-a-la-filbo-2026-con-seis-actividades-que-conectan-territorio-cultura-y-construccion-de-paz\/\" \/>\n<script type=\"application\/ld+json\" class=\"yoast-schema-graph\">{\"@context\":\"https:\\\/\\\/schema.org\",\"@graph\":[{\"@type\":\"Article\",\"@id\":\"https:\\\/\\\/www.ucaldas.edu.co\\\/portal\\\/universidad-de-caldas-y-artes-para-la-paz-llega-a-la-filbo-2026-con-seis-actividades-que-conectan-territorio-cultura-y-construccion-de-paz\\\/#article\",\"isPartOf\":{\"@id\":\"https:\\\/\\\/www.ucaldas.edu.co\\\/portal\\\/universidad-de-caldas-y-artes-para-la-paz-llega-a-la-filbo-2026-con-seis-actividades-que-conectan-territorio-cultura-y-construccion-de-paz\\\/\"},\"author\":{\"name\":\"ofiprensa\",\"@id\":\"https:\\\/\\\/www.ucaldas.edu.co\\\/portal\\\/#\\\/schema\\\/person\\\/a1b482e23449158b4bc319926c074fdf\"},\"headline\":\"Universidad de Caldas y Artes para la Paz, llega a la FILBo 2026 con seis actividades que conectan territorio, cultura y construcci\u00f3n de paz\",\"datePublished\":\"2026-04-30T15:52:36+00:00\",\"mainEntityOfPage\":{\"@id\":\"https:\\\/\\\/www.ucaldas.edu.co\\\/portal\\\/universidad-de-caldas-y-artes-para-la-paz-llega-a-la-filbo-2026-con-seis-actividades-que-conectan-territorio-cultura-y-construccion-de-paz\\\/\"},\"wordCount\":474,\"publisher\":{\"@id\":\"https:\\\/\\\/www.ucaldas.edu.co\\\/portal\\\/#organization\"},\"image\":{\"@id\":\"https:\\\/\\\/www.ucaldas.edu.co\\\/portal\\\/universidad-de-caldas-y-artes-para-la-paz-llega-a-la-filbo-2026-con-seis-actividades-que-conectan-territorio-cultura-y-construccion-de-paz\\\/#primaryimage\"},\"thumbnailUrl\":\"https:\\\/\\\/www.ucaldas.edu.co\\\/portal\\\/wp-content\\\/uploads\\\/2026\\\/04\\\/496ee9f8-51ef-419c-ac19-1a2cb3f9813d-e1777564256475.jpg\",\"keywords\":[\"artes para la paz\",\"ministerio de las culturas\",\"Feria Internacional del Libro Bogot\u00e1\"],\"articleSection\":[\"Actualidad\",\"Universidad al D\u00eda\"],\"inLanguage\":\"es\"},{\"@type\":\"WebPage\",\"@id\":\"https:\\\/\\\/www.ucaldas.edu.co\\\/portal\\\/universidad-de-caldas-y-artes-para-la-paz-llega-a-la-filbo-2026-con-seis-actividades-que-conectan-territorio-cultura-y-construccion-de-paz\\\/\",\"url\":\"https:\\\/\\\/www.ucaldas.edu.co\\\/portal\\\/universidad-de-caldas-y-artes-para-la-paz-llega-a-la-filbo-2026-con-seis-actividades-que-conectan-territorio-cultura-y-construccion-de-paz\\\/\",\"name\":\"Universidad de Caldas y Artes para la Paz, llega a la FILBo 2026 con seis actividades que conectan territorio, cultura y construcci\u00f3n de paz .\",\"isPartOf\":{\"@id\":\"https:\\\/\\\/www.ucaldas.edu.co\\\/portal\\\/#website\"},\"primaryImageOfPage\":{\"@id\":\"https:\\\/\\\/www.ucaldas.edu.co\\\/portal\\\/universidad-de-caldas-y-artes-para-la-paz-llega-a-la-filbo-2026-con-seis-actividades-que-conectan-territorio-cultura-y-construccion-de-paz\\\/#primaryimage\"},\"image\":{\"@id\":\"https:\\\/\\\/www.ucaldas.edu.co\\\/portal\\\/universidad-de-caldas-y-artes-para-la-paz-llega-a-la-filbo-2026-con-seis-actividades-que-conectan-territorio-cultura-y-construccion-de-paz\\\/#primaryimage\"},\"thumbnailUrl\":\"https:\\\/\\\/www.ucaldas.edu.co\\\/portal\\\/wp-content\\\/uploads\\\/2026\\\/04\\\/496ee9f8-51ef-419c-ac19-1a2cb3f9813d-e1777564256475.jpg\",\"datePublished\":\"2026-04-30T15:52:36+00:00\",\"breadcrumb\":{\"@id\":\"https:\\\/\\\/www.ucaldas.edu.co\\\/portal\\\/universidad-de-caldas-y-artes-para-la-paz-llega-a-la-filbo-2026-con-seis-actividades-que-conectan-territorio-cultura-y-construccion-de-paz\\\/#breadcrumb\"},\"inLanguage\":\"es\",\"potentialAction\":[{\"@type\":\"ReadAction\",\"target\":[\"https:\\\/\\\/www.ucaldas.edu.co\\\/portal\\\/universidad-de-caldas-y-artes-para-la-paz-llega-a-la-filbo-2026-con-seis-actividades-que-conectan-territorio-cultura-y-construccion-de-paz\\\/\"]}]},{\"@type\":\"ImageObject\",\"inLanguage\":\"es\",\"@id\":\"https:\\\/\\\/www.ucaldas.edu.co\\\/portal\\\/universidad-de-caldas-y-artes-para-la-paz-llega-a-la-filbo-2026-con-seis-actividades-que-conectan-territorio-cultura-y-construccion-de-paz\\\/#primaryimage\",\"url\":\"https:\\\/\\\/www.ucaldas.edu.co\\\/portal\\\/wp-content\\\/uploads\\\/2026\\\/04\\\/496ee9f8-51ef-419c-ac19-1a2cb3f9813d-e1777564256475.jpg\",\"contentUrl\":\"https:\\\/\\\/www.ucaldas.edu.co\\\/portal\\\/wp-content\\\/uploads\\\/2026\\\/04\\\/496ee9f8-51ef-419c-ac19-1a2cb3f9813d-e1777564256475.jpg\",\"width\":900,\"height\":506},{\"@type\":\"BreadcrumbList\",\"@id\":\"https:\\\/\\\/www.ucaldas.edu.co\\\/portal\\\/universidad-de-caldas-y-artes-para-la-paz-llega-a-la-filbo-2026-con-seis-actividades-que-conectan-territorio-cultura-y-construccion-de-paz\\\/#breadcrumb\",\"itemListElement\":[{\"@type\":\"ListItem\",\"position\":1,\"name\":\"Portada\",\"item\":\"https:\\\/\\\/www.ucaldas.edu.co\\\/portal\\\/\"},{\"@type\":\"ListItem\",\"position\":2,\"name\":\"Universidad de Caldas y Artes para la Paz, llega a la FILBo 2026 con seis actividades que conectan territorio, cultura y construcci\u00f3n de paz\"}]},{\"@type\":\"WebSite\",\"@id\":\"https:\\\/\\\/www.ucaldas.edu.co\\\/portal\\\/#website\",\"url\":\"https:\\\/\\\/www.ucaldas.edu.co\\\/portal\\\/\",\"name\":\"Universidad de Caldas\",\"description\":\"\",\"publisher\":{\"@id\":\"https:\\\/\\\/www.ucaldas.edu.co\\\/portal\\\/#organization\"},\"alternateName\":\"U. de Caldas\",\"potentialAction\":[{\"@type\":\"SearchAction\",\"target\":{\"@type\":\"EntryPoint\",\"urlTemplate\":\"https:\\\/\\\/www.ucaldas.edu.co\\\/portal\\\/?s={search_term_string}\"},\"query-input\":{\"@type\":\"PropertyValueSpecification\",\"valueRequired\":true,\"valueName\":\"search_term_string\"}}],\"inLanguage\":\"es\"},{\"@type\":\"Organization\",\"@id\":\"https:\\\/\\\/www.ucaldas.edu.co\\\/portal\\\/#organization\",\"name\":\"Universidad de Caldas\",\"alternateName\":\"U. de Caldas\",\"url\":\"https:\\\/\\\/www.ucaldas.edu.co\\\/portal\\\/\",\"logo\":{\"@type\":\"ImageObject\",\"inLanguage\":\"es\",\"@id\":\"https:\\\/\\\/www.ucaldas.edu.co\\\/portal\\\/#\\\/schema\\\/logo\\\/image\\\/\",\"url\":\"https:\\\/\\\/www.ucaldas.edu.co\\\/portal\\\/wp-content\\\/uploads\\\/2023\\\/11\\\/Logo_horizontal_oscuroU-2023.png\",\"contentUrl\":\"https:\\\/\\\/www.ucaldas.edu.co\\\/portal\\\/wp-content\\\/uploads\\\/2023\\\/11\\\/Logo_horizontal_oscuroU-2023.png\",\"width\":263,\"height\":101,\"caption\":\"Universidad de Caldas\"},\"image\":{\"@id\":\"https:\\\/\\\/www.ucaldas.edu.co\\\/portal\\\/#\\\/schema\\\/logo\\\/image\\\/\"},\"sameAs\":[\"https:\\\/\\\/www.facebook.com\\\/udecaldas\",\"https:\\\/\\\/x.com\\\/udecaldas\",\"https:\\\/\\\/www.youtube.com\\\/universidadcaldas\",\"https:\\\/\\\/www.instagram.com\\\/udecaldas\\\/\"]},{\"@type\":\"Person\",\"@id\":\"https:\\\/\\\/www.ucaldas.edu.co\\\/portal\\\/#\\\/schema\\\/person\\\/a1b482e23449158b4bc319926c074fdf\",\"name\":\"ofiprensa\",\"image\":{\"@type\":\"ImageObject\",\"inLanguage\":\"es\",\"@id\":\"https:\\\/\\\/www.ucaldas.edu.co\\\/portal\\\/wp-content\\\/litespeed\\\/avatar\\\/09ea5085e600095a7a811142c6944527.jpg?ver=1777497608\",\"url\":\"https:\\\/\\\/www.ucaldas.edu.co\\\/portal\\\/wp-content\\\/litespeed\\\/avatar\\\/09ea5085e600095a7a811142c6944527.jpg?ver=1777497608\",\"contentUrl\":\"https:\\\/\\\/www.ucaldas.edu.co\\\/portal\\\/wp-content\\\/litespeed\\\/avatar\\\/09ea5085e600095a7a811142c6944527.jpg?ver=1777497608\",\"caption\":\"ofiprensa\"},\"url\":\"https:\\\/\\\/www.ucaldas.edu.co\\\/portal\\\/author\\\/ofiprensa\\\/\"}]}<\/script>\n<!-- \/ Yoast SEO plugin. -->","yoast_head_json":{"title":"Universidad de Caldas y Artes para la Paz, llega a la FILBo 2026 con seis actividades que conectan territorio, cultura y construcci\u00f3n de paz .","robots":{"index":"index","follow":"follow","max-snippet":"max-snippet:-1","max-image-preview":"max-image-preview:large","max-video-preview":"max-video-preview:-1"},"canonical":"https:\/\/www.ucaldas.edu.co\/portal\/universidad-de-caldas-y-artes-para-la-paz-llega-a-la-filbo-2026-con-seis-actividades-que-conectan-territorio-cultura-y-construccion-de-paz\/","schema":{"@context":"https:\/\/schema.org","@graph":[{"@type":"Article","@id":"https:\/\/www.ucaldas.edu.co\/portal\/universidad-de-caldas-y-artes-para-la-paz-llega-a-la-filbo-2026-con-seis-actividades-que-conectan-territorio-cultura-y-construccion-de-paz\/#article","isPartOf":{"@id":"https:\/\/www.ucaldas.edu.co\/portal\/universidad-de-caldas-y-artes-para-la-paz-llega-a-la-filbo-2026-con-seis-actividades-que-conectan-territorio-cultura-y-construccion-de-paz\/"},"author":{"name":"ofiprensa","@id":"https:\/\/www.ucaldas.edu.co\/portal\/#\/schema\/person\/a1b482e23449158b4bc319926c074fdf"},"headline":"Universidad de Caldas y Artes para la Paz, llega a la FILBo 2026 con seis actividades que conectan territorio, cultura y construcci\u00f3n de paz","datePublished":"2026-04-30T15:52:36+00:00","mainEntityOfPage":{"@id":"https:\/\/www.ucaldas.edu.co\/portal\/universidad-de-caldas-y-artes-para-la-paz-llega-a-la-filbo-2026-con-seis-actividades-que-conectan-territorio-cultura-y-construccion-de-paz\/"},"wordCount":474,"publisher":{"@id":"https:\/\/www.ucaldas.edu.co\/portal\/#organization"},"image":{"@id":"https:\/\/www.ucaldas.edu.co\/portal\/universidad-de-caldas-y-artes-para-la-paz-llega-a-la-filbo-2026-con-seis-actividades-que-conectan-territorio-cultura-y-construccion-de-paz\/#primaryimage"},"thumbnailUrl":"https:\/\/www.ucaldas.edu.co\/portal\/wp-content\/uploads\/2026\/04\/496ee9f8-51ef-419c-ac19-1a2cb3f9813d-e1777564256475.jpg","keywords":["artes para la paz","ministerio de las culturas","Feria Internacional del Libro Bogot\u00e1"],"articleSection":["Actualidad","Universidad al D\u00eda"],"inLanguage":"es"},{"@type":"WebPage","@id":"https:\/\/www.ucaldas.edu.co\/portal\/universidad-de-caldas-y-artes-para-la-paz-llega-a-la-filbo-2026-con-seis-actividades-que-conectan-territorio-cultura-y-construccion-de-paz\/","url":"https:\/\/www.ucaldas.edu.co\/portal\/universidad-de-caldas-y-artes-para-la-paz-llega-a-la-filbo-2026-con-seis-actividades-que-conectan-territorio-cultura-y-construccion-de-paz\/","name":"Universidad de Caldas y Artes para la Paz, llega a la FILBo 2026 con seis actividades que conectan territorio, cultura y construcci\u00f3n de paz .","isPartOf":{"@id":"https:\/\/www.ucaldas.edu.co\/portal\/#website"},"primaryImageOfPage":{"@id":"https:\/\/www.ucaldas.edu.co\/portal\/universidad-de-caldas-y-artes-para-la-paz-llega-a-la-filbo-2026-con-seis-actividades-que-conectan-territorio-cultura-y-construccion-de-paz\/#primaryimage"},"image":{"@id":"https:\/\/www.ucaldas.edu.co\/portal\/universidad-de-caldas-y-artes-para-la-paz-llega-a-la-filbo-2026-con-seis-actividades-que-conectan-territorio-cultura-y-construccion-de-paz\/#primaryimage"},"thumbnailUrl":"https:\/\/www.ucaldas.edu.co\/portal\/wp-content\/uploads\/2026\/04\/496ee9f8-51ef-419c-ac19-1a2cb3f9813d-e1777564256475.jpg","datePublished":"2026-04-30T15:52:36+00:00","breadcrumb":{"@id":"https:\/\/www.ucaldas.edu.co\/portal\/universidad-de-caldas-y-artes-para-la-paz-llega-a-la-filbo-2026-con-seis-actividades-que-conectan-territorio-cultura-y-construccion-de-paz\/#breadcrumb"},"inLanguage":"es","potentialAction":[{"@type":"ReadAction","target":["https:\/\/www.ucaldas.edu.co\/portal\/universidad-de-caldas-y-artes-para-la-paz-llega-a-la-filbo-2026-con-seis-actividades-que-conectan-territorio-cultura-y-construccion-de-paz\/"]}]},{"@type":"ImageObject","inLanguage":"es","@id":"https:\/\/www.ucaldas.edu.co\/portal\/universidad-de-caldas-y-artes-para-la-paz-llega-a-la-filbo-2026-con-seis-actividades-que-conectan-territorio-cultura-y-construccion-de-paz\/#primaryimage","url":"https:\/\/www.ucaldas.edu.co\/portal\/wp-content\/uploads\/2026\/04\/496ee9f8-51ef-419c-ac19-1a2cb3f9813d-e1777564256475.jpg","contentUrl":"https:\/\/www.ucaldas.edu.co\/portal\/wp-content\/uploads\/2026\/04\/496ee9f8-51ef-419c-ac19-1a2cb3f9813d-e1777564256475.jpg","width":900,"height":506},{"@type":"BreadcrumbList","@id":"https:\/\/www.ucaldas.edu.co\/portal\/universidad-de-caldas-y-artes-para-la-paz-llega-a-la-filbo-2026-con-seis-actividades-que-conectan-territorio-cultura-y-construccion-de-paz\/#breadcrumb","itemListElement":[{"@type":"ListItem","position":1,"name":"Portada","item":"https:\/\/www.ucaldas.edu.co\/portal\/"},{"@type":"ListItem","position":2,"name":"Universidad de Caldas y Artes para la Paz, llega a la FILBo 2026 con seis actividades que conectan territorio, cultura y construcci\u00f3n de paz"}]},{"@type":"WebSite","@id":"https:\/\/www.ucaldas.edu.co\/portal\/#website","url":"https:\/\/www.ucaldas.edu.co\/portal\/","name":"Universidad de Caldas","description":"","publisher":{"@id":"https:\/\/www.ucaldas.edu.co\/portal\/#organization"},"alternateName":"U. de Caldas","potentialAction":[{"@type":"SearchAction","target":{"@type":"EntryPoint","urlTemplate":"https:\/\/www.ucaldas.edu.co\/portal\/?s={search_term_string}"},"query-input":{"@type":"PropertyValueSpecification","valueRequired":true,"valueName":"search_term_string"}}],"inLanguage":"es"},{"@type":"Organization","@id":"https:\/\/www.ucaldas.edu.co\/portal\/#organization","name":"Universidad de Caldas","alternateName":"U. de Caldas","url":"https:\/\/www.ucaldas.edu.co\/portal\/","logo":{"@type":"ImageObject","inLanguage":"es","@id":"https:\/\/www.ucaldas.edu.co\/portal\/#\/schema\/logo\/image\/","url":"https:\/\/www.ucaldas.edu.co\/portal\/wp-content\/uploads\/2023\/11\/Logo_horizontal_oscuroU-2023.png","contentUrl":"https:\/\/www.ucaldas.edu.co\/portal\/wp-content\/uploads\/2023\/11\/Logo_horizontal_oscuroU-2023.png","width":263,"height":101,"caption":"Universidad de Caldas"},"image":{"@id":"https:\/\/www.ucaldas.edu.co\/portal\/#\/schema\/logo\/image\/"},"sameAs":["https:\/\/www.facebook.com\/udecaldas","https:\/\/x.com\/udecaldas","https:\/\/www.youtube.com\/universidadcaldas","https:\/\/www.instagram.com\/udecaldas\/"]},{"@type":"Person","@id":"https:\/\/www.ucaldas.edu.co\/portal\/#\/schema\/person\/a1b482e23449158b4bc319926c074fdf","name":"ofiprensa","image":{"@type":"ImageObject","inLanguage":"es","@id":"https:\/\/www.ucaldas.edu.co\/portal\/wp-content\/litespeed\/avatar\/09ea5085e600095a7a811142c6944527.jpg?ver=1777497608","url":"https:\/\/www.ucaldas.edu.co\/portal\/wp-content\/litespeed\/avatar\/09ea5085e600095a7a811142c6944527.jpg?ver=1777497608","contentUrl":"https:\/\/www.ucaldas.edu.co\/portal\/wp-content\/litespeed\/avatar\/09ea5085e600095a7a811142c6944527.jpg?ver=1777497608","caption":"ofiprensa"},"url":"https:\/\/www.ucaldas.edu.co\/portal\/author\/ofiprensa\/"}]}},"_links":{"self":[{"href":"https:\/\/www.ucaldas.edu.co\/portal\/wp-json\/wp\/v2\/posts\/104046","targetHints":{"allow":["GET"]}}],"collection":[{"href":"https:\/\/www.ucaldas.edu.co\/portal\/wp-json\/wp\/v2\/posts"}],"about":[{"href":"https:\/\/www.ucaldas.edu.co\/portal\/wp-json\/wp\/v2\/types\/post"}],"author":[{"embeddable":true,"href":"https:\/\/www.ucaldas.edu.co\/portal\/wp-json\/wp\/v2\/users\/2"}],"replies":[{"embeddable":true,"href":"https:\/\/www.ucaldas.edu.co\/portal\/wp-json\/wp\/v2\/comments?post=104046"}],"version-history":[{"count":1,"href":"https:\/\/www.ucaldas.edu.co\/portal\/wp-json\/wp\/v2\/posts\/104046\/revisions"}],"predecessor-version":[{"id":104051,"href":"https:\/\/www.ucaldas.edu.co\/portal\/wp-json\/wp\/v2\/posts\/104046\/revisions\/104051"}],"wp:featuredmedia":[{"embeddable":true,"href":"https:\/\/www.ucaldas.edu.co\/portal\/wp-json\/wp\/v2\/media\/104049"}],"wp:attachment":[{"href":"https:\/\/www.ucaldas.edu.co\/portal\/wp-json\/wp\/v2\/media?parent=104046"}],"wp:term":[{"taxonomy":"category","embeddable":true,"href":"https:\/\/www.ucaldas.edu.co\/portal\/wp-json\/wp\/v2\/categories?post=104046"},{"taxonomy":"post_tag","embeddable":true,"href":"https:\/\/www.ucaldas.edu.co\/portal\/wp-json\/wp\/v2\/tags?post=104046"}],"curies":[{"name":"wp","href":"https:\/\/api.w.org\/{rel}","templated":true}]}}