{"id":104024,"date":"2026-04-30T10:06:00","date_gmt":"2026-04-30T15:06:00","guid":{"rendered":"https:\/\/www.ucaldas.edu.co\/portal\/?p=104024"},"modified":"2026-04-30T10:20:41","modified_gmt":"2026-04-30T15:20:41","slug":"universidad-de-caldas-lista-para-jornada-de-elecciones-el-proximo-jueves-7-de-mayo","status":"publish","type":"post","link":"https:\/\/www.ucaldas.edu.co\/portal\/universidad-de-caldas-lista-para-jornada-de-elecciones-el-proximo-jueves-7-de-mayo\/","title":{"rendered":"Universidad de Caldas lista para jornada de elecciones el pr\u00f3ximo jueves 7 de mayo"},"content":{"rendered":"<p style=\"text-align: justify;\">En el \u00e1mbito de los procesos electorales en curso, la Universidad de Caldas realiz\u00f3 la socializaci\u00f3n y pruebas de la plataforma de votaci\u00f3n virtual, un espacio dise\u00f1ado para fortalecer la transparencia y la confianza en la jornada electoral.<!--more--><\/p>\n<p style=\"text-align: justify;\">Este proceso se desarrolla tras la apertura oficial de las elecciones multiestamentarias y de cuerpos colegiados, una jornada clave para la participaci\u00f3n democr\u00e1tica al interior de la instituci\u00f3n, que busca cubrir vacantes en las representaciones de docentes, estudiantes y egresados ante el Consejo Acad\u00e9mico, los Consejos de Facultad y comit\u00e9s como Equidad y No Discriminaci\u00f3n y Pol\u00edtica Cultural, entre otros.<\/p>\n<p style=\"text-align: justify;\">La socializaci\u00f3n de la plataforma hace parte de una estrategia institucional que, a lo largo de los a\u00f1os, ha incorporado mejoras continuas en servicios en la nube, infraestructura tecnol\u00f3gica y c\u00f3digo fuente, con el fin de ofrecer mayores garant\u00edas a la comunidad. Estas acciones buscan asegurar que el proceso de votaci\u00f3n sea confiable, auditable y que el voto se mantenga secreto, seg\u00fan lo destac\u00f3 el ingeniero y docente de la Universidad de Caldas, Jeferson Arango Salazar.<\/p>\n<p style=\"text-align: justify;\">De igual manera, desde la Secretar\u00eda General se inform\u00f3 que se brindar\u00e1 acompa\u00f1amiento permanente durante todo el proceso electoral, con el fin de ofrecer orientaci\u00f3n y garantizar el adecuado desarrollo de la jornada.<\/p>\n<p style=\"text-align: justify;\">Las convocatorias, lideradas por el Comit\u00e9 Central de Elecciones y la Secretar\u00eda General, se proyectan como una oportunidad para que la comunidad universitaria, incluidos los graduados, contin\u00fae incidiendo en las decisiones institucionales. En este sentido, se invita a participar activamente en este ejercicio democr\u00e1tico, que impacta directamente en las decisiones acad\u00e9micas e institucionales.<\/p>\n<p style=\"text-align: justify;\">Asimismo, se recuerda que el pr\u00f3ximo jueves 7 de mayo estar\u00e1 habilitada la plataforma para la consulta virtual, en horario de siete de la ma\u00f1ana a siete de la noche, para la elecci\u00f3n de representantes.<\/p>\n<p style=\"text-align: justify;\">En el siguiente link podr\u00e1n conocer los candidatos de multiestamentarias: <a href=\"https:\/\/acortar.link\/eFYPFq\">https:\/\/acortar.link\/eFYPFq<\/a><\/p>\n<p style=\"text-align: justify;\">Y aqu\u00ed los candidatos de los cuerpos colegiados: <a href=\"https:\/\/acortar.link\/27gCal\">https:\/\/acortar.link\/27gCal<\/a><\/p>\n<p style=\"text-align: justify;\">Ent\u00e9rese c\u00f3mo votar en la consulta virtual del 7 de mayo con el tutorial paso a paso:<br \/>\n<a href=\"https:\/\/www.youtube.com\/watch?v=OEruYUCc-AA\">https:\/\/www.youtube.com\/watch?v=OEruYUCc-AA<\/a><\/p>\n<p>&nbsp;<\/p>\n<p><strong>Anexo:<\/strong><\/p>\n<p><a href=\"https:\/\/www.ucaldas.edu.co\/portal\/wp-content\/uploads\/2026\/04\/Jeferson.mp3\"><strong>-Audio Ingeniero Docente Universidad de Caldas, Jeferson Arango Salazar.<\/strong><\/a><\/p>\n<audio class=\"wp-audio-shortcode\" id=\"audio-104024-1\" preload=\"none\" style=\"width: 100%;\" controls=\"controls\"><source type=\"audio\/mpeg\" src=\"https:\/\/www.ucaldas.edu.co\/portal\/wp-content\/uploads\/2026\/04\/Jeferson.mp3?_=1\" \/><a href=\"https:\/\/www.ucaldas.edu.co\/portal\/wp-content\/uploads\/2026\/04\/Jeferson.mp3\">https:\/\/www.ucaldas.edu.co\/portal\/wp-content\/uploads\/2026\/04\/Jeferson.mp3<\/a><\/audio>\n<p><a href=\"https:\/\/www.ucaldas.edu.co\/portal\/wp-content\/uploads\/2026\/04\/JuannDavid.mp3\"><strong>-Audio Abogado de la secretar\u00eda General de la Universidad de Caldas, Juan David Restrepo. <\/strong><\/a><\/p>\n<audio class=\"wp-audio-shortcode\" id=\"audio-104024-2\" preload=\"none\" style=\"width: 100%;\" controls=\"controls\"><source type=\"audio\/mpeg\" src=\"https:\/\/www.ucaldas.edu.co\/portal\/wp-content\/uploads\/2026\/04\/JuannDavid.mp3?_=2\" \/><a href=\"https:\/\/www.ucaldas.edu.co\/portal\/wp-content\/uploads\/2026\/04\/JuannDavid.mp3\">https:\/\/www.ucaldas.edu.co\/portal\/wp-content\/uploads\/2026\/04\/JuannDavid.mp3<\/a><\/audio>\n","protected":false},"excerpt":{"rendered":"<p>En el \u00e1mbito de los procesos electorales en curso, la Universidad de Caldas realiz\u00f3 la socializaci\u00f3n y pruebas de la plataforma de votaci\u00f3n virtual, un espacio dise\u00f1ado para fortalecer la transparencia y la confianza en la jornada electoral.<\/p>\n","protected":false},"author":2,"featured_media":0,"comment_status":"closed","ping_status":"open","sticky":false,"template":"","format":"standard","meta":{"footnotes":""},"categories":[48,53],"tags":[2896,2897,8237,10038,10039],"class_list":["post-104024","post","type-post","status-publish","format-standard","hentry","category-actualidad","category-universidad-al-dia","tag-transparencia","tag-multiestamentarias","tag-cuerpos-colegiados","tag-procesos-electorales","tag-7-mayo"],"yoast_head":"<!-- This site is optimized with the Yoast SEO plugin v27.5 - https:\/\/yoast.com\/product\/yoast-seo-wordpress\/ -->\n<title>Universidad de Caldas lista para jornada de elecciones el pr\u00f3ximo jueves 7 de mayo .<\/title>\n<meta name=\"robots\" content=\"index, follow, max-snippet:-1, max-image-preview:large, max-video-preview:-1\" \/>\n<link rel=\"canonical\" href=\"https:\/\/www.ucaldas.edu.co\/portal\/universidad-de-caldas-lista-para-jornada-de-elecciones-el-proximo-jueves-7-de-mayo\/\" \/>\n<script type=\"application\/ld+json\" class=\"yoast-schema-graph\">{\"@context\":\"https:\\\/\\\/schema.org\",\"@graph\":[{\"@type\":\"Article\",\"@id\":\"https:\\\/\\\/www.ucaldas.edu.co\\\/portal\\\/universidad-de-caldas-lista-para-jornada-de-elecciones-el-proximo-jueves-7-de-mayo\\\/#article\",\"isPartOf\":{\"@id\":\"https:\\\/\\\/www.ucaldas.edu.co\\\/portal\\\/universidad-de-caldas-lista-para-jornada-de-elecciones-el-proximo-jueves-7-de-mayo\\\/\"},\"author\":{\"name\":\"ofiprensa\",\"@id\":\"https:\\\/\\\/www.ucaldas.edu.co\\\/portal\\\/#\\\/schema\\\/person\\\/a1b482e23449158b4bc319926c074fdf\"},\"headline\":\"Universidad de Caldas lista para jornada de elecciones el pr\u00f3ximo jueves 7 de mayo\",\"datePublished\":\"2026-04-30T15:06:00+00:00\",\"dateModified\":\"2026-04-30T15:20:41+00:00\",\"mainEntityOfPage\":{\"@id\":\"https:\\\/\\\/www.ucaldas.edu.co\\\/portal\\\/universidad-de-caldas-lista-para-jornada-de-elecciones-el-proximo-jueves-7-de-mayo\\\/\"},\"wordCount\":439,\"publisher\":{\"@id\":\"https:\\\/\\\/www.ucaldas.edu.co\\\/portal\\\/#organization\"},\"keywords\":[\"transparencia\",\"Multiestamentarias\",\"cuerpos colegiados\",\"procesos electorales\",\"7 mayo\"],\"articleSection\":[\"Actualidad\",\"Universidad al D\u00eda\"],\"inLanguage\":\"es\"},{\"@type\":\"WebPage\",\"@id\":\"https:\\\/\\\/www.ucaldas.edu.co\\\/portal\\\/universidad-de-caldas-lista-para-jornada-de-elecciones-el-proximo-jueves-7-de-mayo\\\/\",\"url\":\"https:\\\/\\\/www.ucaldas.edu.co\\\/portal\\\/universidad-de-caldas-lista-para-jornada-de-elecciones-el-proximo-jueves-7-de-mayo\\\/\",\"name\":\"Universidad de Caldas lista para jornada de elecciones el pr\u00f3ximo jueves 7 de mayo .\",\"isPartOf\":{\"@id\":\"https:\\\/\\\/www.ucaldas.edu.co\\\/portal\\\/#website\"},\"datePublished\":\"2026-04-30T15:06:00+00:00\",\"dateModified\":\"2026-04-30T15:20:41+00:00\",\"breadcrumb\":{\"@id\":\"https:\\\/\\\/www.ucaldas.edu.co\\\/portal\\\/universidad-de-caldas-lista-para-jornada-de-elecciones-el-proximo-jueves-7-de-mayo\\\/#breadcrumb\"},\"inLanguage\":\"es\",\"potentialAction\":[{\"@type\":\"ReadAction\",\"target\":[\"https:\\\/\\\/www.ucaldas.edu.co\\\/portal\\\/universidad-de-caldas-lista-para-jornada-de-elecciones-el-proximo-jueves-7-de-mayo\\\/\"]}]},{\"@type\":\"BreadcrumbList\",\"@id\":\"https:\\\/\\\/www.ucaldas.edu.co\\\/portal\\\/universidad-de-caldas-lista-para-jornada-de-elecciones-el-proximo-jueves-7-de-mayo\\\/#breadcrumb\",\"itemListElement\":[{\"@type\":\"ListItem\",\"position\":1,\"name\":\"Portada\",\"item\":\"https:\\\/\\\/www.ucaldas.edu.co\\\/portal\\\/\"},{\"@type\":\"ListItem\",\"position\":2,\"name\":\"Universidad de Caldas lista para jornada de elecciones el pr\u00f3ximo jueves 7 de mayo\"}]},{\"@type\":\"WebSite\",\"@id\":\"https:\\\/\\\/www.ucaldas.edu.co\\\/portal\\\/#website\",\"url\":\"https:\\\/\\\/www.ucaldas.edu.co\\\/portal\\\/\",\"name\":\"Universidad de Caldas\",\"description\":\"\",\"publisher\":{\"@id\":\"https:\\\/\\\/www.ucaldas.edu.co\\\/portal\\\/#organization\"},\"alternateName\":\"U. de Caldas\",\"potentialAction\":[{\"@type\":\"SearchAction\",\"target\":{\"@type\":\"EntryPoint\",\"urlTemplate\":\"https:\\\/\\\/www.ucaldas.edu.co\\\/portal\\\/?s={search_term_string}\"},\"query-input\":{\"@type\":\"PropertyValueSpecification\",\"valueRequired\":true,\"valueName\":\"search_term_string\"}}],\"inLanguage\":\"es\"},{\"@type\":\"Organization\",\"@id\":\"https:\\\/\\\/www.ucaldas.edu.co\\\/portal\\\/#organization\",\"name\":\"Universidad de Caldas\",\"alternateName\":\"U. de Caldas\",\"url\":\"https:\\\/\\\/www.ucaldas.edu.co\\\/portal\\\/\",\"logo\":{\"@type\":\"ImageObject\",\"inLanguage\":\"es\",\"@id\":\"https:\\\/\\\/www.ucaldas.edu.co\\\/portal\\\/#\\\/schema\\\/logo\\\/image\\\/\",\"url\":\"https:\\\/\\\/www.ucaldas.edu.co\\\/portal\\\/wp-content\\\/uploads\\\/2023\\\/11\\\/Logo_horizontal_oscuroU-2023.png\",\"contentUrl\":\"https:\\\/\\\/www.ucaldas.edu.co\\\/portal\\\/wp-content\\\/uploads\\\/2023\\\/11\\\/Logo_horizontal_oscuroU-2023.png\",\"width\":263,\"height\":101,\"caption\":\"Universidad de Caldas\"},\"image\":{\"@id\":\"https:\\\/\\\/www.ucaldas.edu.co\\\/portal\\\/#\\\/schema\\\/logo\\\/image\\\/\"},\"sameAs\":[\"https:\\\/\\\/www.facebook.com\\\/udecaldas\",\"https:\\\/\\\/x.com\\\/udecaldas\",\"https:\\\/\\\/www.youtube.com\\\/universidadcaldas\",\"https:\\\/\\\/www.instagram.com\\\/udecaldas\\\/\"]},{\"@type\":\"Person\",\"@id\":\"https:\\\/\\\/www.ucaldas.edu.co\\\/portal\\\/#\\\/schema\\\/person\\\/a1b482e23449158b4bc319926c074fdf\",\"name\":\"ofiprensa\",\"image\":{\"@type\":\"ImageObject\",\"inLanguage\":\"es\",\"@id\":\"https:\\\/\\\/www.ucaldas.edu.co\\\/portal\\\/wp-content\\\/litespeed\\\/avatar\\\/09ea5085e600095a7a811142c6944527.jpg?ver=1777497608\",\"url\":\"https:\\\/\\\/www.ucaldas.edu.co\\\/portal\\\/wp-content\\\/litespeed\\\/avatar\\\/09ea5085e600095a7a811142c6944527.jpg?ver=1777497608\",\"contentUrl\":\"https:\\\/\\\/www.ucaldas.edu.co\\\/portal\\\/wp-content\\\/litespeed\\\/avatar\\\/09ea5085e600095a7a811142c6944527.jpg?ver=1777497608\",\"caption\":\"ofiprensa\"},\"url\":\"https:\\\/\\\/www.ucaldas.edu.co\\\/portal\\\/author\\\/ofiprensa\\\/\"}]}<\/script>\n<!-- \/ Yoast SEO plugin. -->","yoast_head_json":{"title":"Universidad de Caldas lista para jornada de elecciones el pr\u00f3ximo jueves 7 de mayo .","robots":{"index":"index","follow":"follow","max-snippet":"max-snippet:-1","max-image-preview":"max-image-preview:large","max-video-preview":"max-video-preview:-1"},"canonical":"https:\/\/www.ucaldas.edu.co\/portal\/universidad-de-caldas-lista-para-jornada-de-elecciones-el-proximo-jueves-7-de-mayo\/","schema":{"@context":"https:\/\/schema.org","@graph":[{"@type":"Article","@id":"https:\/\/www.ucaldas.edu.co\/portal\/universidad-de-caldas-lista-para-jornada-de-elecciones-el-proximo-jueves-7-de-mayo\/#article","isPartOf":{"@id":"https:\/\/www.ucaldas.edu.co\/portal\/universidad-de-caldas-lista-para-jornada-de-elecciones-el-proximo-jueves-7-de-mayo\/"},"author":{"name":"ofiprensa","@id":"https:\/\/www.ucaldas.edu.co\/portal\/#\/schema\/person\/a1b482e23449158b4bc319926c074fdf"},"headline":"Universidad de Caldas lista para jornada de elecciones el pr\u00f3ximo jueves 7 de mayo","datePublished":"2026-04-30T15:06:00+00:00","dateModified":"2026-04-30T15:20:41+00:00","mainEntityOfPage":{"@id":"https:\/\/www.ucaldas.edu.co\/portal\/universidad-de-caldas-lista-para-jornada-de-elecciones-el-proximo-jueves-7-de-mayo\/"},"wordCount":439,"publisher":{"@id":"https:\/\/www.ucaldas.edu.co\/portal\/#organization"},"keywords":["transparencia","Multiestamentarias","cuerpos colegiados","procesos electorales","7 mayo"],"articleSection":["Actualidad","Universidad al D\u00eda"],"inLanguage":"es"},{"@type":"WebPage","@id":"https:\/\/www.ucaldas.edu.co\/portal\/universidad-de-caldas-lista-para-jornada-de-elecciones-el-proximo-jueves-7-de-mayo\/","url":"https:\/\/www.ucaldas.edu.co\/portal\/universidad-de-caldas-lista-para-jornada-de-elecciones-el-proximo-jueves-7-de-mayo\/","name":"Universidad de Caldas lista para jornada de elecciones el pr\u00f3ximo jueves 7 de mayo .","isPartOf":{"@id":"https:\/\/www.ucaldas.edu.co\/portal\/#website"},"datePublished":"2026-04-30T15:06:00+00:00","dateModified":"2026-04-30T15:20:41+00:00","breadcrumb":{"@id":"https:\/\/www.ucaldas.edu.co\/portal\/universidad-de-caldas-lista-para-jornada-de-elecciones-el-proximo-jueves-7-de-mayo\/#breadcrumb"},"inLanguage":"es","potentialAction":[{"@type":"ReadAction","target":["https:\/\/www.ucaldas.edu.co\/portal\/universidad-de-caldas-lista-para-jornada-de-elecciones-el-proximo-jueves-7-de-mayo\/"]}]},{"@type":"BreadcrumbList","@id":"https:\/\/www.ucaldas.edu.co\/portal\/universidad-de-caldas-lista-para-jornada-de-elecciones-el-proximo-jueves-7-de-mayo\/#breadcrumb","itemListElement":[{"@type":"ListItem","position":1,"name":"Portada","item":"https:\/\/www.ucaldas.edu.co\/portal\/"},{"@type":"ListItem","position":2,"name":"Universidad de Caldas lista para jornada de elecciones el pr\u00f3ximo jueves 7 de mayo"}]},{"@type":"WebSite","@id":"https:\/\/www.ucaldas.edu.co\/portal\/#website","url":"https:\/\/www.ucaldas.edu.co\/portal\/","name":"Universidad de Caldas","description":"","publisher":{"@id":"https:\/\/www.ucaldas.edu.co\/portal\/#organization"},"alternateName":"U. de Caldas","potentialAction":[{"@type":"SearchAction","target":{"@type":"EntryPoint","urlTemplate":"https:\/\/www.ucaldas.edu.co\/portal\/?s={search_term_string}"},"query-input":{"@type":"PropertyValueSpecification","valueRequired":true,"valueName":"search_term_string"}}],"inLanguage":"es"},{"@type":"Organization","@id":"https:\/\/www.ucaldas.edu.co\/portal\/#organization","name":"Universidad de Caldas","alternateName":"U. de Caldas","url":"https:\/\/www.ucaldas.edu.co\/portal\/","logo":{"@type":"ImageObject","inLanguage":"es","@id":"https:\/\/www.ucaldas.edu.co\/portal\/#\/schema\/logo\/image\/","url":"https:\/\/www.ucaldas.edu.co\/portal\/wp-content\/uploads\/2023\/11\/Logo_horizontal_oscuroU-2023.png","contentUrl":"https:\/\/www.ucaldas.edu.co\/portal\/wp-content\/uploads\/2023\/11\/Logo_horizontal_oscuroU-2023.png","width":263,"height":101,"caption":"Universidad de Caldas"},"image":{"@id":"https:\/\/www.ucaldas.edu.co\/portal\/#\/schema\/logo\/image\/"},"sameAs":["https:\/\/www.facebook.com\/udecaldas","https:\/\/x.com\/udecaldas","https:\/\/www.youtube.com\/universidadcaldas","https:\/\/www.instagram.com\/udecaldas\/"]},{"@type":"Person","@id":"https:\/\/www.ucaldas.edu.co\/portal\/#\/schema\/person\/a1b482e23449158b4bc319926c074fdf","name":"ofiprensa","image":{"@type":"ImageObject","inLanguage":"es","@id":"https:\/\/www.ucaldas.edu.co\/portal\/wp-content\/litespeed\/avatar\/09ea5085e600095a7a811142c6944527.jpg?ver=1777497608","url":"https:\/\/www.ucaldas.edu.co\/portal\/wp-content\/litespeed\/avatar\/09ea5085e600095a7a811142c6944527.jpg?ver=1777497608","contentUrl":"https:\/\/www.ucaldas.edu.co\/portal\/wp-content\/litespeed\/avatar\/09ea5085e600095a7a811142c6944527.jpg?ver=1777497608","caption":"ofiprensa"},"url":"https:\/\/www.ucaldas.edu.co\/portal\/author\/ofiprensa\/"}]}},"_links":{"self":[{"href":"https:\/\/www.ucaldas.edu.co\/portal\/wp-json\/wp\/v2\/posts\/104024","targetHints":{"allow":["GET"]}}],"collection":[{"href":"https:\/\/www.ucaldas.edu.co\/portal\/wp-json\/wp\/v2\/posts"}],"about":[{"href":"https:\/\/www.ucaldas.edu.co\/portal\/wp-json\/wp\/v2\/types\/post"}],"author":[{"embeddable":true,"href":"https:\/\/www.ucaldas.edu.co\/portal\/wp-json\/wp\/v2\/users\/2"}],"replies":[{"embeddable":true,"href":"https:\/\/www.ucaldas.edu.co\/portal\/wp-json\/wp\/v2\/comments?post=104024"}],"version-history":[{"count":4,"href":"https:\/\/www.ucaldas.edu.co\/portal\/wp-json\/wp\/v2\/posts\/104024\/revisions"}],"predecessor-version":[{"id":104038,"href":"https:\/\/www.ucaldas.edu.co\/portal\/wp-json\/wp\/v2\/posts\/104024\/revisions\/104038"}],"wp:attachment":[{"href":"https:\/\/www.ucaldas.edu.co\/portal\/wp-json\/wp\/v2\/media?parent=104024"}],"wp:term":[{"taxonomy":"category","embeddable":true,"href":"https:\/\/www.ucaldas.edu.co\/portal\/wp-json\/wp\/v2\/categories?post=104024"},{"taxonomy":"post_tag","embeddable":true,"href":"https:\/\/www.ucaldas.edu.co\/portal\/wp-json\/wp\/v2\/tags?post=104024"}],"curies":[{"name":"wp","href":"https:\/\/api.w.org\/{rel}","templated":true}]}}