{"id":103953,"date":"2026-04-28T19:01:14","date_gmt":"2026-04-29T00:01:14","guid":{"rendered":"https:\/\/www.ucaldas.edu.co\/portal\/?p=103953"},"modified":"2026-04-28T19:01:14","modified_gmt":"2026-04-29T00:01:14","slug":"universidad-de-caldas-aprueba-dos-nuevas-licenciaturas-para-fortalecer-la-formacion-docente-en-el-territorio","status":"publish","type":"post","link":"https:\/\/www.ucaldas.edu.co\/portal\/universidad-de-caldas-aprueba-dos-nuevas-licenciaturas-para-fortalecer-la-formacion-docente-en-el-territorio\/","title":{"rendered":"Universidad de Caldas aprueba dos nuevas licenciaturas para fortalecer la formaci\u00f3n docente en el territorio"},"content":{"rendered":"<div class=\"wpb-content-wrapper\"><p>[vc_row][vc_column][vc_video link=\u00bbhttps:\/\/youtu.be\/KTtyVF7trsw?si=RN4sdlGXv4tGzZI2&#8243; css=\u00bb\u00bb][vc_column_text]<\/p>\n<p style=\"text-align: justify;\">Con una apuesta decidida por la regionalizaci\u00f3n y el fortalecimiento de la educaci\u00f3n, el Consejo Superior de la Universidad de Caldas dio luz verde a la creaci\u00f3n de dos nuevas licenciaturas que impactar\u00e1n directamente a las Escuelas Normales Superiores del departamento.<!--more--><\/p>\n<p style=\"text-align: justify;\">En una sesi\u00f3n clave para el futuro de la formaci\u00f3n docente en Caldas, el Consejo Superior de la Universidad de Caldas aprob\u00f3 la creaci\u00f3n de la Licenciatura en Educaci\u00f3n Rural y Campesina y la Licenciatura en Educaci\u00f3n B\u00e1sica Primaria con \u00e9nfasis en ingl\u00e9s. Este avance marca un hito institucional que ahora contin\u00faa su tr\u00e1mite ante el Ministerio de Educaci\u00f3n Nacional, donde la Comisi\u00f3n Nacional Intersectorial de Aseguramiento de la Calidad de la Educaci\u00f3n Superior (CONACES) deber\u00e1 otorgar los registros calificados que permitir\u00e1n la oferta oficial de estos programas.<\/p>\n<p style=\"text-align: justify;\">Estas nuevas licenciaturas entrar\u00e1n en un modelo de articulaci\u00f3n con las nueve Escuelas Normales Superiores del departamento ubicadas en Manizales, La Dorada, Pensilvania, Marquetalia, Aguadas, P\u00e1cora, Salamina, Aranzazu, Riosucio y Anserma lo que permitir\u00e1 que estudiantes y egresados del Programa de Formaci\u00f3n Complementaria contin\u00faen su trayectoria acad\u00e9mica hacia la obtenci\u00f3n del t\u00edtulo profesional de licenciados. Este enfoque reconoce el papel fundamental de las normales como \u201ccunas de maestros\u201d, donde los normalistas desarrollan ciclos complementarios que los preparan para el ejercicio docente.<\/p>\n<p style=\"text-align: justify;\"><strong>Un modelo que fortalece la trayectoria docente<\/strong><\/p>\n<p style=\"text-align: justify;\">* Integraci\u00f3n entre educaci\u00f3n media, ciclos complementarios y educaci\u00f3n superior.<\/p>\n<p style=\"text-align: justify;\">* Posibilidad de doble titulaci\u00f3n para los estudiantes normalistas.<\/p>\n<p style=\"text-align: justify;\">* Mayor preparaci\u00f3n para participar en el sistema de provisi\u00f3n docente del Ministerio de Educaci\u00f3n.<\/p>\n<p style=\"text-align: justify;\">* Impacto directo en zonas rurales y municipios del departamento.<\/p>\n<p style=\"text-align: justify;\">\u201cEn este sentido, la articulaci\u00f3n permitir\u00e1 que los estudiantes culminen de manera progresiva su formaci\u00f3n: bachillerato, ciclo normalista y licenciatura, fortaleciendo sus competencias pedag\u00f3gicas y ampliando sus oportunidades de ingreso al sistema educativo oficial\u201d Expreso el rector de la Universidad de Caldas, Fabio Hernando Arias Orozco.<\/p>\n<p style=\"text-align: justify;\">Durante la sesi\u00f3n participaron actores clave del ecosistema educativo regional, entre ellos Gabriel Andr\u00e9s Giraldo Garc\u00eda, rector de la Escuela Normal Superior Sagrado Coraz\u00f3n de Aranzazu, y Jeison Andr\u00e9s L\u00f3pez Cortez, de la Escuela Normal Superior Nuestra Se\u00f1ora de la Candelaria de Marquetalia, quienes destacaron la importancia de que estos programas lleguen directamente a los territorios donde se forman los futuros docentes.<\/p>\n<p style=\"text-align: justify;\">Gabriel Andr\u00e9s Giraldo Garc\u00eda celebr\u00f3 la decisi\u00f3n y afirm\u00f3 que este logro permitir\u00e1 que m\u00e1s de 400 estudiantes y egresados accedan al t\u00edtulo profesional: \u201cAmbas licenciaturas ser\u00e1n llevadas a las regiones donde est\u00e1n asentadas las Escuelas Normales Superiores, lo que contribuir\u00e1 no solo al bienestar de los estudiantes, sino al desarrollo de toda la regi\u00f3n\u201d. Por su parte, Paula Tatiana Pantoja, delegada de Presidencia ante el Consejo Superior, subray\u00f3 que esta aprobaci\u00f3n es resultado de un trabajo articulado que fortalece la formaci\u00f3n docente y proyecta a la universidad hacia los territorios con calidad acad\u00e9mica.<\/p>\n<p style=\"text-align: justify;\">Desde el gobierno departamental, el secretario de Educaci\u00f3n de Caldas, Luis Herney Vargas Barrera, resalt\u00f3 la relevancia de esta iniciativa para ampliar la cobertura y cerrar brechas: \u201cEvaluaremos el presupuesto remitido y avanzaremos en un prop\u00f3sito de aunar esfuerzos econ\u00f3micos para garantizar que este proceso llegue a todas las instituciones normales del departamento\u201d. Asimismo se tendr\u00eda el apoyo de la Fundaci\u00f3n Luker y la Alcald\u00eda de Manizales.<\/p>\n<p style=\"text-align: justify;\">Una vez se obtengan los registros calificados, la Universidad de Caldas proyecta iniciar la oferta de estos programas en el corto plazo, consolidando as\u00ed una apuesta que no solo fortalece la formaci\u00f3n de maestros y maestras, sino que tambi\u00e9n impulsa el desarrollo educativo, social y territorial del departamento.<\/p>\n<p style=\"text-align: justify;\"><strong>Anexo:<\/strong><\/p>\n<p style=\"text-align: justify;\"><a href=\"https:\/\/www.ucaldas.edu.co\/portal\/wp-content\/uploads\/2026\/04\/Rector-Universidad-de-Caldas-Fabio-Hernando-Arias-Orozco.mp3\"><strong>-Audio Rector Universidad de Caldas, Fabio Hernando Arias Orozco.<\/strong><\/a><\/p>\n<audio class=\"wp-audio-shortcode\" id=\"audio-103953-1\" preload=\"none\" style=\"width: 100%;\" controls=\"controls\"><source type=\"audio\/mpeg\" src=\"https:\/\/www.ucaldas.edu.co\/portal\/wp-content\/uploads\/2026\/04\/Rector-Universidad-de-Caldas-Fabio-Hernando-Arias-Orozco.mp3?_=1\" \/><a href=\"https:\/\/www.ucaldas.edu.co\/portal\/wp-content\/uploads\/2026\/04\/Rector-Universidad-de-Caldas-Fabio-Hernando-Arias-Orozco.mp3\">https:\/\/www.ucaldas.edu.co\/portal\/wp-content\/uploads\/2026\/04\/Rector-Universidad-de-Caldas-Fabio-Hernando-Arias-Orozco.mp3<\/a><\/audio>\n<p style=\"text-align: justify;\"><a href=\"https:\/\/www.ucaldas.edu.co\/portal\/wp-content\/uploads\/2026\/04\/Paula-Tatiana-Pantoja-Delegada-de-Presidencia-Consejo-Superior.mp3\"><strong>-Audio Delegada de Presidencia Consejo Superior, Paula Tatiana Pantoja.<\/strong><\/a><\/p>\n<audio class=\"wp-audio-shortcode\" id=\"audio-103953-2\" preload=\"none\" style=\"width: 100%;\" controls=\"controls\"><source type=\"audio\/mpeg\" src=\"https:\/\/www.ucaldas.edu.co\/portal\/wp-content\/uploads\/2026\/04\/Paula-Tatiana-Pantoja-Delegada-de-Presidencia-Consejo-Superior.mp3?_=2\" \/><a href=\"https:\/\/www.ucaldas.edu.co\/portal\/wp-content\/uploads\/2026\/04\/Paula-Tatiana-Pantoja-Delegada-de-Presidencia-Consejo-Superior.mp3\">https:\/\/www.ucaldas.edu.co\/portal\/wp-content\/uploads\/2026\/04\/Paula-Tatiana-Pantoja-Delegada-de-Presidencia-Consejo-Superior.mp3<\/a><\/audio>\n<p style=\"text-align: justify;\"><a href=\"https:\/\/www.ucaldas.edu.co\/portal\/wp-content\/uploads\/2026\/04\/Luis-Herney-Vargas-Barrega-Secretario-de-Educacion-de-Caldas.mp3\"><strong>-Audio Secretario de Educaci\u00f3n de Caldas, Luis Herney Vargas Barrera.<\/strong><\/a><\/p>\n<audio class=\"wp-audio-shortcode\" id=\"audio-103953-3\" preload=\"none\" style=\"width: 100%;\" controls=\"controls\"><source type=\"audio\/mpeg\" src=\"https:\/\/www.ucaldas.edu.co\/portal\/wp-content\/uploads\/2026\/04\/Luis-Herney-Vargas-Barrega-Secretario-de-Educacion-de-Caldas.mp3?_=3\" \/><a href=\"https:\/\/www.ucaldas.edu.co\/portal\/wp-content\/uploads\/2026\/04\/Luis-Herney-Vargas-Barrega-Secretario-de-Educacion-de-Caldas.mp3\">https:\/\/www.ucaldas.edu.co\/portal\/wp-content\/uploads\/2026\/04\/Luis-Herney-Vargas-Barrega-Secretario-de-Educacion-de-Caldas.mp3<\/a><\/audio>\n<p style=\"text-align: justify;\"><a href=\"https:\/\/www.ucaldas.edu.co\/portal\/wp-content\/uploads\/2026\/04\/Gabriel-Andres-Giraldo-Garcia-Rector-de-la-escuela-Normal-superior-sagrado-corazon-de-Aranzazu.mp3\"><strong>-Audio Rector de la escuela Normal superior sagrado coraz\u00f3n de Aranzazu, Gabriel Andr\u00e9s Giraldo Garc\u00eda.<\/strong><\/a><\/p>\n<audio class=\"wp-audio-shortcode\" id=\"audio-103953-4\" preload=\"none\" style=\"width: 100%;\" controls=\"controls\"><source type=\"audio\/mpeg\" src=\"https:\/\/www.ucaldas.edu.co\/portal\/wp-content\/uploads\/2026\/04\/Gabriel-Andres-Giraldo-Garcia-Rector-de-la-escuela-Normal-superior-sagrado-corazon-de-Aranzazu.mp3?_=4\" \/><a href=\"https:\/\/www.ucaldas.edu.co\/portal\/wp-content\/uploads\/2026\/04\/Gabriel-Andres-Giraldo-Garcia-Rector-de-la-escuela-Normal-superior-sagrado-corazon-de-Aranzazu.mp3\">https:\/\/www.ucaldas.edu.co\/portal\/wp-content\/uploads\/2026\/04\/Gabriel-Andres-Giraldo-Garcia-Rector-de-la-escuela-Normal-superior-sagrado-corazon-de-Aranzazu.mp3<\/a><\/audio>\n<p>[\/vc_column_text][vc_images_carousel images=\u00bb103958,103959,103960,103961,103962,103963,103964,103965&#8243; img_size=\u00bbfull\u00bb css=\u00bb\u00bb title=\u00bbGaler\u00eda de fotos\u00bb][\/vc_column][\/vc_row]<\/p>\n<\/div>","protected":false},"excerpt":{"rendered":"<p>[vc_row][vc_column][vc_video link=\u00bbhttps:\/\/youtu.be\/KTtyVF7trsw?si=RN4sdlGXv4tGzZI2&#8243; css=\u00bb\u00bb][vc_column_text] Con una apuesta decidida por la regionalizaci\u00f3n y el fortalecimiento de la educaci\u00f3n, el Consejo Superior de la Universidad de Caldas dio luz verde a la creaci\u00f3n de dos nuevas licenciaturas que impactar\u00e1n directamente a las Escuelas Normales Superiores del departamento.<\/p>\n","protected":false},"author":2,"featured_media":103958,"comment_status":"closed","ping_status":"open","sticky":false,"template":"","format":"standard","meta":{"footnotes":""},"categories":[48,53,9799],"tags":[1090],"class_list":["post-103953","post","type-post","status-publish","format-standard","has-post-thumbnail","hentry","category-actualidad","category-universidad-al-dia","category-destacados","tag-consejo-superior"],"yoast_head":"<!-- This site is optimized with the Yoast SEO plugin v27.5 - https:\/\/yoast.com\/product\/yoast-seo-wordpress\/ -->\n<title>Universidad de Caldas aprueba dos nuevas licenciaturas para fortalecer la formaci\u00f3n docente en el territorio .<\/title>\n<meta name=\"robots\" content=\"index, follow, max-snippet:-1, max-image-preview:large, max-video-preview:-1\" \/>\n<link rel=\"canonical\" href=\"https:\/\/www.ucaldas.edu.co\/portal\/universidad-de-caldas-aprueba-dos-nuevas-licenciaturas-para-fortalecer-la-formacion-docente-en-el-territorio\/\" \/>\n<script type=\"application\/ld+json\" class=\"yoast-schema-graph\">{\"@context\":\"https:\\\/\\\/schema.org\",\"@graph\":[{\"@type\":\"Article\",\"@id\":\"https:\\\/\\\/www.ucaldas.edu.co\\\/portal\\\/universidad-de-caldas-aprueba-dos-nuevas-licenciaturas-para-fortalecer-la-formacion-docente-en-el-territorio\\\/#article\",\"isPartOf\":{\"@id\":\"https:\\\/\\\/www.ucaldas.edu.co\\\/portal\\\/universidad-de-caldas-aprueba-dos-nuevas-licenciaturas-para-fortalecer-la-formacion-docente-en-el-territorio\\\/\"},\"author\":{\"name\":\"ofiprensa\",\"@id\":\"https:\\\/\\\/www.ucaldas.edu.co\\\/portal\\\/#\\\/schema\\\/person\\\/a1b482e23449158b4bc319926c074fdf\"},\"headline\":\"Universidad de Caldas aprueba dos nuevas licenciaturas para fortalecer la formaci\u00f3n docente en el territorio\",\"datePublished\":\"2026-04-29T00:01:14+00:00\",\"mainEntityOfPage\":{\"@id\":\"https:\\\/\\\/www.ucaldas.edu.co\\\/portal\\\/universidad-de-caldas-aprueba-dos-nuevas-licenciaturas-para-fortalecer-la-formacion-docente-en-el-territorio\\\/\"},\"wordCount\":790,\"publisher\":{\"@id\":\"https:\\\/\\\/www.ucaldas.edu.co\\\/portal\\\/#organization\"},\"image\":{\"@id\":\"https:\\\/\\\/www.ucaldas.edu.co\\\/portal\\\/universidad-de-caldas-aprueba-dos-nuevas-licenciaturas-para-fortalecer-la-formacion-docente-en-el-territorio\\\/#primaryimage\"},\"thumbnailUrl\":\"https:\\\/\\\/www.ucaldas.edu.co\\\/portal\\\/wp-content\\\/uploads\\\/2026\\\/04\\\/WhatsApp-Image-2026-04-28-at-3.36.40-PM-1-e1777417732427.jpeg\",\"keywords\":[\"Consejo Superior\"],\"articleSection\":[\"Actualidad\",\"Universidad al D\u00eda\",\"Destacados\"],\"inLanguage\":\"es\"},{\"@type\":\"WebPage\",\"@id\":\"https:\\\/\\\/www.ucaldas.edu.co\\\/portal\\\/universidad-de-caldas-aprueba-dos-nuevas-licenciaturas-para-fortalecer-la-formacion-docente-en-el-territorio\\\/\",\"url\":\"https:\\\/\\\/www.ucaldas.edu.co\\\/portal\\\/universidad-de-caldas-aprueba-dos-nuevas-licenciaturas-para-fortalecer-la-formacion-docente-en-el-territorio\\\/\",\"name\":\"Universidad de Caldas aprueba dos nuevas licenciaturas para fortalecer la formaci\u00f3n docente en el territorio .\",\"isPartOf\":{\"@id\":\"https:\\\/\\\/www.ucaldas.edu.co\\\/portal\\\/#website\"},\"primaryImageOfPage\":{\"@id\":\"https:\\\/\\\/www.ucaldas.edu.co\\\/portal\\\/universidad-de-caldas-aprueba-dos-nuevas-licenciaturas-para-fortalecer-la-formacion-docente-en-el-territorio\\\/#primaryimage\"},\"image\":{\"@id\":\"https:\\\/\\\/www.ucaldas.edu.co\\\/portal\\\/universidad-de-caldas-aprueba-dos-nuevas-licenciaturas-para-fortalecer-la-formacion-docente-en-el-territorio\\\/#primaryimage\"},\"thumbnailUrl\":\"https:\\\/\\\/www.ucaldas.edu.co\\\/portal\\\/wp-content\\\/uploads\\\/2026\\\/04\\\/WhatsApp-Image-2026-04-28-at-3.36.40-PM-1-e1777417732427.jpeg\",\"datePublished\":\"2026-04-29T00:01:14+00:00\",\"breadcrumb\":{\"@id\":\"https:\\\/\\\/www.ucaldas.edu.co\\\/portal\\\/universidad-de-caldas-aprueba-dos-nuevas-licenciaturas-para-fortalecer-la-formacion-docente-en-el-territorio\\\/#breadcrumb\"},\"inLanguage\":\"es\",\"potentialAction\":[{\"@type\":\"ReadAction\",\"target\":[\"https:\\\/\\\/www.ucaldas.edu.co\\\/portal\\\/universidad-de-caldas-aprueba-dos-nuevas-licenciaturas-para-fortalecer-la-formacion-docente-en-el-territorio\\\/\"]}]},{\"@type\":\"ImageObject\",\"inLanguage\":\"es\",\"@id\":\"https:\\\/\\\/www.ucaldas.edu.co\\\/portal\\\/universidad-de-caldas-aprueba-dos-nuevas-licenciaturas-para-fortalecer-la-formacion-docente-en-el-territorio\\\/#primaryimage\",\"url\":\"https:\\\/\\\/www.ucaldas.edu.co\\\/portal\\\/wp-content\\\/uploads\\\/2026\\\/04\\\/WhatsApp-Image-2026-04-28-at-3.36.40-PM-1-e1777417732427.jpeg\",\"contentUrl\":\"https:\\\/\\\/www.ucaldas.edu.co\\\/portal\\\/wp-content\\\/uploads\\\/2026\\\/04\\\/WhatsApp-Image-2026-04-28-at-3.36.40-PM-1-e1777417732427.jpeg\",\"width\":900,\"height\":600},{\"@type\":\"BreadcrumbList\",\"@id\":\"https:\\\/\\\/www.ucaldas.edu.co\\\/portal\\\/universidad-de-caldas-aprueba-dos-nuevas-licenciaturas-para-fortalecer-la-formacion-docente-en-el-territorio\\\/#breadcrumb\",\"itemListElement\":[{\"@type\":\"ListItem\",\"position\":1,\"name\":\"Portada\",\"item\":\"https:\\\/\\\/www.ucaldas.edu.co\\\/portal\\\/\"},{\"@type\":\"ListItem\",\"position\":2,\"name\":\"Universidad de Caldas aprueba dos nuevas licenciaturas para fortalecer la formaci\u00f3n docente en el territorio\"}]},{\"@type\":\"WebSite\",\"@id\":\"https:\\\/\\\/www.ucaldas.edu.co\\\/portal\\\/#website\",\"url\":\"https:\\\/\\\/www.ucaldas.edu.co\\\/portal\\\/\",\"name\":\"Universidad de Caldas\",\"description\":\"\",\"publisher\":{\"@id\":\"https:\\\/\\\/www.ucaldas.edu.co\\\/portal\\\/#organization\"},\"alternateName\":\"U. de Caldas\",\"potentialAction\":[{\"@type\":\"SearchAction\",\"target\":{\"@type\":\"EntryPoint\",\"urlTemplate\":\"https:\\\/\\\/www.ucaldas.edu.co\\\/portal\\\/?s={search_term_string}\"},\"query-input\":{\"@type\":\"PropertyValueSpecification\",\"valueRequired\":true,\"valueName\":\"search_term_string\"}}],\"inLanguage\":\"es\"},{\"@type\":\"Organization\",\"@id\":\"https:\\\/\\\/www.ucaldas.edu.co\\\/portal\\\/#organization\",\"name\":\"Universidad de Caldas\",\"alternateName\":\"U. de Caldas\",\"url\":\"https:\\\/\\\/www.ucaldas.edu.co\\\/portal\\\/\",\"logo\":{\"@type\":\"ImageObject\",\"inLanguage\":\"es\",\"@id\":\"https:\\\/\\\/www.ucaldas.edu.co\\\/portal\\\/#\\\/schema\\\/logo\\\/image\\\/\",\"url\":\"https:\\\/\\\/www.ucaldas.edu.co\\\/portal\\\/wp-content\\\/uploads\\\/2023\\\/11\\\/Logo_horizontal_oscuroU-2023.png\",\"contentUrl\":\"https:\\\/\\\/www.ucaldas.edu.co\\\/portal\\\/wp-content\\\/uploads\\\/2023\\\/11\\\/Logo_horizontal_oscuroU-2023.png\",\"width\":263,\"height\":101,\"caption\":\"Universidad de Caldas\"},\"image\":{\"@id\":\"https:\\\/\\\/www.ucaldas.edu.co\\\/portal\\\/#\\\/schema\\\/logo\\\/image\\\/\"},\"sameAs\":[\"https:\\\/\\\/www.facebook.com\\\/udecaldas\",\"https:\\\/\\\/x.com\\\/udecaldas\",\"https:\\\/\\\/www.youtube.com\\\/universidadcaldas\",\"https:\\\/\\\/www.instagram.com\\\/udecaldas\\\/\"]},{\"@type\":\"Person\",\"@id\":\"https:\\\/\\\/www.ucaldas.edu.co\\\/portal\\\/#\\\/schema\\\/person\\\/a1b482e23449158b4bc319926c074fdf\",\"name\":\"ofiprensa\",\"image\":{\"@type\":\"ImageObject\",\"inLanguage\":\"es\",\"@id\":\"https:\\\/\\\/www.ucaldas.edu.co\\\/portal\\\/wp-content\\\/litespeed\\\/avatar\\\/09ea5085e600095a7a811142c6944527.jpg?ver=1777497608\",\"url\":\"https:\\\/\\\/www.ucaldas.edu.co\\\/portal\\\/wp-content\\\/litespeed\\\/avatar\\\/09ea5085e600095a7a811142c6944527.jpg?ver=1777497608\",\"contentUrl\":\"https:\\\/\\\/www.ucaldas.edu.co\\\/portal\\\/wp-content\\\/litespeed\\\/avatar\\\/09ea5085e600095a7a811142c6944527.jpg?ver=1777497608\",\"caption\":\"ofiprensa\"},\"url\":\"https:\\\/\\\/www.ucaldas.edu.co\\\/portal\\\/author\\\/ofiprensa\\\/\"}]}<\/script>\n<!-- \/ Yoast SEO plugin. -->","yoast_head_json":{"title":"Universidad de Caldas aprueba dos nuevas licenciaturas para fortalecer la formaci\u00f3n docente en el territorio .","robots":{"index":"index","follow":"follow","max-snippet":"max-snippet:-1","max-image-preview":"max-image-preview:large","max-video-preview":"max-video-preview:-1"},"canonical":"https:\/\/www.ucaldas.edu.co\/portal\/universidad-de-caldas-aprueba-dos-nuevas-licenciaturas-para-fortalecer-la-formacion-docente-en-el-territorio\/","schema":{"@context":"https:\/\/schema.org","@graph":[{"@type":"Article","@id":"https:\/\/www.ucaldas.edu.co\/portal\/universidad-de-caldas-aprueba-dos-nuevas-licenciaturas-para-fortalecer-la-formacion-docente-en-el-territorio\/#article","isPartOf":{"@id":"https:\/\/www.ucaldas.edu.co\/portal\/universidad-de-caldas-aprueba-dos-nuevas-licenciaturas-para-fortalecer-la-formacion-docente-en-el-territorio\/"},"author":{"name":"ofiprensa","@id":"https:\/\/www.ucaldas.edu.co\/portal\/#\/schema\/person\/a1b482e23449158b4bc319926c074fdf"},"headline":"Universidad de Caldas aprueba dos nuevas licenciaturas para fortalecer la formaci\u00f3n docente en el territorio","datePublished":"2026-04-29T00:01:14+00:00","mainEntityOfPage":{"@id":"https:\/\/www.ucaldas.edu.co\/portal\/universidad-de-caldas-aprueba-dos-nuevas-licenciaturas-para-fortalecer-la-formacion-docente-en-el-territorio\/"},"wordCount":790,"publisher":{"@id":"https:\/\/www.ucaldas.edu.co\/portal\/#organization"},"image":{"@id":"https:\/\/www.ucaldas.edu.co\/portal\/universidad-de-caldas-aprueba-dos-nuevas-licenciaturas-para-fortalecer-la-formacion-docente-en-el-territorio\/#primaryimage"},"thumbnailUrl":"https:\/\/www.ucaldas.edu.co\/portal\/wp-content\/uploads\/2026\/04\/WhatsApp-Image-2026-04-28-at-3.36.40-PM-1-e1777417732427.jpeg","keywords":["Consejo Superior"],"articleSection":["Actualidad","Universidad al D\u00eda","Destacados"],"inLanguage":"es"},{"@type":"WebPage","@id":"https:\/\/www.ucaldas.edu.co\/portal\/universidad-de-caldas-aprueba-dos-nuevas-licenciaturas-para-fortalecer-la-formacion-docente-en-el-territorio\/","url":"https:\/\/www.ucaldas.edu.co\/portal\/universidad-de-caldas-aprueba-dos-nuevas-licenciaturas-para-fortalecer-la-formacion-docente-en-el-territorio\/","name":"Universidad de Caldas aprueba dos nuevas licenciaturas para fortalecer la formaci\u00f3n docente en el territorio .","isPartOf":{"@id":"https:\/\/www.ucaldas.edu.co\/portal\/#website"},"primaryImageOfPage":{"@id":"https:\/\/www.ucaldas.edu.co\/portal\/universidad-de-caldas-aprueba-dos-nuevas-licenciaturas-para-fortalecer-la-formacion-docente-en-el-territorio\/#primaryimage"},"image":{"@id":"https:\/\/www.ucaldas.edu.co\/portal\/universidad-de-caldas-aprueba-dos-nuevas-licenciaturas-para-fortalecer-la-formacion-docente-en-el-territorio\/#primaryimage"},"thumbnailUrl":"https:\/\/www.ucaldas.edu.co\/portal\/wp-content\/uploads\/2026\/04\/WhatsApp-Image-2026-04-28-at-3.36.40-PM-1-e1777417732427.jpeg","datePublished":"2026-04-29T00:01:14+00:00","breadcrumb":{"@id":"https:\/\/www.ucaldas.edu.co\/portal\/universidad-de-caldas-aprueba-dos-nuevas-licenciaturas-para-fortalecer-la-formacion-docente-en-el-territorio\/#breadcrumb"},"inLanguage":"es","potentialAction":[{"@type":"ReadAction","target":["https:\/\/www.ucaldas.edu.co\/portal\/universidad-de-caldas-aprueba-dos-nuevas-licenciaturas-para-fortalecer-la-formacion-docente-en-el-territorio\/"]}]},{"@type":"ImageObject","inLanguage":"es","@id":"https:\/\/www.ucaldas.edu.co\/portal\/universidad-de-caldas-aprueba-dos-nuevas-licenciaturas-para-fortalecer-la-formacion-docente-en-el-territorio\/#primaryimage","url":"https:\/\/www.ucaldas.edu.co\/portal\/wp-content\/uploads\/2026\/04\/WhatsApp-Image-2026-04-28-at-3.36.40-PM-1-e1777417732427.jpeg","contentUrl":"https:\/\/www.ucaldas.edu.co\/portal\/wp-content\/uploads\/2026\/04\/WhatsApp-Image-2026-04-28-at-3.36.40-PM-1-e1777417732427.jpeg","width":900,"height":600},{"@type":"BreadcrumbList","@id":"https:\/\/www.ucaldas.edu.co\/portal\/universidad-de-caldas-aprueba-dos-nuevas-licenciaturas-para-fortalecer-la-formacion-docente-en-el-territorio\/#breadcrumb","itemListElement":[{"@type":"ListItem","position":1,"name":"Portada","item":"https:\/\/www.ucaldas.edu.co\/portal\/"},{"@type":"ListItem","position":2,"name":"Universidad de Caldas aprueba dos nuevas licenciaturas para fortalecer la formaci\u00f3n docente en el territorio"}]},{"@type":"WebSite","@id":"https:\/\/www.ucaldas.edu.co\/portal\/#website","url":"https:\/\/www.ucaldas.edu.co\/portal\/","name":"Universidad de Caldas","description":"","publisher":{"@id":"https:\/\/www.ucaldas.edu.co\/portal\/#organization"},"alternateName":"U. de Caldas","potentialAction":[{"@type":"SearchAction","target":{"@type":"EntryPoint","urlTemplate":"https:\/\/www.ucaldas.edu.co\/portal\/?s={search_term_string}"},"query-input":{"@type":"PropertyValueSpecification","valueRequired":true,"valueName":"search_term_string"}}],"inLanguage":"es"},{"@type":"Organization","@id":"https:\/\/www.ucaldas.edu.co\/portal\/#organization","name":"Universidad de Caldas","alternateName":"U. de Caldas","url":"https:\/\/www.ucaldas.edu.co\/portal\/","logo":{"@type":"ImageObject","inLanguage":"es","@id":"https:\/\/www.ucaldas.edu.co\/portal\/#\/schema\/logo\/image\/","url":"https:\/\/www.ucaldas.edu.co\/portal\/wp-content\/uploads\/2023\/11\/Logo_horizontal_oscuroU-2023.png","contentUrl":"https:\/\/www.ucaldas.edu.co\/portal\/wp-content\/uploads\/2023\/11\/Logo_horizontal_oscuroU-2023.png","width":263,"height":101,"caption":"Universidad de Caldas"},"image":{"@id":"https:\/\/www.ucaldas.edu.co\/portal\/#\/schema\/logo\/image\/"},"sameAs":["https:\/\/www.facebook.com\/udecaldas","https:\/\/x.com\/udecaldas","https:\/\/www.youtube.com\/universidadcaldas","https:\/\/www.instagram.com\/udecaldas\/"]},{"@type":"Person","@id":"https:\/\/www.ucaldas.edu.co\/portal\/#\/schema\/person\/a1b482e23449158b4bc319926c074fdf","name":"ofiprensa","image":{"@type":"ImageObject","inLanguage":"es","@id":"https:\/\/www.ucaldas.edu.co\/portal\/wp-content\/litespeed\/avatar\/09ea5085e600095a7a811142c6944527.jpg?ver=1777497608","url":"https:\/\/www.ucaldas.edu.co\/portal\/wp-content\/litespeed\/avatar\/09ea5085e600095a7a811142c6944527.jpg?ver=1777497608","contentUrl":"https:\/\/www.ucaldas.edu.co\/portal\/wp-content\/litespeed\/avatar\/09ea5085e600095a7a811142c6944527.jpg?ver=1777497608","caption":"ofiprensa"},"url":"https:\/\/www.ucaldas.edu.co\/portal\/author\/ofiprensa\/"}]}},"_links":{"self":[{"href":"https:\/\/www.ucaldas.edu.co\/portal\/wp-json\/wp\/v2\/posts\/103953","targetHints":{"allow":["GET"]}}],"collection":[{"href":"https:\/\/www.ucaldas.edu.co\/portal\/wp-json\/wp\/v2\/posts"}],"about":[{"href":"https:\/\/www.ucaldas.edu.co\/portal\/wp-json\/wp\/v2\/types\/post"}],"author":[{"embeddable":true,"href":"https:\/\/www.ucaldas.edu.co\/portal\/wp-json\/wp\/v2\/users\/2"}],"replies":[{"embeddable":true,"href":"https:\/\/www.ucaldas.edu.co\/portal\/wp-json\/wp\/v2\/comments?post=103953"}],"version-history":[{"count":1,"href":"https:\/\/www.ucaldas.edu.co\/portal\/wp-json\/wp\/v2\/posts\/103953\/revisions"}],"predecessor-version":[{"id":103966,"href":"https:\/\/www.ucaldas.edu.co\/portal\/wp-json\/wp\/v2\/posts\/103953\/revisions\/103966"}],"wp:featuredmedia":[{"embeddable":true,"href":"https:\/\/www.ucaldas.edu.co\/portal\/wp-json\/wp\/v2\/media\/103958"}],"wp:attachment":[{"href":"https:\/\/www.ucaldas.edu.co\/portal\/wp-json\/wp\/v2\/media?parent=103953"}],"wp:term":[{"taxonomy":"category","embeddable":true,"href":"https:\/\/www.ucaldas.edu.co\/portal\/wp-json\/wp\/v2\/categories?post=103953"},{"taxonomy":"post_tag","embeddable":true,"href":"https:\/\/www.ucaldas.edu.co\/portal\/wp-json\/wp\/v2\/tags?post=103953"}],"curies":[{"name":"wp","href":"https:\/\/api.w.org\/{rel}","templated":true}]}}