{"id":103951,"date":"2026-04-28T18:59:46","date_gmt":"2026-04-28T23:59:46","guid":{"rendered":"https:\/\/www.ucaldas.edu.co\/portal\/?p=103951"},"modified":"2026-04-28T18:59:46","modified_gmt":"2026-04-28T23:59:46","slug":"la-universidad-de-caldas-es-la-sede-del-ii-congreso-nacional-de-investigacion-creacion-en-arte-y-cultura","status":"publish","type":"post","link":"https:\/\/www.ucaldas.edu.co\/portal\/la-universidad-de-caldas-es-la-sede-del-ii-congreso-nacional-de-investigacion-creacion-en-arte-y-cultura\/","title":{"rendered":"La Universidad de Caldas es la sede del II Congreso Nacional de Investigaci\u00f3n-Creaci\u00f3n en Arte y Cultura"},"content":{"rendered":"<div class=\"wpb-content-wrapper\"><p>[vc_row][vc_column][vc_video link=\u00bbhttps:\/\/youtu.be\/c6ZRELDlCug?si=bKj6NmGr1vBCFAyw\u00bb css=\u00bb\u00bb][vc_column_text]<\/p>\n<p style=\"text-align: justify;\">La Universidad de Caldas es el escenario del II Congreso Nacional de Investigaci\u00f3n-Creaci\u00f3n en Arte y Cultura, un encuentro de tres d\u00edas 27, 28 y 29 de abril que convoca a artistas, investigadores, gestores culturales e instituciones de todo el pa\u00eds y del exterior, en torno al arte y la cultura como motores de transformaci\u00f3n social.<!--more--><\/p>\n<p style=\"text-align: justify;\">El congreso re\u00fane voces de universidades de toda Colombia entre ellas la Universidad Nacional, la Universidad de Antioquia, la Universidad del Cauca, la Universidad del Valle y la UNAD, as\u00ed como participantes internacionales de M\u00e9xico y Argentina, lo que le otorga una dimensi\u00f3n acad\u00e9mica de primer orden a nivel nacional e internacional.<\/p>\n<p style=\"text-align: justify;\">Entre los invitados estuvo presente el viceministro de las Artes y la Econom\u00eda Cultural y Creativa del Ministerio de las Culturas, las Artes y los Saberes, Fabi\u00e1n S\u00e1nchez Molina, quien aport\u00f3 una mirada institucional y de pol\u00edtica p\u00fablica sobre el arte en Colombia. Durante su intervenci\u00f3n, destac\u00f3: \u201cel elemento central es empezar a construir semilleros de investigaci\u00f3n, no solamente desde el espacio universitario. Quienes entendemos que la creaci\u00f3n realmente aporta a la investigaci\u00f3n sabemos que estos procesos comienzan en los colegios, con los ni\u00f1os; tambi\u00e9n en las c\u00e1rceles y en las casas de la cultura. All\u00ed nacen los distintos procesos de educaci\u00f3n art\u00edstica del pa\u00eds, que deben fortalecerse de manera estructurada como escenarios de investigaci\u00f3n-creaci\u00f3n en arte y cultura\u201d.<\/p>\n<p style=\"text-align: justify;\">Por su parte la decana de la Facultad de Artes y Humanidades, Germana Soler Mill\u00e1n destac\u00f3, \u201cestos eventos re\u00fanen a artistas que vienen de todos los rincones de este pa\u00eds, y nos encontramos durante tres d\u00edas no solamente para celebrar las artes y las culturas, sino para interrogarnos: qu\u00e9 son, qu\u00e9 hacen y, ante todo, qu\u00e9 pueden hacer en una sociedad como la colombiana. Una sociedad con fracturas causadas por la guerra, la violencia y el desplazamiento, pero que tambi\u00e9n encuentra en estos espacios la oportunidad de reafirmar esa gran aspiraci\u00f3n que tenemos, irrevocable, que es la paz. Y poder demostrar que las artes s\u00ed hacen la diferencia\u201d, enfatiz\u00f3.<\/p>\n<p style=\"text-align: justify;\">La actriz Florina Lemaitre Cavalier, figura emblem\u00e1tica de las artes esc\u00e9nicas del pa\u00eds, tambi\u00e9n acompa\u00f1\u00f3 el primer d\u00eda del congreso, en el que recibi\u00f3 un reconocimiento a su trayectoria art\u00edstica. Asimismo, Philippe Murcia, agregado cultural de la Embajada de Francia en Colombia, comparti\u00f3 su experiencia sobre residencias art\u00edsticas internacionales a trav\u00e9s del programa Villa Crea Colombia, abriendo un puente entre la creaci\u00f3n colombiana y el \u00e1mbito internacional.<\/p>\n<p style=\"text-align: justify;\"><strong>Desarrollo de la agenda <\/strong><\/p>\n<p style=\"text-align: justify;\">El primer d\u00eda del congreso arranc\u00f3 con la apertura oficial, la intervenci\u00f3n del viceministro y el homenaje a Florina Lemaitre, seguidos de un conversatorio sobre gesti\u00f3n cultural y una muestra art\u00edstica del programa Artes para la Paz, que record\u00f3 el poder transformador del arte en la construcci\u00f3n de sociedad y paz.<\/p>\n<p style=\"text-align: justify;\">Este martes 28 de abril, se llevaron a cabo espacios de reflexiones sobre los cruces entre arte, tecnolog\u00eda e identidad. Se abordaron temas que van desde la co-creaci\u00f3n con inteligencia artificial y las artes esc\u00e9nicas digitales, hasta la memoria de las danzas tradicionales del Carnaval de Barranquilla, las ciudadan\u00edas cr\u00edticas en Latinoam\u00e9rica y el rescate del patrimonio musical del Pac\u00edfico colombiano. En la tarde, la conversaci\u00f3n continu\u00f3 con ponencias sobre dise\u00f1o transmedia, identidad visual, el legado del poeta Le\u00f3n de Greiff y una exploraci\u00f3n art\u00edstica sobre los imaginarios de Santa Marta a sus 500 a\u00f1os.<\/p>\n<p style=\"text-align: justify;\">El mi\u00e9rcoles 29 de abril, \u00faltimo d\u00eda del congreso, el Auditorio del Centro Cultural Rogelio Salmona acoger\u00e1 reflexiones sobre el Caribe fluvial y sus imaginarios sonoros, la construcci\u00f3n de la marimba de chonta en el Pac\u00edfico sur colombiano, la memoria hist\u00f3rica del Conservatorio del Tolima y la canci\u00f3n art\u00edstica colombiana como patrimonio cultural y como broche de oro, se realizar\u00e1 el Cypher de Saberes, un espacio abierto de danza e intercambio de movimiento para la comunidad universitaria y los bailarines de la ciudad, en el Hall de la sede central de la Universidad de Caldas.<\/p>\n<p style=\"text-align: justify;\">El congreso cerrar\u00e1 oficialmente a las 4:30 de la tarde en el auditorio del Centro Cultural Rogelio Salmona.<\/p>\n<p style=\"text-align: justify;\">Este congreso reafirma el liderazgo de la Universidad de Caldas en la construcci\u00f3n de pensamiento cr\u00edtico y sensible desde los territorios, y su compromiso con hacer del arte y la cultura un espacio vivo, plural y transformador para el pa\u00eds.<\/p>\n<p style=\"text-align: justify;\">Para mayor informaci\u00f3n de la agenda aqu\u00ed: <a href=\"https:\/\/acortar.link\/McZMux\">https:\/\/acortar.link\/McZMux\u00a0<\/a><\/p>\n<p style=\"text-align: justify;\"><strong>Anexos:<\/strong><\/p>\n<p style=\"text-align: justify;\"><a href=\"https:\/\/www.ucaldas.edu.co\/portal\/wp-content\/uploads\/2026\/04\/copy_6A02D2BE-BA4F-4ECD-A26A-5C468DAE225F.mp3.mpeg.mp3\"><strong>-Audio Viceministro de las Artes y la Econom\u00eda Cultural y Creativa del Ministerio de las Culturas, las Artes y los Saberes, Fabi\u00e1n S\u00e1nchez Molina.<\/strong><\/a><\/p>\n<audio class=\"wp-audio-shortcode\" id=\"audio-103951-1\" preload=\"none\" style=\"width: 100%;\" controls=\"controls\"><source type=\"audio\/mpeg\" src=\"https:\/\/www.ucaldas.edu.co\/portal\/wp-content\/uploads\/2026\/04\/copy_6A02D2BE-BA4F-4ECD-A26A-5C468DAE225F.mp3.mpeg.mp3?_=1\" \/><a href=\"https:\/\/www.ucaldas.edu.co\/portal\/wp-content\/uploads\/2026\/04\/copy_6A02D2BE-BA4F-4ECD-A26A-5C468DAE225F.mp3.mpeg.mp3\">https:\/\/www.ucaldas.edu.co\/portal\/wp-content\/uploads\/2026\/04\/copy_6A02D2BE-BA4F-4ECD-A26A-5C468DAE225F.mp3.mpeg.mp3<\/a><\/audio>\n<p style=\"text-align: justify;\"><a href=\"https:\/\/www.ucaldas.edu.co\/portal\/wp-content\/uploads\/2026\/04\/2921AEF4-AFC3-445E-91ED-7E62AB88ECC9.mp3.mpeg.mp3\"><strong>-Audio Actriz, Florina Lemaitre Cavalier.<\/strong><\/a><\/p>\n<audio class=\"wp-audio-shortcode\" id=\"audio-103951-2\" preload=\"none\" style=\"width: 100%;\" controls=\"controls\"><source type=\"audio\/mpeg\" src=\"https:\/\/www.ucaldas.edu.co\/portal\/wp-content\/uploads\/2026\/04\/2921AEF4-AFC3-445E-91ED-7E62AB88ECC9.mp3.mpeg.mp3?_=2\" \/><a href=\"https:\/\/www.ucaldas.edu.co\/portal\/wp-content\/uploads\/2026\/04\/2921AEF4-AFC3-445E-91ED-7E62AB88ECC9.mp3.mpeg.mp3\">https:\/\/www.ucaldas.edu.co\/portal\/wp-content\/uploads\/2026\/04\/2921AEF4-AFC3-445E-91ED-7E62AB88ECC9.mp3.mpeg.mp3<\/a><\/audio>\n<p style=\"text-align: justify;\"><a href=\"https:\/\/www.ucaldas.edu.co\/portal\/wp-content\/uploads\/2026\/04\/copy_56E39928-3472-411A-AFDE-9899195A56A6.mp3.mp3\"><strong>-Audio Decana Facultad de Artes y Humanidades, Germana Soler Mill\u00e1n.<\/strong><\/a><\/p>\n<audio class=\"wp-audio-shortcode\" id=\"audio-103951-3\" preload=\"none\" style=\"width: 100%;\" controls=\"controls\"><source type=\"audio\/mpeg\" src=\"https:\/\/www.ucaldas.edu.co\/portal\/wp-content\/uploads\/2026\/04\/copy_56E39928-3472-411A-AFDE-9899195A56A6.mp3.mp3?_=3\" \/><a href=\"https:\/\/www.ucaldas.edu.co\/portal\/wp-content\/uploads\/2026\/04\/copy_56E39928-3472-411A-AFDE-9899195A56A6.mp3.mp3\">https:\/\/www.ucaldas.edu.co\/portal\/wp-content\/uploads\/2026\/04\/copy_56E39928-3472-411A-AFDE-9899195A56A6.mp3.mp3<\/a><\/audio>\n<p><img loading=\"lazy\" decoding=\"async\" class=\"alignnone wp-image-103967 size-full\" src=\"https:\/\/www.ucaldas.edu.co\/portal\/wp-content\/uploads\/2026\/04\/IMG_0809-1-scaled-e1777418014979.jpg\" alt=\"Congreso Arte y Cultura\" width=\"900\" height=\"600\" \/><\/p>\n<p>[\/vc_column_text][\/vc_column][\/vc_row]<\/p>\n<\/div>","protected":false},"excerpt":{"rendered":"<p>[vc_row][vc_column][vc_video link=\u00bbhttps:\/\/youtu.be\/c6ZRELDlCug?si=bKj6NmGr1vBCFAyw\u00bb css=\u00bb\u00bb][vc_column_text] La Universidad de Caldas es el escenario del II Congreso Nacional de Investigaci\u00f3n-Creaci\u00f3n en Arte y Cultura, un encuentro de tres d\u00edas 27, 28 y 29 de abril que convoca a artistas, investigadores, gestores culturales e instituciones de todo el pa\u00eds y del exterior, en torno al arte y la cultura como [&hellip;]<\/p>\n","protected":false},"author":2,"featured_media":103967,"comment_status":"closed","ping_status":"open","sticky":false,"template":"","format":"standard","meta":{"footnotes":""},"categories":[48,53,664],"tags":[10036],"class_list":["post-103951","post","type-post","status-publish","format-standard","has-post-thumbnail","hentry","category-actualidad","category-universidad-al-dia","category-ucaldas-cultural","tag-congreso-nacional-de-investigacion-creacion-en-arte-y-cultura"],"yoast_head":"<!-- This site is optimized with the Yoast SEO plugin v27.5 - https:\/\/yoast.com\/product\/yoast-seo-wordpress\/ -->\n<title>La Universidad de Caldas es la sede del II Congreso Nacional de Investigaci\u00f3n-Creaci\u00f3n en Arte y Cultura .<\/title>\n<meta name=\"robots\" content=\"index, follow, max-snippet:-1, max-image-preview:large, max-video-preview:-1\" \/>\n<link rel=\"canonical\" href=\"https:\/\/www.ucaldas.edu.co\/portal\/la-universidad-de-caldas-es-la-sede-del-ii-congreso-nacional-de-investigacion-creacion-en-arte-y-cultura\/\" \/>\n<script type=\"application\/ld+json\" class=\"yoast-schema-graph\">{\"@context\":\"https:\\\/\\\/schema.org\",\"@graph\":[{\"@type\":\"Article\",\"@id\":\"https:\\\/\\\/www.ucaldas.edu.co\\\/portal\\\/la-universidad-de-caldas-es-la-sede-del-ii-congreso-nacional-de-investigacion-creacion-en-arte-y-cultura\\\/#article\",\"isPartOf\":{\"@id\":\"https:\\\/\\\/www.ucaldas.edu.co\\\/portal\\\/la-universidad-de-caldas-es-la-sede-del-ii-congreso-nacional-de-investigacion-creacion-en-arte-y-cultura\\\/\"},\"author\":{\"name\":\"ofiprensa\",\"@id\":\"https:\\\/\\\/www.ucaldas.edu.co\\\/portal\\\/#\\\/schema\\\/person\\\/a1b482e23449158b4bc319926c074fdf\"},\"headline\":\"La Universidad de Caldas es la sede del II Congreso Nacional de Investigaci\u00f3n-Creaci\u00f3n en Arte y Cultura\",\"datePublished\":\"2026-04-28T23:59:46+00:00\",\"mainEntityOfPage\":{\"@id\":\"https:\\\/\\\/www.ucaldas.edu.co\\\/portal\\\/la-universidad-de-caldas-es-la-sede-del-ii-congreso-nacional-de-investigacion-creacion-en-arte-y-cultura\\\/\"},\"wordCount\":936,\"publisher\":{\"@id\":\"https:\\\/\\\/www.ucaldas.edu.co\\\/portal\\\/#organization\"},\"image\":{\"@id\":\"https:\\\/\\\/www.ucaldas.edu.co\\\/portal\\\/la-universidad-de-caldas-es-la-sede-del-ii-congreso-nacional-de-investigacion-creacion-en-arte-y-cultura\\\/#primaryimage\"},\"thumbnailUrl\":\"https:\\\/\\\/www.ucaldas.edu.co\\\/portal\\\/wp-content\\\/uploads\\\/2026\\\/04\\\/IMG_0809-1-scaled-e1777418014979.jpg\",\"keywords\":[\"congreso Nacional de Investigaci\u00f3n-Creaci\u00f3n en Arte y Cultura\"],\"articleSection\":[\"Actualidad\",\"Universidad al D\u00eda\",\"UCaldas Cultural\"],\"inLanguage\":\"es\"},{\"@type\":\"WebPage\",\"@id\":\"https:\\\/\\\/www.ucaldas.edu.co\\\/portal\\\/la-universidad-de-caldas-es-la-sede-del-ii-congreso-nacional-de-investigacion-creacion-en-arte-y-cultura\\\/\",\"url\":\"https:\\\/\\\/www.ucaldas.edu.co\\\/portal\\\/la-universidad-de-caldas-es-la-sede-del-ii-congreso-nacional-de-investigacion-creacion-en-arte-y-cultura\\\/\",\"name\":\"La Universidad de Caldas es la sede del II Congreso Nacional de Investigaci\u00f3n-Creaci\u00f3n en Arte y Cultura .\",\"isPartOf\":{\"@id\":\"https:\\\/\\\/www.ucaldas.edu.co\\\/portal\\\/#website\"},\"primaryImageOfPage\":{\"@id\":\"https:\\\/\\\/www.ucaldas.edu.co\\\/portal\\\/la-universidad-de-caldas-es-la-sede-del-ii-congreso-nacional-de-investigacion-creacion-en-arte-y-cultura\\\/#primaryimage\"},\"image\":{\"@id\":\"https:\\\/\\\/www.ucaldas.edu.co\\\/portal\\\/la-universidad-de-caldas-es-la-sede-del-ii-congreso-nacional-de-investigacion-creacion-en-arte-y-cultura\\\/#primaryimage\"},\"thumbnailUrl\":\"https:\\\/\\\/www.ucaldas.edu.co\\\/portal\\\/wp-content\\\/uploads\\\/2026\\\/04\\\/IMG_0809-1-scaled-e1777418014979.jpg\",\"datePublished\":\"2026-04-28T23:59:46+00:00\",\"breadcrumb\":{\"@id\":\"https:\\\/\\\/www.ucaldas.edu.co\\\/portal\\\/la-universidad-de-caldas-es-la-sede-del-ii-congreso-nacional-de-investigacion-creacion-en-arte-y-cultura\\\/#breadcrumb\"},\"inLanguage\":\"es\",\"potentialAction\":[{\"@type\":\"ReadAction\",\"target\":[\"https:\\\/\\\/www.ucaldas.edu.co\\\/portal\\\/la-universidad-de-caldas-es-la-sede-del-ii-congreso-nacional-de-investigacion-creacion-en-arte-y-cultura\\\/\"]}]},{\"@type\":\"ImageObject\",\"inLanguage\":\"es\",\"@id\":\"https:\\\/\\\/www.ucaldas.edu.co\\\/portal\\\/la-universidad-de-caldas-es-la-sede-del-ii-congreso-nacional-de-investigacion-creacion-en-arte-y-cultura\\\/#primaryimage\",\"url\":\"https:\\\/\\\/www.ucaldas.edu.co\\\/portal\\\/wp-content\\\/uploads\\\/2026\\\/04\\\/IMG_0809-1-scaled-e1777418014979.jpg\",\"contentUrl\":\"https:\\\/\\\/www.ucaldas.edu.co\\\/portal\\\/wp-content\\\/uploads\\\/2026\\\/04\\\/IMG_0809-1-scaled-e1777418014979.jpg\",\"width\":900,\"height\":600,\"caption\":\"Congreso Arte y Cultura\"},{\"@type\":\"BreadcrumbList\",\"@id\":\"https:\\\/\\\/www.ucaldas.edu.co\\\/portal\\\/la-universidad-de-caldas-es-la-sede-del-ii-congreso-nacional-de-investigacion-creacion-en-arte-y-cultura\\\/#breadcrumb\",\"itemListElement\":[{\"@type\":\"ListItem\",\"position\":1,\"name\":\"Portada\",\"item\":\"https:\\\/\\\/www.ucaldas.edu.co\\\/portal\\\/\"},{\"@type\":\"ListItem\",\"position\":2,\"name\":\"La Universidad de Caldas es la sede del II Congreso Nacional de Investigaci\u00f3n-Creaci\u00f3n en Arte y Cultura\"}]},{\"@type\":\"WebSite\",\"@id\":\"https:\\\/\\\/www.ucaldas.edu.co\\\/portal\\\/#website\",\"url\":\"https:\\\/\\\/www.ucaldas.edu.co\\\/portal\\\/\",\"name\":\"Universidad de Caldas\",\"description\":\"\",\"publisher\":{\"@id\":\"https:\\\/\\\/www.ucaldas.edu.co\\\/portal\\\/#organization\"},\"alternateName\":\"U. de Caldas\",\"potentialAction\":[{\"@type\":\"SearchAction\",\"target\":{\"@type\":\"EntryPoint\",\"urlTemplate\":\"https:\\\/\\\/www.ucaldas.edu.co\\\/portal\\\/?s={search_term_string}\"},\"query-input\":{\"@type\":\"PropertyValueSpecification\",\"valueRequired\":true,\"valueName\":\"search_term_string\"}}],\"inLanguage\":\"es\"},{\"@type\":\"Organization\",\"@id\":\"https:\\\/\\\/www.ucaldas.edu.co\\\/portal\\\/#organization\",\"name\":\"Universidad de Caldas\",\"alternateName\":\"U. de Caldas\",\"url\":\"https:\\\/\\\/www.ucaldas.edu.co\\\/portal\\\/\",\"logo\":{\"@type\":\"ImageObject\",\"inLanguage\":\"es\",\"@id\":\"https:\\\/\\\/www.ucaldas.edu.co\\\/portal\\\/#\\\/schema\\\/logo\\\/image\\\/\",\"url\":\"https:\\\/\\\/www.ucaldas.edu.co\\\/portal\\\/wp-content\\\/uploads\\\/2023\\\/11\\\/Logo_horizontal_oscuroU-2023.png\",\"contentUrl\":\"https:\\\/\\\/www.ucaldas.edu.co\\\/portal\\\/wp-content\\\/uploads\\\/2023\\\/11\\\/Logo_horizontal_oscuroU-2023.png\",\"width\":263,\"height\":101,\"caption\":\"Universidad de Caldas\"},\"image\":{\"@id\":\"https:\\\/\\\/www.ucaldas.edu.co\\\/portal\\\/#\\\/schema\\\/logo\\\/image\\\/\"},\"sameAs\":[\"https:\\\/\\\/www.facebook.com\\\/udecaldas\",\"https:\\\/\\\/x.com\\\/udecaldas\",\"https:\\\/\\\/www.youtube.com\\\/universidadcaldas\",\"https:\\\/\\\/www.instagram.com\\\/udecaldas\\\/\"]},{\"@type\":\"Person\",\"@id\":\"https:\\\/\\\/www.ucaldas.edu.co\\\/portal\\\/#\\\/schema\\\/person\\\/a1b482e23449158b4bc319926c074fdf\",\"name\":\"ofiprensa\",\"image\":{\"@type\":\"ImageObject\",\"inLanguage\":\"es\",\"@id\":\"https:\\\/\\\/www.ucaldas.edu.co\\\/portal\\\/wp-content\\\/litespeed\\\/avatar\\\/09ea5085e600095a7a811142c6944527.jpg?ver=1777497608\",\"url\":\"https:\\\/\\\/www.ucaldas.edu.co\\\/portal\\\/wp-content\\\/litespeed\\\/avatar\\\/09ea5085e600095a7a811142c6944527.jpg?ver=1777497608\",\"contentUrl\":\"https:\\\/\\\/www.ucaldas.edu.co\\\/portal\\\/wp-content\\\/litespeed\\\/avatar\\\/09ea5085e600095a7a811142c6944527.jpg?ver=1777497608\",\"caption\":\"ofiprensa\"},\"url\":\"https:\\\/\\\/www.ucaldas.edu.co\\\/portal\\\/author\\\/ofiprensa\\\/\"}]}<\/script>\n<!-- \/ Yoast SEO plugin. -->","yoast_head_json":{"title":"La Universidad de Caldas es la sede del II Congreso Nacional de Investigaci\u00f3n-Creaci\u00f3n en Arte y Cultura .","robots":{"index":"index","follow":"follow","max-snippet":"max-snippet:-1","max-image-preview":"max-image-preview:large","max-video-preview":"max-video-preview:-1"},"canonical":"https:\/\/www.ucaldas.edu.co\/portal\/la-universidad-de-caldas-es-la-sede-del-ii-congreso-nacional-de-investigacion-creacion-en-arte-y-cultura\/","schema":{"@context":"https:\/\/schema.org","@graph":[{"@type":"Article","@id":"https:\/\/www.ucaldas.edu.co\/portal\/la-universidad-de-caldas-es-la-sede-del-ii-congreso-nacional-de-investigacion-creacion-en-arte-y-cultura\/#article","isPartOf":{"@id":"https:\/\/www.ucaldas.edu.co\/portal\/la-universidad-de-caldas-es-la-sede-del-ii-congreso-nacional-de-investigacion-creacion-en-arte-y-cultura\/"},"author":{"name":"ofiprensa","@id":"https:\/\/www.ucaldas.edu.co\/portal\/#\/schema\/person\/a1b482e23449158b4bc319926c074fdf"},"headline":"La Universidad de Caldas es la sede del II Congreso Nacional de Investigaci\u00f3n-Creaci\u00f3n en Arte y Cultura","datePublished":"2026-04-28T23:59:46+00:00","mainEntityOfPage":{"@id":"https:\/\/www.ucaldas.edu.co\/portal\/la-universidad-de-caldas-es-la-sede-del-ii-congreso-nacional-de-investigacion-creacion-en-arte-y-cultura\/"},"wordCount":936,"publisher":{"@id":"https:\/\/www.ucaldas.edu.co\/portal\/#organization"},"image":{"@id":"https:\/\/www.ucaldas.edu.co\/portal\/la-universidad-de-caldas-es-la-sede-del-ii-congreso-nacional-de-investigacion-creacion-en-arte-y-cultura\/#primaryimage"},"thumbnailUrl":"https:\/\/www.ucaldas.edu.co\/portal\/wp-content\/uploads\/2026\/04\/IMG_0809-1-scaled-e1777418014979.jpg","keywords":["congreso Nacional de Investigaci\u00f3n-Creaci\u00f3n en Arte y Cultura"],"articleSection":["Actualidad","Universidad al D\u00eda","UCaldas Cultural"],"inLanguage":"es"},{"@type":"WebPage","@id":"https:\/\/www.ucaldas.edu.co\/portal\/la-universidad-de-caldas-es-la-sede-del-ii-congreso-nacional-de-investigacion-creacion-en-arte-y-cultura\/","url":"https:\/\/www.ucaldas.edu.co\/portal\/la-universidad-de-caldas-es-la-sede-del-ii-congreso-nacional-de-investigacion-creacion-en-arte-y-cultura\/","name":"La Universidad de Caldas es la sede del II Congreso Nacional de Investigaci\u00f3n-Creaci\u00f3n en Arte y Cultura .","isPartOf":{"@id":"https:\/\/www.ucaldas.edu.co\/portal\/#website"},"primaryImageOfPage":{"@id":"https:\/\/www.ucaldas.edu.co\/portal\/la-universidad-de-caldas-es-la-sede-del-ii-congreso-nacional-de-investigacion-creacion-en-arte-y-cultura\/#primaryimage"},"image":{"@id":"https:\/\/www.ucaldas.edu.co\/portal\/la-universidad-de-caldas-es-la-sede-del-ii-congreso-nacional-de-investigacion-creacion-en-arte-y-cultura\/#primaryimage"},"thumbnailUrl":"https:\/\/www.ucaldas.edu.co\/portal\/wp-content\/uploads\/2026\/04\/IMG_0809-1-scaled-e1777418014979.jpg","datePublished":"2026-04-28T23:59:46+00:00","breadcrumb":{"@id":"https:\/\/www.ucaldas.edu.co\/portal\/la-universidad-de-caldas-es-la-sede-del-ii-congreso-nacional-de-investigacion-creacion-en-arte-y-cultura\/#breadcrumb"},"inLanguage":"es","potentialAction":[{"@type":"ReadAction","target":["https:\/\/www.ucaldas.edu.co\/portal\/la-universidad-de-caldas-es-la-sede-del-ii-congreso-nacional-de-investigacion-creacion-en-arte-y-cultura\/"]}]},{"@type":"ImageObject","inLanguage":"es","@id":"https:\/\/www.ucaldas.edu.co\/portal\/la-universidad-de-caldas-es-la-sede-del-ii-congreso-nacional-de-investigacion-creacion-en-arte-y-cultura\/#primaryimage","url":"https:\/\/www.ucaldas.edu.co\/portal\/wp-content\/uploads\/2026\/04\/IMG_0809-1-scaled-e1777418014979.jpg","contentUrl":"https:\/\/www.ucaldas.edu.co\/portal\/wp-content\/uploads\/2026\/04\/IMG_0809-1-scaled-e1777418014979.jpg","width":900,"height":600,"caption":"Congreso Arte y Cultura"},{"@type":"BreadcrumbList","@id":"https:\/\/www.ucaldas.edu.co\/portal\/la-universidad-de-caldas-es-la-sede-del-ii-congreso-nacional-de-investigacion-creacion-en-arte-y-cultura\/#breadcrumb","itemListElement":[{"@type":"ListItem","position":1,"name":"Portada","item":"https:\/\/www.ucaldas.edu.co\/portal\/"},{"@type":"ListItem","position":2,"name":"La Universidad de Caldas es la sede del II Congreso Nacional de Investigaci\u00f3n-Creaci\u00f3n en Arte y Cultura"}]},{"@type":"WebSite","@id":"https:\/\/www.ucaldas.edu.co\/portal\/#website","url":"https:\/\/www.ucaldas.edu.co\/portal\/","name":"Universidad de Caldas","description":"","publisher":{"@id":"https:\/\/www.ucaldas.edu.co\/portal\/#organization"},"alternateName":"U. de Caldas","potentialAction":[{"@type":"SearchAction","target":{"@type":"EntryPoint","urlTemplate":"https:\/\/www.ucaldas.edu.co\/portal\/?s={search_term_string}"},"query-input":{"@type":"PropertyValueSpecification","valueRequired":true,"valueName":"search_term_string"}}],"inLanguage":"es"},{"@type":"Organization","@id":"https:\/\/www.ucaldas.edu.co\/portal\/#organization","name":"Universidad de Caldas","alternateName":"U. de Caldas","url":"https:\/\/www.ucaldas.edu.co\/portal\/","logo":{"@type":"ImageObject","inLanguage":"es","@id":"https:\/\/www.ucaldas.edu.co\/portal\/#\/schema\/logo\/image\/","url":"https:\/\/www.ucaldas.edu.co\/portal\/wp-content\/uploads\/2023\/11\/Logo_horizontal_oscuroU-2023.png","contentUrl":"https:\/\/www.ucaldas.edu.co\/portal\/wp-content\/uploads\/2023\/11\/Logo_horizontal_oscuroU-2023.png","width":263,"height":101,"caption":"Universidad de Caldas"},"image":{"@id":"https:\/\/www.ucaldas.edu.co\/portal\/#\/schema\/logo\/image\/"},"sameAs":["https:\/\/www.facebook.com\/udecaldas","https:\/\/x.com\/udecaldas","https:\/\/www.youtube.com\/universidadcaldas","https:\/\/www.instagram.com\/udecaldas\/"]},{"@type":"Person","@id":"https:\/\/www.ucaldas.edu.co\/portal\/#\/schema\/person\/a1b482e23449158b4bc319926c074fdf","name":"ofiprensa","image":{"@type":"ImageObject","inLanguage":"es","@id":"https:\/\/www.ucaldas.edu.co\/portal\/wp-content\/litespeed\/avatar\/09ea5085e600095a7a811142c6944527.jpg?ver=1777497608","url":"https:\/\/www.ucaldas.edu.co\/portal\/wp-content\/litespeed\/avatar\/09ea5085e600095a7a811142c6944527.jpg?ver=1777497608","contentUrl":"https:\/\/www.ucaldas.edu.co\/portal\/wp-content\/litespeed\/avatar\/09ea5085e600095a7a811142c6944527.jpg?ver=1777497608","caption":"ofiprensa"},"url":"https:\/\/www.ucaldas.edu.co\/portal\/author\/ofiprensa\/"}]}},"_links":{"self":[{"href":"https:\/\/www.ucaldas.edu.co\/portal\/wp-json\/wp\/v2\/posts\/103951","targetHints":{"allow":["GET"]}}],"collection":[{"href":"https:\/\/www.ucaldas.edu.co\/portal\/wp-json\/wp\/v2\/posts"}],"about":[{"href":"https:\/\/www.ucaldas.edu.co\/portal\/wp-json\/wp\/v2\/types\/post"}],"author":[{"embeddable":true,"href":"https:\/\/www.ucaldas.edu.co\/portal\/wp-json\/wp\/v2\/users\/2"}],"replies":[{"embeddable":true,"href":"https:\/\/www.ucaldas.edu.co\/portal\/wp-json\/wp\/v2\/comments?post=103951"}],"version-history":[{"count":4,"href":"https:\/\/www.ucaldas.edu.co\/portal\/wp-json\/wp\/v2\/posts\/103951\/revisions"}],"predecessor-version":[{"id":103984,"href":"https:\/\/www.ucaldas.edu.co\/portal\/wp-json\/wp\/v2\/posts\/103951\/revisions\/103984"}],"wp:featuredmedia":[{"embeddable":true,"href":"https:\/\/www.ucaldas.edu.co\/portal\/wp-json\/wp\/v2\/media\/103967"}],"wp:attachment":[{"href":"https:\/\/www.ucaldas.edu.co\/portal\/wp-json\/wp\/v2\/media?parent=103951"}],"wp:term":[{"taxonomy":"category","embeddable":true,"href":"https:\/\/www.ucaldas.edu.co\/portal\/wp-json\/wp\/v2\/categories?post=103951"},{"taxonomy":"post_tag","embeddable":true,"href":"https:\/\/www.ucaldas.edu.co\/portal\/wp-json\/wp\/v2\/tags?post=103951"}],"curies":[{"name":"wp","href":"https:\/\/api.w.org\/{rel}","templated":true}]}}