{"id":103949,"date":"2026-04-28T18:52:51","date_gmt":"2026-04-28T23:52:51","guid":{"rendered":"https:\/\/www.ucaldas.edu.co\/portal\/?p=103949"},"modified":"2026-04-28T19:25:58","modified_gmt":"2026-04-29T00:25:58","slug":"universidad-en-tu-pueblo-graduara-170-tecnicos-profesionales-en-el-departamento-durante-el-primer-semestre","status":"publish","type":"post","link":"https:\/\/www.ucaldas.edu.co\/portal\/universidad-en-tu-pueblo-graduara-170-tecnicos-profesionales-en-el-departamento-durante-el-primer-semestre\/","title":{"rendered":"\u201cUniversidad de Caldas en tu Pueblo\u201d graduar\u00e1 170 T\u00e9cnicos Profesionales en el Departamento durante el primer semestre"},"content":{"rendered":"<div class=\"wpb-content-wrapper\"><p>[vc_row][vc_column][vc_video link=\u00bbhttps:\/\/youtu.be\/UdzYxuR8hHE\u00bb css=\u00bb\u00bb][vc_column_text]<\/p>\n<p style=\"text-align: justify;\">Se inici\u00f3 el ciclo de graduaciones del programa de articulaci\u00f3n Universidad de Caldas en tu pueblo, el recorrido inicio en el municipio de Neira (Caldas), en la Instituci\u00f3n Educativa Nuestra Se\u00f1ora del Rosario, donde la Universidad de Caldas llev\u00f3 a cabo una jornada de graduaci\u00f3n en la que 27 j\u00f3venes recibieron su t\u00edtulo en los programas T\u00e9cnico Profesional en Saneamiento Ambiental y T\u00e9cnico Profesional en Programaci\u00f3n Web. Esta es una alianza que busca articular la educaci\u00f3n media con la educaci\u00f3n superior a trav\u00e9s de programas t\u00e9cnico-profesionales, brindando oportunidades a los j\u00f3venes para continuar su ciclo de formaci\u00f3n mediante cadenas completas en tecnolog\u00edas, pregrados y posgrados, maestr\u00edas y hasta doctorados.<!--more--><\/p>\n<p style=\"text-align: justify;\">El vicerrector Acad\u00e9mico de la Universidad de Caldas, Germ\u00e1n G\u00f3mez Londo\u00f1o, destac\u00f3 este logro como la materializaci\u00f3n de un proceso que permite a los estudiantes formarse en programas de calidad dentro de una instituci\u00f3n acreditada de alta calidad.<\/p>\n<p style=\"text-align: justify;\">Por su parte, el rector de la Instituci\u00f3n Educativa Nuestra Se\u00f1ora del Rosario resalt\u00f3 la importancia de este avance, al se\u00f1alar que los estudiantes ya cuentan con doble titulaci\u00f3n: como bachilleres, obtenida a finales del a\u00f1o pasado, y ahora como t\u00e9cnicos profesionales con la Universidad de Caldas.<\/p>\n<p style=\"text-align: justify;\">La Universidad de Caldas continuar\u00e1 desarrollando jornadas de graduaci\u00f3n en los diferentes territorios, es as\u00ed como el pr\u00f3ximo viernes 8 de mayo, se realizar\u00e1 en Aguadas con la Presencia del Ministerio de Educaci\u00f3n Nacional para graduar estudiantes del T\u00e9cnico profesional en Programaci\u00f3n para Dispositivos M\u00f3viles y el T\u00e9cnico Profesional en Programaci\u00f3n Web.<\/p>\n<p style=\"text-align: justify;\">El viernes 22 de mayo se llevar\u00e1n a cabo dos ceremonias: en Saman\u00e1, para T\u00e9cnico Profesional en Seguridad y Salud en el Trabajo, y en Victoria, para T\u00e9cnico Profesional en Programaci\u00f3n Web.<\/p>\n<p style=\"text-align: justify;\">Finalmente, en junio, el viernes 5 se celebrar\u00e1n grados en P\u00e1cora con estudiantes del T\u00e9cnico Profesional en Seguridad y Salud en el Trabajo y en Salamina con los del T\u00e9cnico Profesional en Programaci\u00f3n Web, cerrando el ciclo el viernes 12 de junio en Manzanares con la graduaci\u00f3n de T\u00e9cnicos Profesionales en Programaci\u00f3n para Dispositivos M\u00f3viles.<\/p>\n<p style=\"text-align: justify;\">Actualmente la Universidad de Caldas tiene 5.379 estudiantes en las diferentes estrategias de articulaci\u00f3n como: Universidad de Caldas en tu pueblo, Universidad en el campo y Universidad en tu colegio, superando la meta propuesta de cinco mil. De esta manera, la universidad reitera su compromiso con la equidad educativa y la transformaci\u00f3n social, llevando formaci\u00f3n de calidad a cada rinc\u00f3n.<\/p>\n<p style=\"text-align: justify;\"><strong>Anexos:<\/strong><\/p>\n<p style=\"text-align: justify;\"><a href=\"https:\/\/www.ucaldas.edu.co\/portal\/wp-content\/uploads\/2026\/04\/copy_9B95AB71-BB4F-45E2-82E9-CE58A6AFE291.mp3.mp3\"><strong>-Audio Vicerrector Acad\u00e9mico Universidad de Caldas, Germ\u00e1n G\u00f3mez Londo\u00f1o.<\/strong><\/a><\/p>\n<audio class=\"wp-audio-shortcode\" id=\"audio-103949-1\" preload=\"none\" style=\"width: 100%;\" controls=\"controls\"><source type=\"audio\/mpeg\" src=\"https:\/\/www.ucaldas.edu.co\/portal\/wp-content\/uploads\/2026\/04\/copy_9B95AB71-BB4F-45E2-82E9-CE58A6AFE291.mp3.mp3?_=1\" \/><a href=\"https:\/\/www.ucaldas.edu.co\/portal\/wp-content\/uploads\/2026\/04\/copy_9B95AB71-BB4F-45E2-82E9-CE58A6AFE291.mp3.mp3\">https:\/\/www.ucaldas.edu.co\/portal\/wp-content\/uploads\/2026\/04\/copy_9B95AB71-BB4F-45E2-82E9-CE58A6AFE291.mp3.mp3<\/a><\/audio>\n<p style=\"text-align: justify;\"><a href=\"https:\/\/www.ucaldas.edu.co\/portal\/wp-content\/uploads\/2026\/04\/copy_BA0AAC98-228B-4F14-B579-06EF1C02C27F.mp3.mp3\"><strong>-Audio Rector Instituci\u00f3n Educativa Nuestra Se\u00f1ora del Rosario, Edgar Mosquera Pe\u00f1a.<\/strong><\/a><\/p>\n<audio class=\"wp-audio-shortcode\" id=\"audio-103949-2\" preload=\"none\" style=\"width: 100%;\" controls=\"controls\"><source type=\"audio\/mpeg\" src=\"https:\/\/www.ucaldas.edu.co\/portal\/wp-content\/uploads\/2026\/04\/copy_BA0AAC98-228B-4F14-B579-06EF1C02C27F.mp3.mp3?_=2\" \/><a href=\"https:\/\/www.ucaldas.edu.co\/portal\/wp-content\/uploads\/2026\/04\/copy_BA0AAC98-228B-4F14-B579-06EF1C02C27F.mp3.mp3\">https:\/\/www.ucaldas.edu.co\/portal\/wp-content\/uploads\/2026\/04\/copy_BA0AAC98-228B-4F14-B579-06EF1C02C27F.mp3.mp3<\/a><\/audio>\n<p style=\"text-align: justify;\"><a href=\"https:\/\/www.ucaldas.edu.co\/portal\/wp-content\/uploads\/2026\/04\/copy_D8E3744A-CEE8-40BA-A1E3-9499A8354D82.mp3.mp3\"><strong>-Audio Graduada, Liseth Sof\u00eda Castrill\u00f3n Yepes.<\/strong><\/a><\/p>\n<audio class=\"wp-audio-shortcode\" id=\"audio-103949-3\" preload=\"none\" style=\"width: 100%;\" controls=\"controls\"><source type=\"audio\/mpeg\" src=\"https:\/\/www.ucaldas.edu.co\/portal\/wp-content\/uploads\/2026\/04\/copy_D8E3744A-CEE8-40BA-A1E3-9499A8354D82.mp3.mp3?_=3\" \/><a href=\"https:\/\/www.ucaldas.edu.co\/portal\/wp-content\/uploads\/2026\/04\/copy_D8E3744A-CEE8-40BA-A1E3-9499A8354D82.mp3.mp3\">https:\/\/www.ucaldas.edu.co\/portal\/wp-content\/uploads\/2026\/04\/copy_D8E3744A-CEE8-40BA-A1E3-9499A8354D82.mp3.mp3<\/a><\/audio>\n<p style=\"text-align: justify;\"><a href=\"https:\/\/www.ucaldas.edu.co\/portal\/wp-content\/uploads\/2026\/04\/copy_4C34B1A1-20FB-41E9-89E5-E0E01FE81FB0.mp3.mp3\"><strong>-Audio Madre de familia, Maryoris Navarro.<\/strong><\/a><\/p>\n<audio class=\"wp-audio-shortcode\" id=\"audio-103949-4\" preload=\"none\" style=\"width: 100%;\" controls=\"controls\"><source type=\"audio\/mpeg\" src=\"https:\/\/www.ucaldas.edu.co\/portal\/wp-content\/uploads\/2026\/04\/copy_4C34B1A1-20FB-41E9-89E5-E0E01FE81FB0.mp3.mp3?_=4\" \/><a href=\"https:\/\/www.ucaldas.edu.co\/portal\/wp-content\/uploads\/2026\/04\/copy_4C34B1A1-20FB-41E9-89E5-E0E01FE81FB0.mp3.mp3\">https:\/\/www.ucaldas.edu.co\/portal\/wp-content\/uploads\/2026\/04\/copy_4C34B1A1-20FB-41E9-89E5-E0E01FE81FB0.mp3.mp3<\/a><\/audio>\n<p><img loading=\"lazy\" decoding=\"async\" class=\"alignnone wp-image-103970 size-full\" src=\"https:\/\/www.ucaldas.edu.co\/portal\/wp-content\/uploads\/2026\/04\/IMG_0782-scaled-e1777418503752.jpg\" alt=\"Grados\" width=\"900\" height=\"600\" \/>[\/vc_column_text][\/vc_column][\/vc_row]<\/p>\n<\/div>","protected":false},"excerpt":{"rendered":"<p>[vc_row][vc_column][vc_video link=\u00bbhttps:\/\/youtu.be\/UdzYxuR8hHE\u00bb css=\u00bb\u00bb][vc_column_text] Se inici\u00f3 el ciclo de graduaciones del programa de articulaci\u00f3n Universidad de Caldas en tu pueblo, el recorrido inicio en el municipio de Neira (Caldas), en la Instituci\u00f3n Educativa Nuestra Se\u00f1ora del Rosario, donde la Universidad de Caldas llev\u00f3 a cabo una jornada de graduaci\u00f3n en la que 27 j\u00f3venes recibieron su [&hellip;]<\/p>\n","protected":false},"author":2,"featured_media":103970,"comment_status":"closed","ping_status":"open","sticky":false,"template":"","format":"standard","meta":{"footnotes":""},"categories":[48,53,600],"tags":[10037],"class_list":["post-103949","post","type-post","status-publish","format-standard","has-post-thumbnail","hentry","category-actualidad","category-universidad-al-dia","category-ucaldas-regional","tag-grados-u-en-tu-pueblo"],"yoast_head":"<!-- This site is optimized with the Yoast SEO plugin v27.4 - https:\/\/yoast.com\/product\/yoast-seo-wordpress\/ -->\n<title>\u201cUniversidad de Caldas en tu Pueblo\u201d graduar\u00e1 170 T\u00e9cnicos Profesionales en el Departamento durante el primer semestre .<\/title>\n<meta name=\"robots\" content=\"index, follow, max-snippet:-1, max-image-preview:large, max-video-preview:-1\" \/>\n<link rel=\"canonical\" href=\"https:\/\/www.ucaldas.edu.co\/portal\/universidad-en-tu-pueblo-graduara-170-tecnicos-profesionales-en-el-departamento-durante-el-primer-semestre\/\" \/>\n<script type=\"application\/ld+json\" class=\"yoast-schema-graph\">{\"@context\":\"https:\\\/\\\/schema.org\",\"@graph\":[{\"@type\":\"Article\",\"@id\":\"https:\\\/\\\/www.ucaldas.edu.co\\\/portal\\\/universidad-en-tu-pueblo-graduara-170-tecnicos-profesionales-en-el-departamento-durante-el-primer-semestre\\\/#article\",\"isPartOf\":{\"@id\":\"https:\\\/\\\/www.ucaldas.edu.co\\\/portal\\\/universidad-en-tu-pueblo-graduara-170-tecnicos-profesionales-en-el-departamento-durante-el-primer-semestre\\\/\"},\"author\":{\"name\":\"ofiprensa\",\"@id\":\"https:\\\/\\\/www.ucaldas.edu.co\\\/portal\\\/#\\\/schema\\\/person\\\/a1b482e23449158b4bc319926c074fdf\"},\"headline\":\"\u201cUniversidad de Caldas en tu Pueblo\u201d graduar\u00e1 170 T\u00e9cnicos Profesionales en el Departamento durante el primer semestre\",\"datePublished\":\"2026-04-28T23:52:51+00:00\",\"dateModified\":\"2026-04-29T00:25:58+00:00\",\"mainEntityOfPage\":{\"@id\":\"https:\\\/\\\/www.ucaldas.edu.co\\\/portal\\\/universidad-en-tu-pueblo-graduara-170-tecnicos-profesionales-en-el-departamento-durante-el-primer-semestre\\\/\"},\"wordCount\":621,\"publisher\":{\"@id\":\"https:\\\/\\\/www.ucaldas.edu.co\\\/portal\\\/#organization\"},\"image\":{\"@id\":\"https:\\\/\\\/www.ucaldas.edu.co\\\/portal\\\/universidad-en-tu-pueblo-graduara-170-tecnicos-profesionales-en-el-departamento-durante-el-primer-semestre\\\/#primaryimage\"},\"thumbnailUrl\":\"https:\\\/\\\/www.ucaldas.edu.co\\\/portal\\\/wp-content\\\/uploads\\\/2026\\\/04\\\/IMG_0782-scaled-e1777418503752.jpg\",\"keywords\":[\"grados u en tu pueblo\"],\"articleSection\":[\"Actualidad\",\"Universidad al D\u00eda\",\"UCaldas Regional\"],\"inLanguage\":\"es\"},{\"@type\":\"WebPage\",\"@id\":\"https:\\\/\\\/www.ucaldas.edu.co\\\/portal\\\/universidad-en-tu-pueblo-graduara-170-tecnicos-profesionales-en-el-departamento-durante-el-primer-semestre\\\/\",\"url\":\"https:\\\/\\\/www.ucaldas.edu.co\\\/portal\\\/universidad-en-tu-pueblo-graduara-170-tecnicos-profesionales-en-el-departamento-durante-el-primer-semestre\\\/\",\"name\":\"\u201cUniversidad de Caldas en tu Pueblo\u201d graduar\u00e1 170 T\u00e9cnicos Profesionales en el Departamento durante el primer semestre .\",\"isPartOf\":{\"@id\":\"https:\\\/\\\/www.ucaldas.edu.co\\\/portal\\\/#website\"},\"primaryImageOfPage\":{\"@id\":\"https:\\\/\\\/www.ucaldas.edu.co\\\/portal\\\/universidad-en-tu-pueblo-graduara-170-tecnicos-profesionales-en-el-departamento-durante-el-primer-semestre\\\/#primaryimage\"},\"image\":{\"@id\":\"https:\\\/\\\/www.ucaldas.edu.co\\\/portal\\\/universidad-en-tu-pueblo-graduara-170-tecnicos-profesionales-en-el-departamento-durante-el-primer-semestre\\\/#primaryimage\"},\"thumbnailUrl\":\"https:\\\/\\\/www.ucaldas.edu.co\\\/portal\\\/wp-content\\\/uploads\\\/2026\\\/04\\\/IMG_0782-scaled-e1777418503752.jpg\",\"datePublished\":\"2026-04-28T23:52:51+00:00\",\"dateModified\":\"2026-04-29T00:25:58+00:00\",\"breadcrumb\":{\"@id\":\"https:\\\/\\\/www.ucaldas.edu.co\\\/portal\\\/universidad-en-tu-pueblo-graduara-170-tecnicos-profesionales-en-el-departamento-durante-el-primer-semestre\\\/#breadcrumb\"},\"inLanguage\":\"es\",\"potentialAction\":[{\"@type\":\"ReadAction\",\"target\":[\"https:\\\/\\\/www.ucaldas.edu.co\\\/portal\\\/universidad-en-tu-pueblo-graduara-170-tecnicos-profesionales-en-el-departamento-durante-el-primer-semestre\\\/\"]}]},{\"@type\":\"ImageObject\",\"inLanguage\":\"es\",\"@id\":\"https:\\\/\\\/www.ucaldas.edu.co\\\/portal\\\/universidad-en-tu-pueblo-graduara-170-tecnicos-profesionales-en-el-departamento-durante-el-primer-semestre\\\/#primaryimage\",\"url\":\"https:\\\/\\\/www.ucaldas.edu.co\\\/portal\\\/wp-content\\\/uploads\\\/2026\\\/04\\\/IMG_0782-scaled-e1777418503752.jpg\",\"contentUrl\":\"https:\\\/\\\/www.ucaldas.edu.co\\\/portal\\\/wp-content\\\/uploads\\\/2026\\\/04\\\/IMG_0782-scaled-e1777418503752.jpg\",\"width\":900,\"height\":600,\"caption\":\"Grados\"},{\"@type\":\"BreadcrumbList\",\"@id\":\"https:\\\/\\\/www.ucaldas.edu.co\\\/portal\\\/universidad-en-tu-pueblo-graduara-170-tecnicos-profesionales-en-el-departamento-durante-el-primer-semestre\\\/#breadcrumb\",\"itemListElement\":[{\"@type\":\"ListItem\",\"position\":1,\"name\":\"Portada\",\"item\":\"https:\\\/\\\/www.ucaldas.edu.co\\\/portal\\\/\"},{\"@type\":\"ListItem\",\"position\":2,\"name\":\"\u201cUniversidad de Caldas en tu Pueblo\u201d graduar\u00e1 170 T\u00e9cnicos Profesionales en el Departamento durante el primer semestre\"}]},{\"@type\":\"WebSite\",\"@id\":\"https:\\\/\\\/www.ucaldas.edu.co\\\/portal\\\/#website\",\"url\":\"https:\\\/\\\/www.ucaldas.edu.co\\\/portal\\\/\",\"name\":\"Universidad de Caldas\",\"description\":\"\",\"publisher\":{\"@id\":\"https:\\\/\\\/www.ucaldas.edu.co\\\/portal\\\/#organization\"},\"alternateName\":\"U. de Caldas\",\"potentialAction\":[{\"@type\":\"SearchAction\",\"target\":{\"@type\":\"EntryPoint\",\"urlTemplate\":\"https:\\\/\\\/www.ucaldas.edu.co\\\/portal\\\/?s={search_term_string}\"},\"query-input\":{\"@type\":\"PropertyValueSpecification\",\"valueRequired\":true,\"valueName\":\"search_term_string\"}}],\"inLanguage\":\"es\"},{\"@type\":\"Organization\",\"@id\":\"https:\\\/\\\/www.ucaldas.edu.co\\\/portal\\\/#organization\",\"name\":\"Universidad de Caldas\",\"alternateName\":\"U. de Caldas\",\"url\":\"https:\\\/\\\/www.ucaldas.edu.co\\\/portal\\\/\",\"logo\":{\"@type\":\"ImageObject\",\"inLanguage\":\"es\",\"@id\":\"https:\\\/\\\/www.ucaldas.edu.co\\\/portal\\\/#\\\/schema\\\/logo\\\/image\\\/\",\"url\":\"https:\\\/\\\/www.ucaldas.edu.co\\\/portal\\\/wp-content\\\/uploads\\\/2023\\\/11\\\/Logo_horizontal_oscuroU-2023.png\",\"contentUrl\":\"https:\\\/\\\/www.ucaldas.edu.co\\\/portal\\\/wp-content\\\/uploads\\\/2023\\\/11\\\/Logo_horizontal_oscuroU-2023.png\",\"width\":263,\"height\":101,\"caption\":\"Universidad de Caldas\"},\"image\":{\"@id\":\"https:\\\/\\\/www.ucaldas.edu.co\\\/portal\\\/#\\\/schema\\\/logo\\\/image\\\/\"},\"sameAs\":[\"https:\\\/\\\/www.facebook.com\\\/udecaldas\",\"https:\\\/\\\/x.com\\\/udecaldas\",\"https:\\\/\\\/www.youtube.com\\\/universidadcaldas\",\"https:\\\/\\\/www.instagram.com\\\/udecaldas\\\/\"]},{\"@type\":\"Person\",\"@id\":\"https:\\\/\\\/www.ucaldas.edu.co\\\/portal\\\/#\\\/schema\\\/person\\\/a1b482e23449158b4bc319926c074fdf\",\"name\":\"ofiprensa\",\"image\":{\"@type\":\"ImageObject\",\"inLanguage\":\"es\",\"@id\":\"https:\\\/\\\/www.ucaldas.edu.co\\\/portal\\\/wp-content\\\/litespeed\\\/avatar\\\/09ea5085e600095a7a811142c6944527.jpg?ver=1776892805\",\"url\":\"https:\\\/\\\/www.ucaldas.edu.co\\\/portal\\\/wp-content\\\/litespeed\\\/avatar\\\/09ea5085e600095a7a811142c6944527.jpg?ver=1776892805\",\"contentUrl\":\"https:\\\/\\\/www.ucaldas.edu.co\\\/portal\\\/wp-content\\\/litespeed\\\/avatar\\\/09ea5085e600095a7a811142c6944527.jpg?ver=1776892805\",\"caption\":\"ofiprensa\"},\"url\":\"https:\\\/\\\/www.ucaldas.edu.co\\\/portal\\\/author\\\/ofiprensa\\\/\"}]}<\/script>\n<!-- \/ Yoast SEO plugin. -->","yoast_head_json":{"title":"\u201cUniversidad de Caldas en tu Pueblo\u201d graduar\u00e1 170 T\u00e9cnicos Profesionales en el Departamento durante el primer semestre .","robots":{"index":"index","follow":"follow","max-snippet":"max-snippet:-1","max-image-preview":"max-image-preview:large","max-video-preview":"max-video-preview:-1"},"canonical":"https:\/\/www.ucaldas.edu.co\/portal\/universidad-en-tu-pueblo-graduara-170-tecnicos-profesionales-en-el-departamento-durante-el-primer-semestre\/","schema":{"@context":"https:\/\/schema.org","@graph":[{"@type":"Article","@id":"https:\/\/www.ucaldas.edu.co\/portal\/universidad-en-tu-pueblo-graduara-170-tecnicos-profesionales-en-el-departamento-durante-el-primer-semestre\/#article","isPartOf":{"@id":"https:\/\/www.ucaldas.edu.co\/portal\/universidad-en-tu-pueblo-graduara-170-tecnicos-profesionales-en-el-departamento-durante-el-primer-semestre\/"},"author":{"name":"ofiprensa","@id":"https:\/\/www.ucaldas.edu.co\/portal\/#\/schema\/person\/a1b482e23449158b4bc319926c074fdf"},"headline":"\u201cUniversidad de Caldas en tu Pueblo\u201d graduar\u00e1 170 T\u00e9cnicos Profesionales en el Departamento durante el primer semestre","datePublished":"2026-04-28T23:52:51+00:00","dateModified":"2026-04-29T00:25:58+00:00","mainEntityOfPage":{"@id":"https:\/\/www.ucaldas.edu.co\/portal\/universidad-en-tu-pueblo-graduara-170-tecnicos-profesionales-en-el-departamento-durante-el-primer-semestre\/"},"wordCount":621,"publisher":{"@id":"https:\/\/www.ucaldas.edu.co\/portal\/#organization"},"image":{"@id":"https:\/\/www.ucaldas.edu.co\/portal\/universidad-en-tu-pueblo-graduara-170-tecnicos-profesionales-en-el-departamento-durante-el-primer-semestre\/#primaryimage"},"thumbnailUrl":"https:\/\/www.ucaldas.edu.co\/portal\/wp-content\/uploads\/2026\/04\/IMG_0782-scaled-e1777418503752.jpg","keywords":["grados u en tu pueblo"],"articleSection":["Actualidad","Universidad al D\u00eda","UCaldas Regional"],"inLanguage":"es"},{"@type":"WebPage","@id":"https:\/\/www.ucaldas.edu.co\/portal\/universidad-en-tu-pueblo-graduara-170-tecnicos-profesionales-en-el-departamento-durante-el-primer-semestre\/","url":"https:\/\/www.ucaldas.edu.co\/portal\/universidad-en-tu-pueblo-graduara-170-tecnicos-profesionales-en-el-departamento-durante-el-primer-semestre\/","name":"\u201cUniversidad de Caldas en tu Pueblo\u201d graduar\u00e1 170 T\u00e9cnicos Profesionales en el Departamento durante el primer semestre .","isPartOf":{"@id":"https:\/\/www.ucaldas.edu.co\/portal\/#website"},"primaryImageOfPage":{"@id":"https:\/\/www.ucaldas.edu.co\/portal\/universidad-en-tu-pueblo-graduara-170-tecnicos-profesionales-en-el-departamento-durante-el-primer-semestre\/#primaryimage"},"image":{"@id":"https:\/\/www.ucaldas.edu.co\/portal\/universidad-en-tu-pueblo-graduara-170-tecnicos-profesionales-en-el-departamento-durante-el-primer-semestre\/#primaryimage"},"thumbnailUrl":"https:\/\/www.ucaldas.edu.co\/portal\/wp-content\/uploads\/2026\/04\/IMG_0782-scaled-e1777418503752.jpg","datePublished":"2026-04-28T23:52:51+00:00","dateModified":"2026-04-29T00:25:58+00:00","breadcrumb":{"@id":"https:\/\/www.ucaldas.edu.co\/portal\/universidad-en-tu-pueblo-graduara-170-tecnicos-profesionales-en-el-departamento-durante-el-primer-semestre\/#breadcrumb"},"inLanguage":"es","potentialAction":[{"@type":"ReadAction","target":["https:\/\/www.ucaldas.edu.co\/portal\/universidad-en-tu-pueblo-graduara-170-tecnicos-profesionales-en-el-departamento-durante-el-primer-semestre\/"]}]},{"@type":"ImageObject","inLanguage":"es","@id":"https:\/\/www.ucaldas.edu.co\/portal\/universidad-en-tu-pueblo-graduara-170-tecnicos-profesionales-en-el-departamento-durante-el-primer-semestre\/#primaryimage","url":"https:\/\/www.ucaldas.edu.co\/portal\/wp-content\/uploads\/2026\/04\/IMG_0782-scaled-e1777418503752.jpg","contentUrl":"https:\/\/www.ucaldas.edu.co\/portal\/wp-content\/uploads\/2026\/04\/IMG_0782-scaled-e1777418503752.jpg","width":900,"height":600,"caption":"Grados"},{"@type":"BreadcrumbList","@id":"https:\/\/www.ucaldas.edu.co\/portal\/universidad-en-tu-pueblo-graduara-170-tecnicos-profesionales-en-el-departamento-durante-el-primer-semestre\/#breadcrumb","itemListElement":[{"@type":"ListItem","position":1,"name":"Portada","item":"https:\/\/www.ucaldas.edu.co\/portal\/"},{"@type":"ListItem","position":2,"name":"\u201cUniversidad de Caldas en tu Pueblo\u201d graduar\u00e1 170 T\u00e9cnicos Profesionales en el Departamento durante el primer semestre"}]},{"@type":"WebSite","@id":"https:\/\/www.ucaldas.edu.co\/portal\/#website","url":"https:\/\/www.ucaldas.edu.co\/portal\/","name":"Universidad de Caldas","description":"","publisher":{"@id":"https:\/\/www.ucaldas.edu.co\/portal\/#organization"},"alternateName":"U. de Caldas","potentialAction":[{"@type":"SearchAction","target":{"@type":"EntryPoint","urlTemplate":"https:\/\/www.ucaldas.edu.co\/portal\/?s={search_term_string}"},"query-input":{"@type":"PropertyValueSpecification","valueRequired":true,"valueName":"search_term_string"}}],"inLanguage":"es"},{"@type":"Organization","@id":"https:\/\/www.ucaldas.edu.co\/portal\/#organization","name":"Universidad de Caldas","alternateName":"U. de Caldas","url":"https:\/\/www.ucaldas.edu.co\/portal\/","logo":{"@type":"ImageObject","inLanguage":"es","@id":"https:\/\/www.ucaldas.edu.co\/portal\/#\/schema\/logo\/image\/","url":"https:\/\/www.ucaldas.edu.co\/portal\/wp-content\/uploads\/2023\/11\/Logo_horizontal_oscuroU-2023.png","contentUrl":"https:\/\/www.ucaldas.edu.co\/portal\/wp-content\/uploads\/2023\/11\/Logo_horizontal_oscuroU-2023.png","width":263,"height":101,"caption":"Universidad de Caldas"},"image":{"@id":"https:\/\/www.ucaldas.edu.co\/portal\/#\/schema\/logo\/image\/"},"sameAs":["https:\/\/www.facebook.com\/udecaldas","https:\/\/x.com\/udecaldas","https:\/\/www.youtube.com\/universidadcaldas","https:\/\/www.instagram.com\/udecaldas\/"]},{"@type":"Person","@id":"https:\/\/www.ucaldas.edu.co\/portal\/#\/schema\/person\/a1b482e23449158b4bc319926c074fdf","name":"ofiprensa","image":{"@type":"ImageObject","inLanguage":"es","@id":"https:\/\/www.ucaldas.edu.co\/portal\/wp-content\/litespeed\/avatar\/09ea5085e600095a7a811142c6944527.jpg?ver=1776892805","url":"https:\/\/www.ucaldas.edu.co\/portal\/wp-content\/litespeed\/avatar\/09ea5085e600095a7a811142c6944527.jpg?ver=1776892805","contentUrl":"https:\/\/www.ucaldas.edu.co\/portal\/wp-content\/litespeed\/avatar\/09ea5085e600095a7a811142c6944527.jpg?ver=1776892805","caption":"ofiprensa"},"url":"https:\/\/www.ucaldas.edu.co\/portal\/author\/ofiprensa\/"}]}},"_links":{"self":[{"href":"https:\/\/www.ucaldas.edu.co\/portal\/wp-json\/wp\/v2\/posts\/103949","targetHints":{"allow":["GET"]}}],"collection":[{"href":"https:\/\/www.ucaldas.edu.co\/portal\/wp-json\/wp\/v2\/posts"}],"about":[{"href":"https:\/\/www.ucaldas.edu.co\/portal\/wp-json\/wp\/v2\/types\/post"}],"author":[{"embeddable":true,"href":"https:\/\/www.ucaldas.edu.co\/portal\/wp-json\/wp\/v2\/users\/2"}],"replies":[{"embeddable":true,"href":"https:\/\/www.ucaldas.edu.co\/portal\/wp-json\/wp\/v2\/comments?post=103949"}],"version-history":[{"count":6,"href":"https:\/\/www.ucaldas.edu.co\/portal\/wp-json\/wp\/v2\/posts\/103949\/revisions"}],"predecessor-version":[{"id":103990,"href":"https:\/\/www.ucaldas.edu.co\/portal\/wp-json\/wp\/v2\/posts\/103949\/revisions\/103990"}],"wp:featuredmedia":[{"embeddable":true,"href":"https:\/\/www.ucaldas.edu.co\/portal\/wp-json\/wp\/v2\/media\/103970"}],"wp:attachment":[{"href":"https:\/\/www.ucaldas.edu.co\/portal\/wp-json\/wp\/v2\/media?parent=103949"}],"wp:term":[{"taxonomy":"category","embeddable":true,"href":"https:\/\/www.ucaldas.edu.co\/portal\/wp-json\/wp\/v2\/categories?post=103949"},{"taxonomy":"post_tag","embeddable":true,"href":"https:\/\/www.ucaldas.edu.co\/portal\/wp-json\/wp\/v2\/tags?post=103949"}],"curies":[{"name":"wp","href":"https:\/\/api.w.org\/{rel}","templated":true}]}}