{"id":103590,"date":"2026-04-08T15:54:33","date_gmt":"2026-04-08T20:54:33","guid":{"rendered":"https:\/\/www.ucaldas.edu.co\/portal\/?p=103590"},"modified":"2026-04-08T15:54:33","modified_gmt":"2026-04-08T20:54:33","slug":"nueva-ingenieria-en-agroindustria-con-inteligencia-artificial-llega-a-la-dorada-para-impulsar-el-futuro-productivo-de-la-region","status":"publish","type":"post","link":"https:\/\/www.ucaldas.edu.co\/portal\/nueva-ingenieria-en-agroindustria-con-inteligencia-artificial-llega-a-la-dorada-para-impulsar-el-futuro-productivo-de-la-region\/","title":{"rendered":"Nueva Ingenier\u00eda en Agroindustria con inteligencia Artificial, llega a La Dorada para impulsar el futuro productivo de la regi\u00f3n"},"content":{"rendered":"<p style=\"text-align: justify;\"><img loading=\"lazy\" decoding=\"async\" class=\"alignnone wp-image-103593 size-full\" src=\"https:\/\/www.ucaldas.edu.co\/portal\/wp-content\/uploads\/2026\/04\/IMG_3110.JPG-scaled-e1775681568143.jpeg\" alt=\"Registro Calificado Ingenier\u00eda en Agroindustria\" width=\"900\" height=\"600\" \/><\/p>\n<p style=\"text-align: justify;\">El Ministerio de Educaci\u00f3n Nacional otorg\u00f3 el registro calificado al programa de Ingenier\u00eda en Agroindustria de la Universidad de Caldas, que ser\u00e1 ofertado a partir del segundo semestre en la Sede del municipio de La Dorada. Esta aprobaci\u00f3n, emitida el pasado 20 de marzo, representa un paso estrat\u00e9gico e hist\u00f3rico para fortalecer la educaci\u00f3n superior en el oriente caldense y consolidar procesos de desarrollo productivo en una de las regiones con mayor potencial agroindustrial del pa\u00eds.<!--more--><\/p>\n<p style=\"text-align: justify;\">La Ingenier\u00eda en Agroindustria es una disciplina que integra principios de la ingenier\u00eda con las ciencias agropecuarias, biol\u00f3gicas, alimentarias y ambientales, enfocada en el dise\u00f1o, desarrollo y optimizaci\u00f3n de procesos que transforman materias primas agr\u00edcolas y pecuarias en productos de valor agregado. Seg\u00fan explic\u00f3 \u00d3scar Juli\u00e1n S\u00e1nchez, Coordinador del Grupo Gestor del programa de Ingenier\u00eda en Agroindustria, este campo abarca desde la producci\u00f3n primaria hasta la industrializaci\u00f3n de alimentos y otros bienes agroindustriales, sin competir con otras profesiones del sector, pero s\u00ed complement\u00e1ndolas mediante una visi\u00f3n integral de transformaci\u00f3n y tecnolog\u00eda.<\/p>\n<p style=\"text-align: justify;\">El programa ya cuenta con un plan de estudios estructurado en ocho semestres, dise\u00f1ado bajo cuatro ejes fundamentales. El primero corresponde a la <strong>transformaci\u00f3n agroindustrial<\/strong>, donde los estudiantes adquieren bases en ciencias b\u00e1sicas y avanzan hacia procesos como operaciones unitarias, biotecnolog\u00eda y tecnolog\u00edas postcosecha. El segundo eje est\u00e1 orientado al <strong>aprendizaje pr\u00e1ctico mediante proyectos integradores<\/strong>, permitiendo que los estudiantes desarrollen productos reales desde etapas tempranas de su formaci\u00f3n.<\/p>\n<p style=\"text-align: justify;\">Un tercer componente distintivo del curr\u00edculo es el <strong>\u00e9nfasis en tecnolog\u00edas inteligentes<\/strong>, incluyendo inteligencia artificial, ciencia de datos, automatizaci\u00f3n e internet de las cosas aplicadas al sector agroindustrial. Finalmente, el cuarto eje se centra en <strong>la gesti\u00f3n e innovaci\u00f3n<\/strong>, con el prop\u00f3sito de formar profesionales capaces no solo de insertarse en el mercado laboral, sino tambi\u00e9n de generar empresa y liderar procesos de transformaci\u00f3n productiva en sus territorios.<\/p>\n<p style=\"text-align: justify;\">La oferta acad\u00e9mica se desarrollar\u00e1 en la Sede Magdalena Centro de la universidad, ubicada en el corregimiento de Guarinocito, as\u00ed como en el predio Santa Cecilia donde se construir\u00e1n aulas y laboratorios, lo que permitir\u00e1 una formaci\u00f3n te\u00f3rico-pr\u00e1ctica, donde el estudiante aprender\u00e1 haciendo y el docente ense\u00f1ar\u00e1 demostrando, directamente vinculada al entorno productivo bajo la estrategia HORIZONTES \u201cABRIENDO CAMINOS, FORJANDO FUTUROS\u201d.<\/p>\n<p style=\"text-align: justify;\">Este programa no solo es nuevo para el oriente caldense, sino que fue concebido desde su origen para responder a las necesidades espec\u00edficas de esta regi\u00f3n, lo que marca un hito en la descentralizaci\u00f3n y pertinencia de la educaci\u00f3n superior en Colombia.<\/p>\n<p style=\"text-align: justify;\">El modelo de admisi\u00f3n tambi\u00e9n introduce un enfoque innovador, priorizando el acceso de estudiantes de municipios ubicados en un radio de 40 kil\u00f3metros alrededor de la sede. Los cupos ser\u00e1n asignados de manera proporcional seg\u00fan el n\u00famero de bachilleres por municipio y con base en los resultados de las pruebas Saber 11, garantizando que el talento formado permanezca en la regi\u00f3n. Con ello, la Universidad de Caldas busca generar un impacto significativo en el desarrollo econ\u00f3mico, social y tecnol\u00f3gico del Magdalena Centro, impulsando la modernizaci\u00f3n del sector agroindustrial y la creaci\u00f3n de nuevas oportunidades para sus comunidades.<\/p>\n<p style=\"text-align: justify;\"><strong>Anexo:<\/strong><\/p>\n<p style=\"text-align: justify;\"><a href=\"https:\/\/www.ucaldas.edu.co\/portal\/wp-content\/uploads\/2026\/04\/jefe-de-la-Oficina-de-Evaluacion-y-Calidad-Academica_-Julian-Orozco-Ospina-1.mp3-1.mp3\"><strong>-Audio \u00d3scar Juli\u00e1n S\u00e1nchez, Coordinador Grupo Gestor Ingenier\u00eda en Agroindustria<\/strong><\/a><\/p>\n<audio class=\"wp-audio-shortcode\" id=\"audio-103590-1\" preload=\"none\" style=\"width: 100%;\" controls=\"controls\"><source type=\"audio\/mpeg\" src=\"https:\/\/www.ucaldas.edu.co\/portal\/wp-content\/uploads\/2026\/04\/jefe-de-la-Oficina-de-Evaluacion-y-Calidad-Academica_-Julian-Orozco-Ospina-1.mp3-1.mp3?_=1\" \/><a href=\"https:\/\/www.ucaldas.edu.co\/portal\/wp-content\/uploads\/2026\/04\/jefe-de-la-Oficina-de-Evaluacion-y-Calidad-Academica_-Julian-Orozco-Ospina-1.mp3-1.mp3\">https:\/\/www.ucaldas.edu.co\/portal\/wp-content\/uploads\/2026\/04\/jefe-de-la-Oficina-de-Evaluacion-y-Calidad-Academica_-Julian-Orozco-Ospina-1.mp3-1.mp3<\/a><\/audio>\n","protected":false},"excerpt":{"rendered":"<p>El Ministerio de Educaci\u00f3n Nacional otorg\u00f3 el registro calificado al programa de Ingenier\u00eda en Agroindustria de la Universidad de Caldas, que ser\u00e1 ofertado a partir del segundo semestre en la Sede del municipio de La Dorada. Esta aprobaci\u00f3n, emitida el pasado 20 de marzo, representa un paso estrat\u00e9gico e hist\u00f3rico para fortalecer la educaci\u00f3n superior [&hellip;]<\/p>\n","protected":false},"author":2,"featured_media":103593,"comment_status":"closed","ping_status":"open","sticky":false,"template":"","format":"standard","meta":{"footnotes":""},"categories":[48,53,243],"tags":[888,10031],"class_list":["post-103590","post","type-post","status-publish","format-standard","has-post-thumbnail","hentry","category-actualidad","category-universidad-al-dia","category-ucaldas-acreditada","tag-registro-calificado","tag-ingenieria-en-agroindustria"],"yoast_head":"<!-- This site is optimized with the Yoast SEO plugin v27.5 - https:\/\/yoast.com\/product\/yoast-seo-wordpress\/ -->\n<title>Nueva Ingenier\u00eda en Agroindustria con inteligencia Artificial, llega a La Dorada para impulsar el futuro productivo de la regi\u00f3n .<\/title>\n<meta name=\"robots\" content=\"index, follow, max-snippet:-1, max-image-preview:large, max-video-preview:-1\" \/>\n<link rel=\"canonical\" href=\"https:\/\/www.ucaldas.edu.co\/portal\/nueva-ingenieria-en-agroindustria-con-inteligencia-artificial-llega-a-la-dorada-para-impulsar-el-futuro-productivo-de-la-region\/\" \/>\n<script type=\"application\/ld+json\" class=\"yoast-schema-graph\">{\"@context\":\"https:\\\/\\\/schema.org\",\"@graph\":[{\"@type\":\"Article\",\"@id\":\"https:\\\/\\\/www.ucaldas.edu.co\\\/portal\\\/nueva-ingenieria-en-agroindustria-con-inteligencia-artificial-llega-a-la-dorada-para-impulsar-el-futuro-productivo-de-la-region\\\/#article\",\"isPartOf\":{\"@id\":\"https:\\\/\\\/www.ucaldas.edu.co\\\/portal\\\/nueva-ingenieria-en-agroindustria-con-inteligencia-artificial-llega-a-la-dorada-para-impulsar-el-futuro-productivo-de-la-region\\\/\"},\"author\":{\"name\":\"ofiprensa\",\"@id\":\"https:\\\/\\\/www.ucaldas.edu.co\\\/portal\\\/#\\\/schema\\\/person\\\/a1b482e23449158b4bc319926c074fdf\"},\"headline\":\"Nueva Ingenier\u00eda en Agroindustria con inteligencia Artificial, llega a La Dorada para impulsar el futuro productivo de la regi\u00f3n\",\"datePublished\":\"2026-04-08T20:54:33+00:00\",\"mainEntityOfPage\":{\"@id\":\"https:\\\/\\\/www.ucaldas.edu.co\\\/portal\\\/nueva-ingenieria-en-agroindustria-con-inteligencia-artificial-llega-a-la-dorada-para-impulsar-el-futuro-productivo-de-la-region\\\/\"},\"wordCount\":610,\"publisher\":{\"@id\":\"https:\\\/\\\/www.ucaldas.edu.co\\\/portal\\\/#organization\"},\"image\":{\"@id\":\"https:\\\/\\\/www.ucaldas.edu.co\\\/portal\\\/nueva-ingenieria-en-agroindustria-con-inteligencia-artificial-llega-a-la-dorada-para-impulsar-el-futuro-productivo-de-la-region\\\/#primaryimage\"},\"thumbnailUrl\":\"https:\\\/\\\/www.ucaldas.edu.co\\\/portal\\\/wp-content\\\/uploads\\\/2026\\\/04\\\/IMG_3110.JPG-scaled-e1775681568143.jpeg\",\"keywords\":[\"registro calificado\",\"ingenieria en agroindustria\"],\"articleSection\":[\"Actualidad\",\"Universidad al D\u00eda\",\"Ucaldas Acreditada\"],\"inLanguage\":\"es\"},{\"@type\":\"WebPage\",\"@id\":\"https:\\\/\\\/www.ucaldas.edu.co\\\/portal\\\/nueva-ingenieria-en-agroindustria-con-inteligencia-artificial-llega-a-la-dorada-para-impulsar-el-futuro-productivo-de-la-region\\\/\",\"url\":\"https:\\\/\\\/www.ucaldas.edu.co\\\/portal\\\/nueva-ingenieria-en-agroindustria-con-inteligencia-artificial-llega-a-la-dorada-para-impulsar-el-futuro-productivo-de-la-region\\\/\",\"name\":\"Nueva Ingenier\u00eda en Agroindustria con inteligencia Artificial, llega a La Dorada para impulsar el futuro productivo de la regi\u00f3n .\",\"isPartOf\":{\"@id\":\"https:\\\/\\\/www.ucaldas.edu.co\\\/portal\\\/#website\"},\"primaryImageOfPage\":{\"@id\":\"https:\\\/\\\/www.ucaldas.edu.co\\\/portal\\\/nueva-ingenieria-en-agroindustria-con-inteligencia-artificial-llega-a-la-dorada-para-impulsar-el-futuro-productivo-de-la-region\\\/#primaryimage\"},\"image\":{\"@id\":\"https:\\\/\\\/www.ucaldas.edu.co\\\/portal\\\/nueva-ingenieria-en-agroindustria-con-inteligencia-artificial-llega-a-la-dorada-para-impulsar-el-futuro-productivo-de-la-region\\\/#primaryimage\"},\"thumbnailUrl\":\"https:\\\/\\\/www.ucaldas.edu.co\\\/portal\\\/wp-content\\\/uploads\\\/2026\\\/04\\\/IMG_3110.JPG-scaled-e1775681568143.jpeg\",\"datePublished\":\"2026-04-08T20:54:33+00:00\",\"breadcrumb\":{\"@id\":\"https:\\\/\\\/www.ucaldas.edu.co\\\/portal\\\/nueva-ingenieria-en-agroindustria-con-inteligencia-artificial-llega-a-la-dorada-para-impulsar-el-futuro-productivo-de-la-region\\\/#breadcrumb\"},\"inLanguage\":\"es\",\"potentialAction\":[{\"@type\":\"ReadAction\",\"target\":[\"https:\\\/\\\/www.ucaldas.edu.co\\\/portal\\\/nueva-ingenieria-en-agroindustria-con-inteligencia-artificial-llega-a-la-dorada-para-impulsar-el-futuro-productivo-de-la-region\\\/\"]}]},{\"@type\":\"ImageObject\",\"inLanguage\":\"es\",\"@id\":\"https:\\\/\\\/www.ucaldas.edu.co\\\/portal\\\/nueva-ingenieria-en-agroindustria-con-inteligencia-artificial-llega-a-la-dorada-para-impulsar-el-futuro-productivo-de-la-region\\\/#primaryimage\",\"url\":\"https:\\\/\\\/www.ucaldas.edu.co\\\/portal\\\/wp-content\\\/uploads\\\/2026\\\/04\\\/IMG_3110.JPG-scaled-e1775681568143.jpeg\",\"contentUrl\":\"https:\\\/\\\/www.ucaldas.edu.co\\\/portal\\\/wp-content\\\/uploads\\\/2026\\\/04\\\/IMG_3110.JPG-scaled-e1775681568143.jpeg\",\"width\":900,\"height\":600,\"caption\":\"Registro Calificado Ingenier\u00eda en Agroindustria\"},{\"@type\":\"BreadcrumbList\",\"@id\":\"https:\\\/\\\/www.ucaldas.edu.co\\\/portal\\\/nueva-ingenieria-en-agroindustria-con-inteligencia-artificial-llega-a-la-dorada-para-impulsar-el-futuro-productivo-de-la-region\\\/#breadcrumb\",\"itemListElement\":[{\"@type\":\"ListItem\",\"position\":1,\"name\":\"Portada\",\"item\":\"https:\\\/\\\/www.ucaldas.edu.co\\\/portal\\\/\"},{\"@type\":\"ListItem\",\"position\":2,\"name\":\"Nueva Ingenier\u00eda en Agroindustria con inteligencia Artificial, llega a La Dorada para impulsar el futuro productivo de la regi\u00f3n\"}]},{\"@type\":\"WebSite\",\"@id\":\"https:\\\/\\\/www.ucaldas.edu.co\\\/portal\\\/#website\",\"url\":\"https:\\\/\\\/www.ucaldas.edu.co\\\/portal\\\/\",\"name\":\"Universidad de Caldas\",\"description\":\"\",\"publisher\":{\"@id\":\"https:\\\/\\\/www.ucaldas.edu.co\\\/portal\\\/#organization\"},\"alternateName\":\"U. de Caldas\",\"potentialAction\":[{\"@type\":\"SearchAction\",\"target\":{\"@type\":\"EntryPoint\",\"urlTemplate\":\"https:\\\/\\\/www.ucaldas.edu.co\\\/portal\\\/?s={search_term_string}\"},\"query-input\":{\"@type\":\"PropertyValueSpecification\",\"valueRequired\":true,\"valueName\":\"search_term_string\"}}],\"inLanguage\":\"es\"},{\"@type\":\"Organization\",\"@id\":\"https:\\\/\\\/www.ucaldas.edu.co\\\/portal\\\/#organization\",\"name\":\"Universidad de Caldas\",\"alternateName\":\"U. de Caldas\",\"url\":\"https:\\\/\\\/www.ucaldas.edu.co\\\/portal\\\/\",\"logo\":{\"@type\":\"ImageObject\",\"inLanguage\":\"es\",\"@id\":\"https:\\\/\\\/www.ucaldas.edu.co\\\/portal\\\/#\\\/schema\\\/logo\\\/image\\\/\",\"url\":\"https:\\\/\\\/www.ucaldas.edu.co\\\/portal\\\/wp-content\\\/uploads\\\/2023\\\/11\\\/Logo_horizontal_oscuroU-2023.png\",\"contentUrl\":\"https:\\\/\\\/www.ucaldas.edu.co\\\/portal\\\/wp-content\\\/uploads\\\/2023\\\/11\\\/Logo_horizontal_oscuroU-2023.png\",\"width\":263,\"height\":101,\"caption\":\"Universidad de Caldas\"},\"image\":{\"@id\":\"https:\\\/\\\/www.ucaldas.edu.co\\\/portal\\\/#\\\/schema\\\/logo\\\/image\\\/\"},\"sameAs\":[\"https:\\\/\\\/www.facebook.com\\\/udecaldas\",\"https:\\\/\\\/x.com\\\/udecaldas\",\"https:\\\/\\\/www.youtube.com\\\/universidadcaldas\",\"https:\\\/\\\/www.instagram.com\\\/udecaldas\\\/\"]},{\"@type\":\"Person\",\"@id\":\"https:\\\/\\\/www.ucaldas.edu.co\\\/portal\\\/#\\\/schema\\\/person\\\/a1b482e23449158b4bc319926c074fdf\",\"name\":\"ofiprensa\",\"image\":{\"@type\":\"ImageObject\",\"inLanguage\":\"es\",\"@id\":\"https:\\\/\\\/www.ucaldas.edu.co\\\/portal\\\/wp-content\\\/litespeed\\\/avatar\\\/09ea5085e600095a7a811142c6944527.jpg?ver=1777497608\",\"url\":\"https:\\\/\\\/www.ucaldas.edu.co\\\/portal\\\/wp-content\\\/litespeed\\\/avatar\\\/09ea5085e600095a7a811142c6944527.jpg?ver=1777497608\",\"contentUrl\":\"https:\\\/\\\/www.ucaldas.edu.co\\\/portal\\\/wp-content\\\/litespeed\\\/avatar\\\/09ea5085e600095a7a811142c6944527.jpg?ver=1777497608\",\"caption\":\"ofiprensa\"},\"url\":\"https:\\\/\\\/www.ucaldas.edu.co\\\/portal\\\/author\\\/ofiprensa\\\/\"}]}<\/script>\n<!-- \/ Yoast SEO plugin. -->","yoast_head_json":{"title":"Nueva Ingenier\u00eda en Agroindustria con inteligencia Artificial, llega a La Dorada para impulsar el futuro productivo de la regi\u00f3n .","robots":{"index":"index","follow":"follow","max-snippet":"max-snippet:-1","max-image-preview":"max-image-preview:large","max-video-preview":"max-video-preview:-1"},"canonical":"https:\/\/www.ucaldas.edu.co\/portal\/nueva-ingenieria-en-agroindustria-con-inteligencia-artificial-llega-a-la-dorada-para-impulsar-el-futuro-productivo-de-la-region\/","schema":{"@context":"https:\/\/schema.org","@graph":[{"@type":"Article","@id":"https:\/\/www.ucaldas.edu.co\/portal\/nueva-ingenieria-en-agroindustria-con-inteligencia-artificial-llega-a-la-dorada-para-impulsar-el-futuro-productivo-de-la-region\/#article","isPartOf":{"@id":"https:\/\/www.ucaldas.edu.co\/portal\/nueva-ingenieria-en-agroindustria-con-inteligencia-artificial-llega-a-la-dorada-para-impulsar-el-futuro-productivo-de-la-region\/"},"author":{"name":"ofiprensa","@id":"https:\/\/www.ucaldas.edu.co\/portal\/#\/schema\/person\/a1b482e23449158b4bc319926c074fdf"},"headline":"Nueva Ingenier\u00eda en Agroindustria con inteligencia Artificial, llega a La Dorada para impulsar el futuro productivo de la regi\u00f3n","datePublished":"2026-04-08T20:54:33+00:00","mainEntityOfPage":{"@id":"https:\/\/www.ucaldas.edu.co\/portal\/nueva-ingenieria-en-agroindustria-con-inteligencia-artificial-llega-a-la-dorada-para-impulsar-el-futuro-productivo-de-la-region\/"},"wordCount":610,"publisher":{"@id":"https:\/\/www.ucaldas.edu.co\/portal\/#organization"},"image":{"@id":"https:\/\/www.ucaldas.edu.co\/portal\/nueva-ingenieria-en-agroindustria-con-inteligencia-artificial-llega-a-la-dorada-para-impulsar-el-futuro-productivo-de-la-region\/#primaryimage"},"thumbnailUrl":"https:\/\/www.ucaldas.edu.co\/portal\/wp-content\/uploads\/2026\/04\/IMG_3110.JPG-scaled-e1775681568143.jpeg","keywords":["registro calificado","ingenieria en agroindustria"],"articleSection":["Actualidad","Universidad al D\u00eda","Ucaldas Acreditada"],"inLanguage":"es"},{"@type":"WebPage","@id":"https:\/\/www.ucaldas.edu.co\/portal\/nueva-ingenieria-en-agroindustria-con-inteligencia-artificial-llega-a-la-dorada-para-impulsar-el-futuro-productivo-de-la-region\/","url":"https:\/\/www.ucaldas.edu.co\/portal\/nueva-ingenieria-en-agroindustria-con-inteligencia-artificial-llega-a-la-dorada-para-impulsar-el-futuro-productivo-de-la-region\/","name":"Nueva Ingenier\u00eda en Agroindustria con inteligencia Artificial, llega a La Dorada para impulsar el futuro productivo de la regi\u00f3n .","isPartOf":{"@id":"https:\/\/www.ucaldas.edu.co\/portal\/#website"},"primaryImageOfPage":{"@id":"https:\/\/www.ucaldas.edu.co\/portal\/nueva-ingenieria-en-agroindustria-con-inteligencia-artificial-llega-a-la-dorada-para-impulsar-el-futuro-productivo-de-la-region\/#primaryimage"},"image":{"@id":"https:\/\/www.ucaldas.edu.co\/portal\/nueva-ingenieria-en-agroindustria-con-inteligencia-artificial-llega-a-la-dorada-para-impulsar-el-futuro-productivo-de-la-region\/#primaryimage"},"thumbnailUrl":"https:\/\/www.ucaldas.edu.co\/portal\/wp-content\/uploads\/2026\/04\/IMG_3110.JPG-scaled-e1775681568143.jpeg","datePublished":"2026-04-08T20:54:33+00:00","breadcrumb":{"@id":"https:\/\/www.ucaldas.edu.co\/portal\/nueva-ingenieria-en-agroindustria-con-inteligencia-artificial-llega-a-la-dorada-para-impulsar-el-futuro-productivo-de-la-region\/#breadcrumb"},"inLanguage":"es","potentialAction":[{"@type":"ReadAction","target":["https:\/\/www.ucaldas.edu.co\/portal\/nueva-ingenieria-en-agroindustria-con-inteligencia-artificial-llega-a-la-dorada-para-impulsar-el-futuro-productivo-de-la-region\/"]}]},{"@type":"ImageObject","inLanguage":"es","@id":"https:\/\/www.ucaldas.edu.co\/portal\/nueva-ingenieria-en-agroindustria-con-inteligencia-artificial-llega-a-la-dorada-para-impulsar-el-futuro-productivo-de-la-region\/#primaryimage","url":"https:\/\/www.ucaldas.edu.co\/portal\/wp-content\/uploads\/2026\/04\/IMG_3110.JPG-scaled-e1775681568143.jpeg","contentUrl":"https:\/\/www.ucaldas.edu.co\/portal\/wp-content\/uploads\/2026\/04\/IMG_3110.JPG-scaled-e1775681568143.jpeg","width":900,"height":600,"caption":"Registro Calificado Ingenier\u00eda en Agroindustria"},{"@type":"BreadcrumbList","@id":"https:\/\/www.ucaldas.edu.co\/portal\/nueva-ingenieria-en-agroindustria-con-inteligencia-artificial-llega-a-la-dorada-para-impulsar-el-futuro-productivo-de-la-region\/#breadcrumb","itemListElement":[{"@type":"ListItem","position":1,"name":"Portada","item":"https:\/\/www.ucaldas.edu.co\/portal\/"},{"@type":"ListItem","position":2,"name":"Nueva Ingenier\u00eda en Agroindustria con inteligencia Artificial, llega a La Dorada para impulsar el futuro productivo de la regi\u00f3n"}]},{"@type":"WebSite","@id":"https:\/\/www.ucaldas.edu.co\/portal\/#website","url":"https:\/\/www.ucaldas.edu.co\/portal\/","name":"Universidad de Caldas","description":"","publisher":{"@id":"https:\/\/www.ucaldas.edu.co\/portal\/#organization"},"alternateName":"U. de Caldas","potentialAction":[{"@type":"SearchAction","target":{"@type":"EntryPoint","urlTemplate":"https:\/\/www.ucaldas.edu.co\/portal\/?s={search_term_string}"},"query-input":{"@type":"PropertyValueSpecification","valueRequired":true,"valueName":"search_term_string"}}],"inLanguage":"es"},{"@type":"Organization","@id":"https:\/\/www.ucaldas.edu.co\/portal\/#organization","name":"Universidad de Caldas","alternateName":"U. de Caldas","url":"https:\/\/www.ucaldas.edu.co\/portal\/","logo":{"@type":"ImageObject","inLanguage":"es","@id":"https:\/\/www.ucaldas.edu.co\/portal\/#\/schema\/logo\/image\/","url":"https:\/\/www.ucaldas.edu.co\/portal\/wp-content\/uploads\/2023\/11\/Logo_horizontal_oscuroU-2023.png","contentUrl":"https:\/\/www.ucaldas.edu.co\/portal\/wp-content\/uploads\/2023\/11\/Logo_horizontal_oscuroU-2023.png","width":263,"height":101,"caption":"Universidad de Caldas"},"image":{"@id":"https:\/\/www.ucaldas.edu.co\/portal\/#\/schema\/logo\/image\/"},"sameAs":["https:\/\/www.facebook.com\/udecaldas","https:\/\/x.com\/udecaldas","https:\/\/www.youtube.com\/universidadcaldas","https:\/\/www.instagram.com\/udecaldas\/"]},{"@type":"Person","@id":"https:\/\/www.ucaldas.edu.co\/portal\/#\/schema\/person\/a1b482e23449158b4bc319926c074fdf","name":"ofiprensa","image":{"@type":"ImageObject","inLanguage":"es","@id":"https:\/\/www.ucaldas.edu.co\/portal\/wp-content\/litespeed\/avatar\/09ea5085e600095a7a811142c6944527.jpg?ver=1777497608","url":"https:\/\/www.ucaldas.edu.co\/portal\/wp-content\/litespeed\/avatar\/09ea5085e600095a7a811142c6944527.jpg?ver=1777497608","contentUrl":"https:\/\/www.ucaldas.edu.co\/portal\/wp-content\/litespeed\/avatar\/09ea5085e600095a7a811142c6944527.jpg?ver=1777497608","caption":"ofiprensa"},"url":"https:\/\/www.ucaldas.edu.co\/portal\/author\/ofiprensa\/"}]}},"_links":{"self":[{"href":"https:\/\/www.ucaldas.edu.co\/portal\/wp-json\/wp\/v2\/posts\/103590","targetHints":{"allow":["GET"]}}],"collection":[{"href":"https:\/\/www.ucaldas.edu.co\/portal\/wp-json\/wp\/v2\/posts"}],"about":[{"href":"https:\/\/www.ucaldas.edu.co\/portal\/wp-json\/wp\/v2\/types\/post"}],"author":[{"embeddable":true,"href":"https:\/\/www.ucaldas.edu.co\/portal\/wp-json\/wp\/v2\/users\/2"}],"replies":[{"embeddable":true,"href":"https:\/\/www.ucaldas.edu.co\/portal\/wp-json\/wp\/v2\/comments?post=103590"}],"version-history":[{"count":1,"href":"https:\/\/www.ucaldas.edu.co\/portal\/wp-json\/wp\/v2\/posts\/103590\/revisions"}],"predecessor-version":[{"id":103594,"href":"https:\/\/www.ucaldas.edu.co\/portal\/wp-json\/wp\/v2\/posts\/103590\/revisions\/103594"}],"wp:featuredmedia":[{"embeddable":true,"href":"https:\/\/www.ucaldas.edu.co\/portal\/wp-json\/wp\/v2\/media\/103593"}],"wp:attachment":[{"href":"https:\/\/www.ucaldas.edu.co\/portal\/wp-json\/wp\/v2\/media?parent=103590"}],"wp:term":[{"taxonomy":"category","embeddable":true,"href":"https:\/\/www.ucaldas.edu.co\/portal\/wp-json\/wp\/v2\/categories?post=103590"},{"taxonomy":"post_tag","embeddable":true,"href":"https:\/\/www.ucaldas.edu.co\/portal\/wp-json\/wp\/v2\/tags?post=103590"}],"curies":[{"name":"wp","href":"https:\/\/api.w.org\/{rel}","templated":true}]}}