{"id":103585,"date":"2026-04-08T15:46:21","date_gmt":"2026-04-08T20:46:21","guid":{"rendered":"https:\/\/www.ucaldas.edu.co\/portal\/?p=103585"},"modified":"2026-04-09T08:37:58","modified_gmt":"2026-04-09T13:37:58","slug":"universidad-de-caldas-amplia-su-oferta-academica-a-nuevos-territorios-del-pais","status":"publish","type":"post","link":"https:\/\/www.ucaldas.edu.co\/portal\/universidad-de-caldas-amplia-su-oferta-academica-a-nuevos-territorios-del-pais\/","title":{"rendered":"Universidad de Caldas ampl\u00eda su oferta acad\u00e9mica a nuevos territorios del pa\u00eds"},"content":{"rendered":"<p style=\"text-align: justify;\"><img loading=\"lazy\" decoding=\"async\" class=\"alignnone wp-image-103600 size-full\" src=\"https:\/\/www.ucaldas.edu.co\/portal\/wp-content\/uploads\/2026\/04\/Vaupes-e1775741820386.png\" alt=\"Estudiantes de Vaup\u00e9s \" width=\"900\" height=\"632\" \/><\/p>\n<p style=\"text-align: justify;\">La Universidad de Caldas avanza en la ampliaci\u00f3n de su cobertura acad\u00e9mica gracias a la gesti\u00f3n de procesos de renovaci\u00f3n y modificaci\u00f3n de registros calificados de programas ante el Ministerio de Educaci\u00f3n Nacional.<!--more--><\/p>\n<p style=\"text-align: justify;\">En el \u00e1mbito de la convocatoria de Planes Integrales de Cobertura con Enfoque Territorial, liderada por el Ministerio de Educaci\u00f3n, la Universidad fue invitada a ofertar programas acad\u00e9micos en nuevos territorios, no solo en municipios del departamento de Caldas, sino tambi\u00e9n en otras regiones del pa\u00eds. Como resultado, la instituci\u00f3n hace presencia en zonas como Risaralda y en territorios m\u00e1s apartados como Mit\u00fa (Vaup\u00e9s), Melgar, San Andr\u00e9s y Providencia.<\/p>\n<p style=\"text-align: justify;\">Asimismo, la Universidad de Caldas adelant\u00f3 un trabajo articulado con administraciones municipales y rectores de instituciones educativas, con el fin de identificar las necesidades de formaci\u00f3n en cada territorio. De este ejercicio se priorizaron <strong>programas t\u00e9cnicos profesionales como Instalaci\u00f3n de Sistemas de Energ\u00eda Renovable, Saneamiento Ambiental y Expresi\u00f3n Art\u00edstica Corporal para la Escena.<\/strong><\/p>\n<p style=\"text-align: justify;\">Actualmente, la universidad cuenta con 39 programas ofertados en regi\u00f3n, de un total de 141 programas acad\u00e9micos, lo que representa el 28 % de su oferta institucional, evidenciando el compromiso con la descentralizaci\u00f3n y el acceso a la educaci\u00f3n superior en diferentes territorios del pa\u00eds.<\/p>\n<p style=\"text-align: justify;\">Este logro es resultado de una gesti\u00f3n articulada liderada por la rector\u00eda y la Oficina de Evaluaci\u00f3n y Calidad Acad\u00e9mica, que permiti\u00f3 dinamizar y dar avance a los procesos de renovaci\u00f3n de registro calificado que permanec\u00edan en tr\u00e1mite desde hac\u00eda un tiempo considerable y se pudieron agilizar, as\u00ed lo destac\u00f3 Juli\u00e1n Orozco Ospina, jefe de la Oficina de Evaluaci\u00f3n y Calidad Acad\u00e9mica, quien resalt\u00f3 la importancia de estas acciones para fortalecer la presencia institucional en diferentes regiones del pa\u00eds.<\/p>\n<p style=\"text-align: justify;\">Con estos avances, la Universidad de Caldas tambi\u00e9n busca agilizar la expedici\u00f3n de resoluciones a\u00fan pendientes, lo que permitir\u00e1 ampliar su oferta acad\u00e9mica a 11 municipios adicionales del departamento, bajo la estrategia \u201cUniversidad de Caldas en tu Pueblo\u201d, orientada a acercar la educaci\u00f3n superior a m\u00e1s comunidades.<\/p>\n<p style=\"text-align: justify;\"><strong>Anexo <\/strong><\/p>\n<p style=\"text-align: justify;\"><a href=\"https:\/\/www.ucaldas.edu.co\/portal\/wp-content\/uploads\/2026\/04\/jefe-de-la-Oficina-de-Evaluacion-y-Calidad-Academica_-Julian-Orozco-Ospina.mp3.mp3\"><strong>-Audio jefe de la Oficina de Evaluaci\u00f3n y Calidad Acad\u00e9mica, Juli\u00e1n Orozco Ospina<\/strong><\/a><\/p>\n<audio class=\"wp-audio-shortcode\" id=\"audio-103585-1\" preload=\"none\" style=\"width: 100%;\" controls=\"controls\"><source type=\"audio\/mpeg\" src=\"https:\/\/www.ucaldas.edu.co\/portal\/wp-content\/uploads\/2026\/04\/jefe-de-la-Oficina-de-Evaluacion-y-Calidad-Academica_-Julian-Orozco-Ospina.mp3.mp3?_=1\" \/><a href=\"https:\/\/www.ucaldas.edu.co\/portal\/wp-content\/uploads\/2026\/04\/jefe-de-la-Oficina-de-Evaluacion-y-Calidad-Academica_-Julian-Orozco-Ospina.mp3.mp3\">https:\/\/www.ucaldas.edu.co\/portal\/wp-content\/uploads\/2026\/04\/jefe-de-la-Oficina-de-Evaluacion-y-Calidad-Academica_-Julian-Orozco-Ospina.mp3.mp3<\/a><\/audio>\n","protected":false},"excerpt":{"rendered":"<p>La Universidad de Caldas avanza en la ampliaci\u00f3n de su cobertura acad\u00e9mica gracias a la gesti\u00f3n de procesos de renovaci\u00f3n y modificaci\u00f3n de registros calificados de programas ante el Ministerio de Educaci\u00f3n Nacional.<\/p>\n","protected":false},"author":2,"featured_media":103600,"comment_status":"closed","ping_status":"open","sticky":false,"template":"","format":"standard","meta":{"footnotes":""},"categories":[48,53,243],"tags":[5990,10030],"class_list":["post-103585","post","type-post","status-publish","format-standard","has-post-thumbnail","hentry","category-actualidad","category-universidad-al-dia","category-ucaldas-acreditada","tag-renovacion-registro-calificado","tag-tecnicos-en-la-region"],"yoast_head":"<!-- This site is optimized with the Yoast SEO plugin v27.5 - https:\/\/yoast.com\/product\/yoast-seo-wordpress\/ -->\n<title>Universidad de Caldas ampl\u00eda su oferta acad\u00e9mica a nuevos territorios del pa\u00eds .<\/title>\n<meta name=\"robots\" content=\"index, follow, max-snippet:-1, max-image-preview:large, max-video-preview:-1\" \/>\n<link rel=\"canonical\" href=\"https:\/\/www.ucaldas.edu.co\/portal\/universidad-de-caldas-amplia-su-oferta-academica-a-nuevos-territorios-del-pais\/\" \/>\n<script type=\"application\/ld+json\" class=\"yoast-schema-graph\">{\"@context\":\"https:\\\/\\\/schema.org\",\"@graph\":[{\"@type\":\"Article\",\"@id\":\"https:\\\/\\\/www.ucaldas.edu.co\\\/portal\\\/universidad-de-caldas-amplia-su-oferta-academica-a-nuevos-territorios-del-pais\\\/#article\",\"isPartOf\":{\"@id\":\"https:\\\/\\\/www.ucaldas.edu.co\\\/portal\\\/universidad-de-caldas-amplia-su-oferta-academica-a-nuevos-territorios-del-pais\\\/\"},\"author\":{\"name\":\"ofiprensa\",\"@id\":\"https:\\\/\\\/www.ucaldas.edu.co\\\/portal\\\/#\\\/schema\\\/person\\\/a1b482e23449158b4bc319926c074fdf\"},\"headline\":\"Universidad de Caldas ampl\u00eda su oferta acad\u00e9mica a nuevos territorios del pa\u00eds\",\"datePublished\":\"2026-04-08T20:46:21+00:00\",\"dateModified\":\"2026-04-09T13:37:58+00:00\",\"mainEntityOfPage\":{\"@id\":\"https:\\\/\\\/www.ucaldas.edu.co\\\/portal\\\/universidad-de-caldas-amplia-su-oferta-academica-a-nuevos-territorios-del-pais\\\/\"},\"wordCount\":411,\"publisher\":{\"@id\":\"https:\\\/\\\/www.ucaldas.edu.co\\\/portal\\\/#organization\"},\"image\":{\"@id\":\"https:\\\/\\\/www.ucaldas.edu.co\\\/portal\\\/universidad-de-caldas-amplia-su-oferta-academica-a-nuevos-territorios-del-pais\\\/#primaryimage\"},\"thumbnailUrl\":\"https:\\\/\\\/www.ucaldas.edu.co\\\/portal\\\/wp-content\\\/uploads\\\/2026\\\/04\\\/Vaupes-e1775741820386.png\",\"keywords\":[\"renovaci\u00f3n registro calificado\",\"t\u00e9cnicos en la regi\u00f3n\"],\"articleSection\":[\"Actualidad\",\"Universidad al D\u00eda\",\"Ucaldas Acreditada\"],\"inLanguage\":\"es\"},{\"@type\":\"WebPage\",\"@id\":\"https:\\\/\\\/www.ucaldas.edu.co\\\/portal\\\/universidad-de-caldas-amplia-su-oferta-academica-a-nuevos-territorios-del-pais\\\/\",\"url\":\"https:\\\/\\\/www.ucaldas.edu.co\\\/portal\\\/universidad-de-caldas-amplia-su-oferta-academica-a-nuevos-territorios-del-pais\\\/\",\"name\":\"Universidad de Caldas ampl\u00eda su oferta acad\u00e9mica a nuevos territorios del pa\u00eds .\",\"isPartOf\":{\"@id\":\"https:\\\/\\\/www.ucaldas.edu.co\\\/portal\\\/#website\"},\"primaryImageOfPage\":{\"@id\":\"https:\\\/\\\/www.ucaldas.edu.co\\\/portal\\\/universidad-de-caldas-amplia-su-oferta-academica-a-nuevos-territorios-del-pais\\\/#primaryimage\"},\"image\":{\"@id\":\"https:\\\/\\\/www.ucaldas.edu.co\\\/portal\\\/universidad-de-caldas-amplia-su-oferta-academica-a-nuevos-territorios-del-pais\\\/#primaryimage\"},\"thumbnailUrl\":\"https:\\\/\\\/www.ucaldas.edu.co\\\/portal\\\/wp-content\\\/uploads\\\/2026\\\/04\\\/Vaupes-e1775741820386.png\",\"datePublished\":\"2026-04-08T20:46:21+00:00\",\"dateModified\":\"2026-04-09T13:37:58+00:00\",\"breadcrumb\":{\"@id\":\"https:\\\/\\\/www.ucaldas.edu.co\\\/portal\\\/universidad-de-caldas-amplia-su-oferta-academica-a-nuevos-territorios-del-pais\\\/#breadcrumb\"},\"inLanguage\":\"es\",\"potentialAction\":[{\"@type\":\"ReadAction\",\"target\":[\"https:\\\/\\\/www.ucaldas.edu.co\\\/portal\\\/universidad-de-caldas-amplia-su-oferta-academica-a-nuevos-territorios-del-pais\\\/\"]}]},{\"@type\":\"ImageObject\",\"inLanguage\":\"es\",\"@id\":\"https:\\\/\\\/www.ucaldas.edu.co\\\/portal\\\/universidad-de-caldas-amplia-su-oferta-academica-a-nuevos-territorios-del-pais\\\/#primaryimage\",\"url\":\"https:\\\/\\\/www.ucaldas.edu.co\\\/portal\\\/wp-content\\\/uploads\\\/2026\\\/04\\\/Vaupes-e1775741820386.png\",\"contentUrl\":\"https:\\\/\\\/www.ucaldas.edu.co\\\/portal\\\/wp-content\\\/uploads\\\/2026\\\/04\\\/Vaupes-e1775741820386.png\",\"width\":900,\"height\":632,\"caption\":\"Estudiantes de Vaup\u00e9s\"},{\"@type\":\"BreadcrumbList\",\"@id\":\"https:\\\/\\\/www.ucaldas.edu.co\\\/portal\\\/universidad-de-caldas-amplia-su-oferta-academica-a-nuevos-territorios-del-pais\\\/#breadcrumb\",\"itemListElement\":[{\"@type\":\"ListItem\",\"position\":1,\"name\":\"Portada\",\"item\":\"https:\\\/\\\/www.ucaldas.edu.co\\\/portal\\\/\"},{\"@type\":\"ListItem\",\"position\":2,\"name\":\"Universidad de Caldas ampl\u00eda su oferta acad\u00e9mica a nuevos territorios del pa\u00eds\"}]},{\"@type\":\"WebSite\",\"@id\":\"https:\\\/\\\/www.ucaldas.edu.co\\\/portal\\\/#website\",\"url\":\"https:\\\/\\\/www.ucaldas.edu.co\\\/portal\\\/\",\"name\":\"Universidad de Caldas\",\"description\":\"\",\"publisher\":{\"@id\":\"https:\\\/\\\/www.ucaldas.edu.co\\\/portal\\\/#organization\"},\"alternateName\":\"U. de Caldas\",\"potentialAction\":[{\"@type\":\"SearchAction\",\"target\":{\"@type\":\"EntryPoint\",\"urlTemplate\":\"https:\\\/\\\/www.ucaldas.edu.co\\\/portal\\\/?s={search_term_string}\"},\"query-input\":{\"@type\":\"PropertyValueSpecification\",\"valueRequired\":true,\"valueName\":\"search_term_string\"}}],\"inLanguage\":\"es\"},{\"@type\":\"Organization\",\"@id\":\"https:\\\/\\\/www.ucaldas.edu.co\\\/portal\\\/#organization\",\"name\":\"Universidad de Caldas\",\"alternateName\":\"U. de Caldas\",\"url\":\"https:\\\/\\\/www.ucaldas.edu.co\\\/portal\\\/\",\"logo\":{\"@type\":\"ImageObject\",\"inLanguage\":\"es\",\"@id\":\"https:\\\/\\\/www.ucaldas.edu.co\\\/portal\\\/#\\\/schema\\\/logo\\\/image\\\/\",\"url\":\"https:\\\/\\\/www.ucaldas.edu.co\\\/portal\\\/wp-content\\\/uploads\\\/2023\\\/11\\\/Logo_horizontal_oscuroU-2023.png\",\"contentUrl\":\"https:\\\/\\\/www.ucaldas.edu.co\\\/portal\\\/wp-content\\\/uploads\\\/2023\\\/11\\\/Logo_horizontal_oscuroU-2023.png\",\"width\":263,\"height\":101,\"caption\":\"Universidad de Caldas\"},\"image\":{\"@id\":\"https:\\\/\\\/www.ucaldas.edu.co\\\/portal\\\/#\\\/schema\\\/logo\\\/image\\\/\"},\"sameAs\":[\"https:\\\/\\\/www.facebook.com\\\/udecaldas\",\"https:\\\/\\\/x.com\\\/udecaldas\",\"https:\\\/\\\/www.youtube.com\\\/universidadcaldas\",\"https:\\\/\\\/www.instagram.com\\\/udecaldas\\\/\"]},{\"@type\":\"Person\",\"@id\":\"https:\\\/\\\/www.ucaldas.edu.co\\\/portal\\\/#\\\/schema\\\/person\\\/a1b482e23449158b4bc319926c074fdf\",\"name\":\"ofiprensa\",\"image\":{\"@type\":\"ImageObject\",\"inLanguage\":\"es\",\"@id\":\"https:\\\/\\\/www.ucaldas.edu.co\\\/portal\\\/wp-content\\\/litespeed\\\/avatar\\\/09ea5085e600095a7a811142c6944527.jpg?ver=1777497608\",\"url\":\"https:\\\/\\\/www.ucaldas.edu.co\\\/portal\\\/wp-content\\\/litespeed\\\/avatar\\\/09ea5085e600095a7a811142c6944527.jpg?ver=1777497608\",\"contentUrl\":\"https:\\\/\\\/www.ucaldas.edu.co\\\/portal\\\/wp-content\\\/litespeed\\\/avatar\\\/09ea5085e600095a7a811142c6944527.jpg?ver=1777497608\",\"caption\":\"ofiprensa\"},\"url\":\"https:\\\/\\\/www.ucaldas.edu.co\\\/portal\\\/author\\\/ofiprensa\\\/\"}]}<\/script>\n<!-- \/ Yoast SEO plugin. -->","yoast_head_json":{"title":"Universidad de Caldas ampl\u00eda su oferta acad\u00e9mica a nuevos territorios del pa\u00eds .","robots":{"index":"index","follow":"follow","max-snippet":"max-snippet:-1","max-image-preview":"max-image-preview:large","max-video-preview":"max-video-preview:-1"},"canonical":"https:\/\/www.ucaldas.edu.co\/portal\/universidad-de-caldas-amplia-su-oferta-academica-a-nuevos-territorios-del-pais\/","schema":{"@context":"https:\/\/schema.org","@graph":[{"@type":"Article","@id":"https:\/\/www.ucaldas.edu.co\/portal\/universidad-de-caldas-amplia-su-oferta-academica-a-nuevos-territorios-del-pais\/#article","isPartOf":{"@id":"https:\/\/www.ucaldas.edu.co\/portal\/universidad-de-caldas-amplia-su-oferta-academica-a-nuevos-territorios-del-pais\/"},"author":{"name":"ofiprensa","@id":"https:\/\/www.ucaldas.edu.co\/portal\/#\/schema\/person\/a1b482e23449158b4bc319926c074fdf"},"headline":"Universidad de Caldas ampl\u00eda su oferta acad\u00e9mica a nuevos territorios del pa\u00eds","datePublished":"2026-04-08T20:46:21+00:00","dateModified":"2026-04-09T13:37:58+00:00","mainEntityOfPage":{"@id":"https:\/\/www.ucaldas.edu.co\/portal\/universidad-de-caldas-amplia-su-oferta-academica-a-nuevos-territorios-del-pais\/"},"wordCount":411,"publisher":{"@id":"https:\/\/www.ucaldas.edu.co\/portal\/#organization"},"image":{"@id":"https:\/\/www.ucaldas.edu.co\/portal\/universidad-de-caldas-amplia-su-oferta-academica-a-nuevos-territorios-del-pais\/#primaryimage"},"thumbnailUrl":"https:\/\/www.ucaldas.edu.co\/portal\/wp-content\/uploads\/2026\/04\/Vaupes-e1775741820386.png","keywords":["renovaci\u00f3n registro calificado","t\u00e9cnicos en la regi\u00f3n"],"articleSection":["Actualidad","Universidad al D\u00eda","Ucaldas Acreditada"],"inLanguage":"es"},{"@type":"WebPage","@id":"https:\/\/www.ucaldas.edu.co\/portal\/universidad-de-caldas-amplia-su-oferta-academica-a-nuevos-territorios-del-pais\/","url":"https:\/\/www.ucaldas.edu.co\/portal\/universidad-de-caldas-amplia-su-oferta-academica-a-nuevos-territorios-del-pais\/","name":"Universidad de Caldas ampl\u00eda su oferta acad\u00e9mica a nuevos territorios del pa\u00eds .","isPartOf":{"@id":"https:\/\/www.ucaldas.edu.co\/portal\/#website"},"primaryImageOfPage":{"@id":"https:\/\/www.ucaldas.edu.co\/portal\/universidad-de-caldas-amplia-su-oferta-academica-a-nuevos-territorios-del-pais\/#primaryimage"},"image":{"@id":"https:\/\/www.ucaldas.edu.co\/portal\/universidad-de-caldas-amplia-su-oferta-academica-a-nuevos-territorios-del-pais\/#primaryimage"},"thumbnailUrl":"https:\/\/www.ucaldas.edu.co\/portal\/wp-content\/uploads\/2026\/04\/Vaupes-e1775741820386.png","datePublished":"2026-04-08T20:46:21+00:00","dateModified":"2026-04-09T13:37:58+00:00","breadcrumb":{"@id":"https:\/\/www.ucaldas.edu.co\/portal\/universidad-de-caldas-amplia-su-oferta-academica-a-nuevos-territorios-del-pais\/#breadcrumb"},"inLanguage":"es","potentialAction":[{"@type":"ReadAction","target":["https:\/\/www.ucaldas.edu.co\/portal\/universidad-de-caldas-amplia-su-oferta-academica-a-nuevos-territorios-del-pais\/"]}]},{"@type":"ImageObject","inLanguage":"es","@id":"https:\/\/www.ucaldas.edu.co\/portal\/universidad-de-caldas-amplia-su-oferta-academica-a-nuevos-territorios-del-pais\/#primaryimage","url":"https:\/\/www.ucaldas.edu.co\/portal\/wp-content\/uploads\/2026\/04\/Vaupes-e1775741820386.png","contentUrl":"https:\/\/www.ucaldas.edu.co\/portal\/wp-content\/uploads\/2026\/04\/Vaupes-e1775741820386.png","width":900,"height":632,"caption":"Estudiantes de Vaup\u00e9s"},{"@type":"BreadcrumbList","@id":"https:\/\/www.ucaldas.edu.co\/portal\/universidad-de-caldas-amplia-su-oferta-academica-a-nuevos-territorios-del-pais\/#breadcrumb","itemListElement":[{"@type":"ListItem","position":1,"name":"Portada","item":"https:\/\/www.ucaldas.edu.co\/portal\/"},{"@type":"ListItem","position":2,"name":"Universidad de Caldas ampl\u00eda su oferta acad\u00e9mica a nuevos territorios del pa\u00eds"}]},{"@type":"WebSite","@id":"https:\/\/www.ucaldas.edu.co\/portal\/#website","url":"https:\/\/www.ucaldas.edu.co\/portal\/","name":"Universidad de Caldas","description":"","publisher":{"@id":"https:\/\/www.ucaldas.edu.co\/portal\/#organization"},"alternateName":"U. de Caldas","potentialAction":[{"@type":"SearchAction","target":{"@type":"EntryPoint","urlTemplate":"https:\/\/www.ucaldas.edu.co\/portal\/?s={search_term_string}"},"query-input":{"@type":"PropertyValueSpecification","valueRequired":true,"valueName":"search_term_string"}}],"inLanguage":"es"},{"@type":"Organization","@id":"https:\/\/www.ucaldas.edu.co\/portal\/#organization","name":"Universidad de Caldas","alternateName":"U. de Caldas","url":"https:\/\/www.ucaldas.edu.co\/portal\/","logo":{"@type":"ImageObject","inLanguage":"es","@id":"https:\/\/www.ucaldas.edu.co\/portal\/#\/schema\/logo\/image\/","url":"https:\/\/www.ucaldas.edu.co\/portal\/wp-content\/uploads\/2023\/11\/Logo_horizontal_oscuroU-2023.png","contentUrl":"https:\/\/www.ucaldas.edu.co\/portal\/wp-content\/uploads\/2023\/11\/Logo_horizontal_oscuroU-2023.png","width":263,"height":101,"caption":"Universidad de Caldas"},"image":{"@id":"https:\/\/www.ucaldas.edu.co\/portal\/#\/schema\/logo\/image\/"},"sameAs":["https:\/\/www.facebook.com\/udecaldas","https:\/\/x.com\/udecaldas","https:\/\/www.youtube.com\/universidadcaldas","https:\/\/www.instagram.com\/udecaldas\/"]},{"@type":"Person","@id":"https:\/\/www.ucaldas.edu.co\/portal\/#\/schema\/person\/a1b482e23449158b4bc319926c074fdf","name":"ofiprensa","image":{"@type":"ImageObject","inLanguage":"es","@id":"https:\/\/www.ucaldas.edu.co\/portal\/wp-content\/litespeed\/avatar\/09ea5085e600095a7a811142c6944527.jpg?ver=1777497608","url":"https:\/\/www.ucaldas.edu.co\/portal\/wp-content\/litespeed\/avatar\/09ea5085e600095a7a811142c6944527.jpg?ver=1777497608","contentUrl":"https:\/\/www.ucaldas.edu.co\/portal\/wp-content\/litespeed\/avatar\/09ea5085e600095a7a811142c6944527.jpg?ver=1777497608","caption":"ofiprensa"},"url":"https:\/\/www.ucaldas.edu.co\/portal\/author\/ofiprensa\/"}]}},"_links":{"self":[{"href":"https:\/\/www.ucaldas.edu.co\/portal\/wp-json\/wp\/v2\/posts\/103585","targetHints":{"allow":["GET"]}}],"collection":[{"href":"https:\/\/www.ucaldas.edu.co\/portal\/wp-json\/wp\/v2\/posts"}],"about":[{"href":"https:\/\/www.ucaldas.edu.co\/portal\/wp-json\/wp\/v2\/types\/post"}],"author":[{"embeddable":true,"href":"https:\/\/www.ucaldas.edu.co\/portal\/wp-json\/wp\/v2\/users\/2"}],"replies":[{"embeddable":true,"href":"https:\/\/www.ucaldas.edu.co\/portal\/wp-json\/wp\/v2\/comments?post=103585"}],"version-history":[{"count":3,"href":"https:\/\/www.ucaldas.edu.co\/portal\/wp-json\/wp\/v2\/posts\/103585\/revisions"}],"predecessor-version":[{"id":103602,"href":"https:\/\/www.ucaldas.edu.co\/portal\/wp-json\/wp\/v2\/posts\/103585\/revisions\/103602"}],"wp:featuredmedia":[{"embeddable":true,"href":"https:\/\/www.ucaldas.edu.co\/portal\/wp-json\/wp\/v2\/media\/103600"}],"wp:attachment":[{"href":"https:\/\/www.ucaldas.edu.co\/portal\/wp-json\/wp\/v2\/media?parent=103585"}],"wp:term":[{"taxonomy":"category","embeddable":true,"href":"https:\/\/www.ucaldas.edu.co\/portal\/wp-json\/wp\/v2\/categories?post=103585"},{"taxonomy":"post_tag","embeddable":true,"href":"https:\/\/www.ucaldas.edu.co\/portal\/wp-json\/wp\/v2\/tags?post=103585"}],"curies":[{"name":"wp","href":"https:\/\/api.w.org\/{rel}","templated":true}]}}