{"id":103578,"date":"2026-04-08T15:38:54","date_gmt":"2026-04-08T20:38:54","guid":{"rendered":"https:\/\/www.ucaldas.edu.co\/portal\/?p=103578"},"modified":"2026-04-08T15:38:54","modified_gmt":"2026-04-08T20:38:54","slug":"universidad-de-caldas-fortalece-su-liderazgo-territorial-en-programa-de-impacto-colectivo-en-medellin","status":"publish","type":"post","link":"https:\/\/www.ucaldas.edu.co\/portal\/universidad-de-caldas-fortalece-su-liderazgo-territorial-en-programa-de-impacto-colectivo-en-medellin\/","title":{"rendered":"Universidad de Caldas fortalece su liderazgo territorial en programa de impacto colectivo en Medell\u00edn"},"content":{"rendered":"<div class=\"wpb-content-wrapper\"><p>[vc_row][vc_column][vc_column_text]<\/p>\n<p style=\"text-align: justify;\"><img loading=\"lazy\" decoding=\"async\" class=\"alignnone wp-image-103580 size-full\" src=\"https:\/\/www.ucaldas.edu.co\/portal\/wp-content\/uploads\/2026\/04\/Portada-2-e1775680526389.jpeg\" alt=\"U. Caldas fortalece el liderazgo\" width=\"900\" height=\"506\" \/><\/p>\n<p style=\"text-align: justify;\">La Universidad de Caldas contin\u00faa consolidando su papel como actor clave en el desarrollo social del territorio, tras su participaci\u00f3n en el programa formativo <em>Liderazgo colectivo para los territorios<\/em>, una iniciativa impulsada por la Fundaci\u00f3n Luker y desarrollada en las instalaciones de Universidad EAFIT.<!--more--><\/p>\n<p style=\"text-align: justify;\">El proceso, orientado a fortalecer capacidades en liderazgo social, formulaci\u00f3n de proyectos e impacto comunitario, reuni\u00f3 a representantes del sector p\u00fablico, privado, acad\u00e9mico y organizaciones sociales, bajo un enfoque de articulaci\u00f3n multisectorial.<\/p>\n<p style=\"text-align: justify;\">Mateo Acosta, l\u00edder de innovaci\u00f3n de la Universidad de Caldas, particip\u00f3 en este espacio en representaci\u00f3n de la instituci\u00f3n y destac\u00f3 la importancia de estos escenarios para la construcci\u00f3n de soluciones reales en los territorios.<\/p>\n<p style=\"text-align: justify;\">\u201cEste proceso formativo est\u00e1 enfocado en fortalecer el liderazgo colectivo y comunitario, as\u00ed como en la generaci\u00f3n de proyectos que atiendan necesidades reales de los territorios. Nos brinda herramientas para estructurar iniciativas con impacto social tangible y medible\u201d, se\u00f1al\u00f3 Acosta.<\/p>\n<p style=\"text-align: justify;\"><strong>Un modelo de articulaci\u00f3n para el desarrollo regional<\/strong><\/p>\n<p style=\"text-align: justify;\">El programa hace parte del Team de Impacto Colectivo, una estrategia liderada por la Fundaci\u00f3n Luker que busca conectar instituciones clave del territorio para promover el trabajo colaborativo y la toma de decisiones estrat\u00e9gicas.<\/p>\n<p style=\"text-align: justify;\">Durante la jornada intensiva, los participantes abordaron temas como:<\/p>\n<ul style=\"text-align: justify;\">\n<li>Construcci\u00f3n de alianzas multisectoriales<\/li>\n<li>Principios del liderazgo social<\/li>\n<li>Metodolog\u00edas de trabajo en equipo<\/li>\n<li>Formulaci\u00f3n y medici\u00f3n de impacto de proyectos<\/li>\n<\/ul>\n<p style=\"text-align: justify;\">Adem\u00e1s del componente acad\u00e9mico, el espacio prioriz\u00f3 el relacionamiento entre instituciones como eje fundamental para la generaci\u00f3n de sinergias.<\/p>\n<p style=\"text-align: justify;\">\u201cM\u00e1s all\u00e1 de la formaci\u00f3n, estos espacios permiten sentarnos con otros sectores, entender sus necesidades y construir rutas de trabajo conjuntas que realmente impulsen el desarrollo del territorio\u201d, agreg\u00f3 Acosta.<\/p>\n<p style=\"text-align: justify;\"><strong>Un ecosistema de actores para el cambio<\/strong><\/p>\n<p style=\"text-align: justify;\">El encuentro reuni\u00f3 a un amplio grupo de organizaciones del orden local y nacional, entre ellas la Universidad de Caldas, la Universidad de Manizales, la C\u00e1mara de Comercio de Manizales por Caldas, la Secretar\u00eda de Educaci\u00f3n de Manizales, el Comit\u00e9 Intergremial de Caldas, Efigas, Confa, Banco de la Rep\u00fablica, Procaldas, Invest Manizales, Fundaci\u00f3n Nutrir, Fundaci\u00f3n Batuta, United Way Colombia, entre otras.<\/p>\n<p style=\"text-align: justify;\">Este conjunto de actores representa las llamadas \u201ch\u00e9lices\u201d del desarrollo \u2014academia, empresa, Estado y sociedad civil\u2014 que, al articularse, potencian la capacidad de generar transformaciones sostenibles en las comunidades.<\/p>\n<p style=\"text-align: justify;\"><strong>Liderazgo con capacidad de decisi\u00f3n<\/strong><\/p>\n<p style=\"text-align: justify;\">Un elemento clave del programa es que los participantes pertenecen a niveles directivos de sus organizaciones, lo que facilita la toma de decisiones y la implementaci\u00f3n de estrategias conjuntas.<\/p>\n<p style=\"text-align: justify;\">\u201cEstamos hablando de personas con capacidad de decisi\u00f3n dentro de sus instituciones. Esto permite que las ideas y alianzas que surgen en estos espacios puedan materializarse en proyectos concretos para el territorio\u201d, explic\u00f3 Acosta.<\/p>\n<p style=\"text-align: justify;\"><strong>Proyecci\u00f3n para Manizales y Caldas<\/strong><\/p>\n<p style=\"text-align: justify;\">Los participantes del programa, denominados Champions 2026, se integrar\u00e1n en pr\u00f3ximos espacios de articulaci\u00f3n junto a cohortes anteriores, con el objetivo de fortalecer redes de trabajo y consolidar iniciativas de impacto colectivo en Manizales y la regi\u00f3n.<\/p>\n<p style=\"text-align: justify;\">En este contexto, la Universidad de Caldas reafirma su compromiso con la construcci\u00f3n de territorio a trav\u00e9s de la educaci\u00f3n, la innovaci\u00f3n y el trabajo colaborativo, apostando por alianzas que permitan responder de manera efectiva a los desaf\u00edos sociales actuales.<\/p>\n<p style=\"text-align: justify;\"><strong>Anexo:<\/strong><\/p>\n<p style=\"text-align: justify;\"><a href=\"https:\/\/www.ucaldas.edu.co\/portal\/wp-content\/uploads\/2026\/04\/Lider-de-innovacion-de-la-Universidad-de-Caldas-Mateo-Acosta.ogg\"><strong>-Audio L\u00edder de innovaci\u00f3n de la Universidad de Caldas, Mateo Acosta<\/strong><\/a><\/p>\n<audio class=\"wp-audio-shortcode\" id=\"audio-103578-1\" preload=\"none\" style=\"width: 100%;\" controls=\"controls\"><source type=\"audio\/ogg\" src=\"https:\/\/www.ucaldas.edu.co\/portal\/wp-content\/uploads\/2026\/04\/Lider-de-innovacion-de-la-Universidad-de-Caldas-Mateo-Acosta.ogg?_=1\" \/><a href=\"https:\/\/www.ucaldas.edu.co\/portal\/wp-content\/uploads\/2026\/04\/Lider-de-innovacion-de-la-Universidad-de-Caldas-Mateo-Acosta.ogg\">https:\/\/www.ucaldas.edu.co\/portal\/wp-content\/uploads\/2026\/04\/Lider-de-innovacion-de-la-Universidad-de-Caldas-Mateo-Acosta.ogg<\/a><\/audio>\n<p>[\/vc_column_text][vc_images_carousel images=\u00bb103581,103582,103583&#8243; img_size=\u00bbfull\u00bb css=\u00bb\u00bb title=\u00bbGaler\u00eda de fotos\u00bb][\/vc_column][\/vc_row]<\/p>\n<\/div>","protected":false},"excerpt":{"rendered":"<p>[vc_row][vc_column][vc_column_text] La Universidad de Caldas contin\u00faa consolidando su papel como actor clave en el desarrollo social del territorio, tras su participaci\u00f3n en el programa formativo Liderazgo colectivo para los territorios, una iniciativa impulsada por la Fundaci\u00f3n Luker y desarrollada en las instalaciones de Universidad EAFIT.<\/p>\n","protected":false},"author":2,"featured_media":103580,"comment_status":"closed","ping_status":"open","sticky":false,"template":"","format":"standard","meta":{"footnotes":""},"categories":[48,53],"tags":[1931,5251],"class_list":["post-103578","post","type-post","status-publish","format-standard","has-post-thumbnail","hentry","category-actualidad","category-universidad-al-dia","tag-fundacion-luker","tag-eafit"],"yoast_head":"<!-- This site is optimized with the Yoast SEO plugin v27.5 - https:\/\/yoast.com\/product\/yoast-seo-wordpress\/ -->\n<title>Universidad de Caldas fortalece su liderazgo territorial en programa de impacto colectivo en Medell\u00edn .<\/title>\n<meta name=\"robots\" content=\"index, follow, max-snippet:-1, max-image-preview:large, max-video-preview:-1\" \/>\n<link rel=\"canonical\" href=\"https:\/\/www.ucaldas.edu.co\/portal\/universidad-de-caldas-fortalece-su-liderazgo-territorial-en-programa-de-impacto-colectivo-en-medellin\/\" \/>\n<script type=\"application\/ld+json\" class=\"yoast-schema-graph\">{\"@context\":\"https:\\\/\\\/schema.org\",\"@graph\":[{\"@type\":\"Article\",\"@id\":\"https:\\\/\\\/www.ucaldas.edu.co\\\/portal\\\/universidad-de-caldas-fortalece-su-liderazgo-territorial-en-programa-de-impacto-colectivo-en-medellin\\\/#article\",\"isPartOf\":{\"@id\":\"https:\\\/\\\/www.ucaldas.edu.co\\\/portal\\\/universidad-de-caldas-fortalece-su-liderazgo-territorial-en-programa-de-impacto-colectivo-en-medellin\\\/\"},\"author\":{\"name\":\"ofiprensa\",\"@id\":\"https:\\\/\\\/www.ucaldas.edu.co\\\/portal\\\/#\\\/schema\\\/person\\\/a1b482e23449158b4bc319926c074fdf\"},\"headline\":\"Universidad de Caldas fortalece su liderazgo territorial en programa de impacto colectivo en Medell\u00edn\",\"datePublished\":\"2026-04-08T20:38:54+00:00\",\"mainEntityOfPage\":{\"@id\":\"https:\\\/\\\/www.ucaldas.edu.co\\\/portal\\\/universidad-de-caldas-fortalece-su-liderazgo-territorial-en-programa-de-impacto-colectivo-en-medellin\\\/\"},\"wordCount\":632,\"publisher\":{\"@id\":\"https:\\\/\\\/www.ucaldas.edu.co\\\/portal\\\/#organization\"},\"image\":{\"@id\":\"https:\\\/\\\/www.ucaldas.edu.co\\\/portal\\\/universidad-de-caldas-fortalece-su-liderazgo-territorial-en-programa-de-impacto-colectivo-en-medellin\\\/#primaryimage\"},\"thumbnailUrl\":\"https:\\\/\\\/www.ucaldas.edu.co\\\/portal\\\/wp-content\\\/uploads\\\/2026\\\/04\\\/Portada-2-e1775680526389.jpeg\",\"keywords\":[\"Fundaci\u00f3n Luker\",\"eafit\"],\"articleSection\":[\"Actualidad\",\"Universidad al D\u00eda\"],\"inLanguage\":\"es\"},{\"@type\":\"WebPage\",\"@id\":\"https:\\\/\\\/www.ucaldas.edu.co\\\/portal\\\/universidad-de-caldas-fortalece-su-liderazgo-territorial-en-programa-de-impacto-colectivo-en-medellin\\\/\",\"url\":\"https:\\\/\\\/www.ucaldas.edu.co\\\/portal\\\/universidad-de-caldas-fortalece-su-liderazgo-territorial-en-programa-de-impacto-colectivo-en-medellin\\\/\",\"name\":\"Universidad de Caldas fortalece su liderazgo territorial en programa de impacto colectivo en Medell\u00edn .\",\"isPartOf\":{\"@id\":\"https:\\\/\\\/www.ucaldas.edu.co\\\/portal\\\/#website\"},\"primaryImageOfPage\":{\"@id\":\"https:\\\/\\\/www.ucaldas.edu.co\\\/portal\\\/universidad-de-caldas-fortalece-su-liderazgo-territorial-en-programa-de-impacto-colectivo-en-medellin\\\/#primaryimage\"},\"image\":{\"@id\":\"https:\\\/\\\/www.ucaldas.edu.co\\\/portal\\\/universidad-de-caldas-fortalece-su-liderazgo-territorial-en-programa-de-impacto-colectivo-en-medellin\\\/#primaryimage\"},\"thumbnailUrl\":\"https:\\\/\\\/www.ucaldas.edu.co\\\/portal\\\/wp-content\\\/uploads\\\/2026\\\/04\\\/Portada-2-e1775680526389.jpeg\",\"datePublished\":\"2026-04-08T20:38:54+00:00\",\"breadcrumb\":{\"@id\":\"https:\\\/\\\/www.ucaldas.edu.co\\\/portal\\\/universidad-de-caldas-fortalece-su-liderazgo-territorial-en-programa-de-impacto-colectivo-en-medellin\\\/#breadcrumb\"},\"inLanguage\":\"es\",\"potentialAction\":[{\"@type\":\"ReadAction\",\"target\":[\"https:\\\/\\\/www.ucaldas.edu.co\\\/portal\\\/universidad-de-caldas-fortalece-su-liderazgo-territorial-en-programa-de-impacto-colectivo-en-medellin\\\/\"]}]},{\"@type\":\"ImageObject\",\"inLanguage\":\"es\",\"@id\":\"https:\\\/\\\/www.ucaldas.edu.co\\\/portal\\\/universidad-de-caldas-fortalece-su-liderazgo-territorial-en-programa-de-impacto-colectivo-en-medellin\\\/#primaryimage\",\"url\":\"https:\\\/\\\/www.ucaldas.edu.co\\\/portal\\\/wp-content\\\/uploads\\\/2026\\\/04\\\/Portada-2-e1775680526389.jpeg\",\"contentUrl\":\"https:\\\/\\\/www.ucaldas.edu.co\\\/portal\\\/wp-content\\\/uploads\\\/2026\\\/04\\\/Portada-2-e1775680526389.jpeg\",\"width\":900,\"height\":506,\"caption\":\"U. Caldas fortalece el liderazgo\"},{\"@type\":\"BreadcrumbList\",\"@id\":\"https:\\\/\\\/www.ucaldas.edu.co\\\/portal\\\/universidad-de-caldas-fortalece-su-liderazgo-territorial-en-programa-de-impacto-colectivo-en-medellin\\\/#breadcrumb\",\"itemListElement\":[{\"@type\":\"ListItem\",\"position\":1,\"name\":\"Portada\",\"item\":\"https:\\\/\\\/www.ucaldas.edu.co\\\/portal\\\/\"},{\"@type\":\"ListItem\",\"position\":2,\"name\":\"Universidad de Caldas fortalece su liderazgo territorial en programa de impacto colectivo en Medell\u00edn\"}]},{\"@type\":\"WebSite\",\"@id\":\"https:\\\/\\\/www.ucaldas.edu.co\\\/portal\\\/#website\",\"url\":\"https:\\\/\\\/www.ucaldas.edu.co\\\/portal\\\/\",\"name\":\"Universidad de Caldas\",\"description\":\"\",\"publisher\":{\"@id\":\"https:\\\/\\\/www.ucaldas.edu.co\\\/portal\\\/#organization\"},\"alternateName\":\"U. de Caldas\",\"potentialAction\":[{\"@type\":\"SearchAction\",\"target\":{\"@type\":\"EntryPoint\",\"urlTemplate\":\"https:\\\/\\\/www.ucaldas.edu.co\\\/portal\\\/?s={search_term_string}\"},\"query-input\":{\"@type\":\"PropertyValueSpecification\",\"valueRequired\":true,\"valueName\":\"search_term_string\"}}],\"inLanguage\":\"es\"},{\"@type\":\"Organization\",\"@id\":\"https:\\\/\\\/www.ucaldas.edu.co\\\/portal\\\/#organization\",\"name\":\"Universidad de Caldas\",\"alternateName\":\"U. de Caldas\",\"url\":\"https:\\\/\\\/www.ucaldas.edu.co\\\/portal\\\/\",\"logo\":{\"@type\":\"ImageObject\",\"inLanguage\":\"es\",\"@id\":\"https:\\\/\\\/www.ucaldas.edu.co\\\/portal\\\/#\\\/schema\\\/logo\\\/image\\\/\",\"url\":\"https:\\\/\\\/www.ucaldas.edu.co\\\/portal\\\/wp-content\\\/uploads\\\/2023\\\/11\\\/Logo_horizontal_oscuroU-2023.png\",\"contentUrl\":\"https:\\\/\\\/www.ucaldas.edu.co\\\/portal\\\/wp-content\\\/uploads\\\/2023\\\/11\\\/Logo_horizontal_oscuroU-2023.png\",\"width\":263,\"height\":101,\"caption\":\"Universidad de Caldas\"},\"image\":{\"@id\":\"https:\\\/\\\/www.ucaldas.edu.co\\\/portal\\\/#\\\/schema\\\/logo\\\/image\\\/\"},\"sameAs\":[\"https:\\\/\\\/www.facebook.com\\\/udecaldas\",\"https:\\\/\\\/x.com\\\/udecaldas\",\"https:\\\/\\\/www.youtube.com\\\/universidadcaldas\",\"https:\\\/\\\/www.instagram.com\\\/udecaldas\\\/\"]},{\"@type\":\"Person\",\"@id\":\"https:\\\/\\\/www.ucaldas.edu.co\\\/portal\\\/#\\\/schema\\\/person\\\/a1b482e23449158b4bc319926c074fdf\",\"name\":\"ofiprensa\",\"image\":{\"@type\":\"ImageObject\",\"inLanguage\":\"es\",\"@id\":\"https:\\\/\\\/www.ucaldas.edu.co\\\/portal\\\/wp-content\\\/litespeed\\\/avatar\\\/09ea5085e600095a7a811142c6944527.jpg?ver=1777497608\",\"url\":\"https:\\\/\\\/www.ucaldas.edu.co\\\/portal\\\/wp-content\\\/litespeed\\\/avatar\\\/09ea5085e600095a7a811142c6944527.jpg?ver=1777497608\",\"contentUrl\":\"https:\\\/\\\/www.ucaldas.edu.co\\\/portal\\\/wp-content\\\/litespeed\\\/avatar\\\/09ea5085e600095a7a811142c6944527.jpg?ver=1777497608\",\"caption\":\"ofiprensa\"},\"url\":\"https:\\\/\\\/www.ucaldas.edu.co\\\/portal\\\/author\\\/ofiprensa\\\/\"}]}<\/script>\n<!-- \/ Yoast SEO plugin. -->","yoast_head_json":{"title":"Universidad de Caldas fortalece su liderazgo territorial en programa de impacto colectivo en Medell\u00edn .","robots":{"index":"index","follow":"follow","max-snippet":"max-snippet:-1","max-image-preview":"max-image-preview:large","max-video-preview":"max-video-preview:-1"},"canonical":"https:\/\/www.ucaldas.edu.co\/portal\/universidad-de-caldas-fortalece-su-liderazgo-territorial-en-programa-de-impacto-colectivo-en-medellin\/","schema":{"@context":"https:\/\/schema.org","@graph":[{"@type":"Article","@id":"https:\/\/www.ucaldas.edu.co\/portal\/universidad-de-caldas-fortalece-su-liderazgo-territorial-en-programa-de-impacto-colectivo-en-medellin\/#article","isPartOf":{"@id":"https:\/\/www.ucaldas.edu.co\/portal\/universidad-de-caldas-fortalece-su-liderazgo-territorial-en-programa-de-impacto-colectivo-en-medellin\/"},"author":{"name":"ofiprensa","@id":"https:\/\/www.ucaldas.edu.co\/portal\/#\/schema\/person\/a1b482e23449158b4bc319926c074fdf"},"headline":"Universidad de Caldas fortalece su liderazgo territorial en programa de impacto colectivo en Medell\u00edn","datePublished":"2026-04-08T20:38:54+00:00","mainEntityOfPage":{"@id":"https:\/\/www.ucaldas.edu.co\/portal\/universidad-de-caldas-fortalece-su-liderazgo-territorial-en-programa-de-impacto-colectivo-en-medellin\/"},"wordCount":632,"publisher":{"@id":"https:\/\/www.ucaldas.edu.co\/portal\/#organization"},"image":{"@id":"https:\/\/www.ucaldas.edu.co\/portal\/universidad-de-caldas-fortalece-su-liderazgo-territorial-en-programa-de-impacto-colectivo-en-medellin\/#primaryimage"},"thumbnailUrl":"https:\/\/www.ucaldas.edu.co\/portal\/wp-content\/uploads\/2026\/04\/Portada-2-e1775680526389.jpeg","keywords":["Fundaci\u00f3n Luker","eafit"],"articleSection":["Actualidad","Universidad al D\u00eda"],"inLanguage":"es"},{"@type":"WebPage","@id":"https:\/\/www.ucaldas.edu.co\/portal\/universidad-de-caldas-fortalece-su-liderazgo-territorial-en-programa-de-impacto-colectivo-en-medellin\/","url":"https:\/\/www.ucaldas.edu.co\/portal\/universidad-de-caldas-fortalece-su-liderazgo-territorial-en-programa-de-impacto-colectivo-en-medellin\/","name":"Universidad de Caldas fortalece su liderazgo territorial en programa de impacto colectivo en Medell\u00edn .","isPartOf":{"@id":"https:\/\/www.ucaldas.edu.co\/portal\/#website"},"primaryImageOfPage":{"@id":"https:\/\/www.ucaldas.edu.co\/portal\/universidad-de-caldas-fortalece-su-liderazgo-territorial-en-programa-de-impacto-colectivo-en-medellin\/#primaryimage"},"image":{"@id":"https:\/\/www.ucaldas.edu.co\/portal\/universidad-de-caldas-fortalece-su-liderazgo-territorial-en-programa-de-impacto-colectivo-en-medellin\/#primaryimage"},"thumbnailUrl":"https:\/\/www.ucaldas.edu.co\/portal\/wp-content\/uploads\/2026\/04\/Portada-2-e1775680526389.jpeg","datePublished":"2026-04-08T20:38:54+00:00","breadcrumb":{"@id":"https:\/\/www.ucaldas.edu.co\/portal\/universidad-de-caldas-fortalece-su-liderazgo-territorial-en-programa-de-impacto-colectivo-en-medellin\/#breadcrumb"},"inLanguage":"es","potentialAction":[{"@type":"ReadAction","target":["https:\/\/www.ucaldas.edu.co\/portal\/universidad-de-caldas-fortalece-su-liderazgo-territorial-en-programa-de-impacto-colectivo-en-medellin\/"]}]},{"@type":"ImageObject","inLanguage":"es","@id":"https:\/\/www.ucaldas.edu.co\/portal\/universidad-de-caldas-fortalece-su-liderazgo-territorial-en-programa-de-impacto-colectivo-en-medellin\/#primaryimage","url":"https:\/\/www.ucaldas.edu.co\/portal\/wp-content\/uploads\/2026\/04\/Portada-2-e1775680526389.jpeg","contentUrl":"https:\/\/www.ucaldas.edu.co\/portal\/wp-content\/uploads\/2026\/04\/Portada-2-e1775680526389.jpeg","width":900,"height":506,"caption":"U. Caldas fortalece el liderazgo"},{"@type":"BreadcrumbList","@id":"https:\/\/www.ucaldas.edu.co\/portal\/universidad-de-caldas-fortalece-su-liderazgo-territorial-en-programa-de-impacto-colectivo-en-medellin\/#breadcrumb","itemListElement":[{"@type":"ListItem","position":1,"name":"Portada","item":"https:\/\/www.ucaldas.edu.co\/portal\/"},{"@type":"ListItem","position":2,"name":"Universidad de Caldas fortalece su liderazgo territorial en programa de impacto colectivo en Medell\u00edn"}]},{"@type":"WebSite","@id":"https:\/\/www.ucaldas.edu.co\/portal\/#website","url":"https:\/\/www.ucaldas.edu.co\/portal\/","name":"Universidad de Caldas","description":"","publisher":{"@id":"https:\/\/www.ucaldas.edu.co\/portal\/#organization"},"alternateName":"U. de Caldas","potentialAction":[{"@type":"SearchAction","target":{"@type":"EntryPoint","urlTemplate":"https:\/\/www.ucaldas.edu.co\/portal\/?s={search_term_string}"},"query-input":{"@type":"PropertyValueSpecification","valueRequired":true,"valueName":"search_term_string"}}],"inLanguage":"es"},{"@type":"Organization","@id":"https:\/\/www.ucaldas.edu.co\/portal\/#organization","name":"Universidad de Caldas","alternateName":"U. de Caldas","url":"https:\/\/www.ucaldas.edu.co\/portal\/","logo":{"@type":"ImageObject","inLanguage":"es","@id":"https:\/\/www.ucaldas.edu.co\/portal\/#\/schema\/logo\/image\/","url":"https:\/\/www.ucaldas.edu.co\/portal\/wp-content\/uploads\/2023\/11\/Logo_horizontal_oscuroU-2023.png","contentUrl":"https:\/\/www.ucaldas.edu.co\/portal\/wp-content\/uploads\/2023\/11\/Logo_horizontal_oscuroU-2023.png","width":263,"height":101,"caption":"Universidad de Caldas"},"image":{"@id":"https:\/\/www.ucaldas.edu.co\/portal\/#\/schema\/logo\/image\/"},"sameAs":["https:\/\/www.facebook.com\/udecaldas","https:\/\/x.com\/udecaldas","https:\/\/www.youtube.com\/universidadcaldas","https:\/\/www.instagram.com\/udecaldas\/"]},{"@type":"Person","@id":"https:\/\/www.ucaldas.edu.co\/portal\/#\/schema\/person\/a1b482e23449158b4bc319926c074fdf","name":"ofiprensa","image":{"@type":"ImageObject","inLanguage":"es","@id":"https:\/\/www.ucaldas.edu.co\/portal\/wp-content\/litespeed\/avatar\/09ea5085e600095a7a811142c6944527.jpg?ver=1777497608","url":"https:\/\/www.ucaldas.edu.co\/portal\/wp-content\/litespeed\/avatar\/09ea5085e600095a7a811142c6944527.jpg?ver=1777497608","contentUrl":"https:\/\/www.ucaldas.edu.co\/portal\/wp-content\/litespeed\/avatar\/09ea5085e600095a7a811142c6944527.jpg?ver=1777497608","caption":"ofiprensa"},"url":"https:\/\/www.ucaldas.edu.co\/portal\/author\/ofiprensa\/"}]}},"_links":{"self":[{"href":"https:\/\/www.ucaldas.edu.co\/portal\/wp-json\/wp\/v2\/posts\/103578","targetHints":{"allow":["GET"]}}],"collection":[{"href":"https:\/\/www.ucaldas.edu.co\/portal\/wp-json\/wp\/v2\/posts"}],"about":[{"href":"https:\/\/www.ucaldas.edu.co\/portal\/wp-json\/wp\/v2\/types\/post"}],"author":[{"embeddable":true,"href":"https:\/\/www.ucaldas.edu.co\/portal\/wp-json\/wp\/v2\/users\/2"}],"replies":[{"embeddable":true,"href":"https:\/\/www.ucaldas.edu.co\/portal\/wp-json\/wp\/v2\/comments?post=103578"}],"version-history":[{"count":1,"href":"https:\/\/www.ucaldas.edu.co\/portal\/wp-json\/wp\/v2\/posts\/103578\/revisions"}],"predecessor-version":[{"id":103584,"href":"https:\/\/www.ucaldas.edu.co\/portal\/wp-json\/wp\/v2\/posts\/103578\/revisions\/103584"}],"wp:featuredmedia":[{"embeddable":true,"href":"https:\/\/www.ucaldas.edu.co\/portal\/wp-json\/wp\/v2\/media\/103580"}],"wp:attachment":[{"href":"https:\/\/www.ucaldas.edu.co\/portal\/wp-json\/wp\/v2\/media?parent=103578"}],"wp:term":[{"taxonomy":"category","embeddable":true,"href":"https:\/\/www.ucaldas.edu.co\/portal\/wp-json\/wp\/v2\/categories?post=103578"},{"taxonomy":"post_tag","embeddable":true,"href":"https:\/\/www.ucaldas.edu.co\/portal\/wp-json\/wp\/v2\/tags?post=103578"}],"curies":[{"name":"wp","href":"https:\/\/api.w.org\/{rel}","templated":true}]}}