{"id":103567,"date":"2026-04-08T15:31:35","date_gmt":"2026-04-08T20:31:35","guid":{"rendered":"https:\/\/www.ucaldas.edu.co\/portal\/?p=103567"},"modified":"2026-04-08T15:32:23","modified_gmt":"2026-04-08T20:32:23","slug":"hackathon-en-accion-talento-que-une-territorios","status":"publish","type":"post","link":"https:\/\/www.ucaldas.edu.co\/portal\/hackathon-en-accion-talento-que-une-territorios\/","title":{"rendered":"Hackathon en Acci\u00f3n: Talento que une territorios"},"content":{"rendered":"<div class=\"wpb-content-wrapper\"><p>[vc_row][vc_column][vc_column_text]<img loading=\"lazy\" decoding=\"async\" class=\"alignnone wp-image-103568 size-full\" src=\"https:\/\/www.ucaldas.edu.co\/portal\/wp-content\/uploads\/2026\/04\/4-2-e1775680070749.png\" alt=\"Hackathon\" width=\"900\" height=\"1125\" \/><\/p>\n<p style=\"text-align: justify;\">La Hackathon Talento Tech puso en marcha su edici\u00f3n 2026, consolid\u00e1ndose como un espacio clave para poner a prueba el talento de los campistas tech de la Regi\u00f3n 2. A trav\u00e9s retos reales planteados por la empresa aliada CloudLabs Learning, compa\u00f1\u00eda colombiana experta en el desarrollo e implementaci\u00f3n de recursos educativos tecnol\u00f3gicos, los participantes llevaron sus conocimientos al mundo real, enfrent\u00e1ndose a desaf\u00edos que no solo potencian sus habilidades, sino que tambi\u00e9n les abren las puertas a nuevas oportunidades laborales y profesionales.<!--more--><\/p>\n<p style=\"text-align: justify;\">Manizales fue el epicentro para desarrollar el reto en Inteligencia Artificial y la Universidad de Caldas el escenario principal. En esta jornada participaron cerca de 45 campistas tech, organizados en 10 equipos presenciales y 7 virtuales, quienes vivieron una intensa jornada de creaci\u00f3n, ingenio y trabajo colaborativo durante aproximadamente 8 horas.<\/p>\n<p style=\"text-align: justify;\"><strong>EL RETO<\/strong><\/p>\n<p style=\"text-align: justify;\">Desarrollar\u00a0 un\u00a0 Co-piloto\u00a0 de\u00a0 Marketing\u00a0 impulsado\u00a0 por\u00a0 an\u00e1lisis de\u00a0 datos\u00a0 e\u00a0 inteligencia\u00a0 artificial,\u00a0 capaz\u00a0 de\u00a0 traducir\u00a0 preguntas\u00a0 en\u00a0 lenguaje\u00a0 natural sobre\u00a0 el\u00a0 comportamiento\u00a0 de\u00a0 los\u00a0 usuarios\u00a0 en\u00a0 la\u00a0 web\u00a0 y\u00a0 responderlas autom\u00e1ticamente\u00a0 con\u00a0 m\u00e9tricas\u00a0 e\u00a0 insights\u00a0 claros.\u00a0 La\u00a0 meta\u00a0 era construir\u00a0 una herramienta\u00a0 que\u00a0 simplifique\u00a0 el\u00a0 acceso\u00a0 a\u00a0 la\u00a0 inteligencia\u00a0 digital\u00a0 y\u00a0 acelere\u00a0 la\u00a0 toma de decisiones estrat\u00e9gicas del equipo de marketing.<\/p>\n<p style=\"text-align: justify;\">Luego de un proceso de an\u00e1lisis, trabajo colaborativo y creatividad, el jurado evalu\u00f3 las propuestas y eligi\u00f3 a los equipos ganadores:<\/p>\n<p style=\"text-align: justify;\"><strong>GANADORES MODALIDAD PRESENCIAL:<\/strong><\/p>\n<ul style=\"text-align: justify;\">\n<li>Data Team<\/li>\n<li>Nexo<\/li>\n<li>Whoamy<\/li>\n<\/ul>\n<p style=\"text-align: justify;\"><strong>GANADORES MODALIDAD VIRTUAL:<\/strong><\/p>\n<ul style=\"text-align: justify;\">\n<li>Sintaxis<\/li>\n<li>Ada Loves<\/li>\n<li>Prompt<\/li>\n<\/ul>\n<p style=\"text-align: justify;\">Por su parte, Pereira &#8211; con la Universidad Libre como escenario &#8211; fue sede del reto de Ciberseguridad, donde participaron cerca de 30 campistas, organizados en 9 equipos virtuales y 2 presenciales.<\/p>\n<p style=\"text-align: justify;\"><strong>EL RETO<\/strong><\/p>\n<p style=\"text-align: justify;\">Desarrollar\u00a0 en\u00a0 8\u00a0 horas\u00a0 un\u00a0 MVP\u00a0 (Producto\u00a0 M\u00ednimo\u00a0 Viable)\u00a0 que\u00a0 permitiera\u00a0 analizar\u00a0 uno o\u00a0 varios\u00a0 servidores\u00a0 web,\u00a0 detectar\u00a0 configuraciones\u00a0 TLS\u00a0 inseguras\u00a0 y\u00a0 generar\u00a0 un reporte\u00a0 t\u00e9cnico\u00a0 comprensible\u00a0 que\u00a0 apoye\u00a0 la\u00a0 evaluaci\u00f3n\u00a0 y\u00a0 mejora\u00a0 de\u00a0 la\u00a0 postura\u00a0 de seguridad de servicios expuestos a internet.<\/p>\n<p style=\"text-align: justify;\">Luego de una evaluaci\u00f3n exhaustiva por parte de los jurados los equipos ganadores fueron:<\/p>\n<p style=\"text-align: justify;\"><strong>GANADORES MODALIDAD PRESENCIAL:<\/strong><\/p>\n<ul style=\"text-align: justify;\">\n<li>AetherionShield<\/li>\n<li>Sandbox<\/li>\n<li>IPV6<\/li>\n<\/ul>\n<p style=\"text-align: justify;\"><strong>GANADORES MODALIDAD VIRTUAL:<\/strong><\/p>\n<ul style=\"text-align: justify;\">\n<li>Binarios<\/li>\n<li>Error de capa 8<\/li>\n<\/ul>\n<p style=\"text-align: justify;\">Luis Fernando Castillo Ossa, Coordinador de Talento Tech, destac\u00f3 en cuanto al reto de Inteligencia Artificial: \u201cEste reto articulado con la empresa aliada CloudLabs Learning, nos permiti\u00f3 que los campistas pudieran simular todo un motor de inferencia, de conocimiento y anal\u00edtica para todo lo que tiene que ver con trazabilidad en una p\u00e1gina web. Nuestros campistas desarrollaron no solo una interacci\u00f3n a trav\u00e9s de un lenguaje natural, sino que accedieron a los datos y los mostraron de una manera bonita y eficiente\u201d.<\/p>\n<p style=\"text-align: justify;\">Por otro lado, frente al reto de Ciberseguridad, se\u00f1al\u00f3: \u201cEstamos muy contentos de que la Universidad Libre haya sido nuestra anfitriona. Queremos probar las competencias de nuestros chicos en t\u00e9rminos de protocolos seguros, como se accede a la informaci\u00f3n, que habilidades hay que tener en cuenta, para desarrollar una herramienta computacional, que le permita a la empresa detectar ciertas vulnerabilidades\u201d.<\/p>\n<p style=\"text-align: justify;\">Por su parte, Daniel Parra, Gerente del Departamento de Ingenier\u00eda de CloudLabs Learning, mencion\u00f3: \u201cHoy estamos acompa\u00f1ando a la Hackathon Talento Tech, hemos podido encontrar muy buenos talentos, muy buenas soluciones al planteamiento de los retos que nosotros proponemos como empresa y estamos haciendo todo un an\u00e1lisis de estos perfiles, de estos campistas que tienen mucho talento, que pueden enriquecer mucho nuestro talento humano dentro de la compa\u00f1\u00eda\u201d.<\/p>\n<p style=\"text-align: justify;\">La Hackathon Talento Tech 2026 mantiene su compromiso con el fortalecimiento del talento digital en la regi\u00f3n, conectando conocimiento, innovaci\u00f3n y oportunidades reales.<\/p>\n<p>[\/vc_column_text][vc_images_carousel images=\u00bb103569,103570,103571,103572,103573,103574,103575&#8243; img_size=\u00bbfull\u00bb css=\u00bb\u00bb title=\u00bbGaler\u00eda de fotos\u00bb][\/vc_column][\/vc_row]<\/p>\n<\/div>","protected":false},"excerpt":{"rendered":"<p>[vc_row][vc_column][vc_column_text] La Hackathon Talento Tech puso en marcha su edici\u00f3n 2026, consolid\u00e1ndose como un espacio clave para poner a prueba el talento de los campistas tech de la Regi\u00f3n 2. A trav\u00e9s retos reales planteados por la empresa aliada CloudLabs Learning, compa\u00f1\u00eda colombiana experta en el desarrollo e implementaci\u00f3n de recursos educativos tecnol\u00f3gicos, los participantes [&hellip;]<\/p>\n","protected":false},"author":2,"featured_media":103568,"comment_status":"closed","ping_status":"open","sticky":false,"template":"","format":"standard","meta":{"footnotes":""},"categories":[48,53],"tags":[9814,9976],"class_list":["post-103567","post","type-post","status-publish","format-standard","has-post-thumbnail","hentry","category-actualidad","category-universidad-al-dia","tag-talento-tech","tag-hackathon"],"yoast_head":"<!-- This site is optimized with the Yoast SEO plugin v27.5 - https:\/\/yoast.com\/product\/yoast-seo-wordpress\/ -->\n<title>Hackathon en Acci\u00f3n: Talento que une territorios .<\/title>\n<meta name=\"robots\" content=\"index, follow, max-snippet:-1, max-image-preview:large, max-video-preview:-1\" \/>\n<link rel=\"canonical\" href=\"https:\/\/www.ucaldas.edu.co\/portal\/hackathon-en-accion-talento-que-une-territorios\/\" \/>\n<script type=\"application\/ld+json\" class=\"yoast-schema-graph\">{\"@context\":\"https:\\\/\\\/schema.org\",\"@graph\":[{\"@type\":\"Article\",\"@id\":\"https:\\\/\\\/www.ucaldas.edu.co\\\/portal\\\/hackathon-en-accion-talento-que-une-territorios\\\/#article\",\"isPartOf\":{\"@id\":\"https:\\\/\\\/www.ucaldas.edu.co\\\/portal\\\/hackathon-en-accion-talento-que-une-territorios\\\/\"},\"author\":{\"name\":\"ofiprensa\",\"@id\":\"https:\\\/\\\/www.ucaldas.edu.co\\\/portal\\\/#\\\/schema\\\/person\\\/a1b482e23449158b4bc319926c074fdf\"},\"headline\":\"Hackathon en Acci\u00f3n: Talento que une territorios\",\"datePublished\":\"2026-04-08T20:31:35+00:00\",\"dateModified\":\"2026-04-08T20:32:23+00:00\",\"mainEntityOfPage\":{\"@id\":\"https:\\\/\\\/www.ucaldas.edu.co\\\/portal\\\/hackathon-en-accion-talento-que-une-territorios\\\/\"},\"wordCount\":626,\"publisher\":{\"@id\":\"https:\\\/\\\/www.ucaldas.edu.co\\\/portal\\\/#organization\"},\"image\":{\"@id\":\"https:\\\/\\\/www.ucaldas.edu.co\\\/portal\\\/hackathon-en-accion-talento-que-une-territorios\\\/#primaryimage\"},\"thumbnailUrl\":\"https:\\\/\\\/www.ucaldas.edu.co\\\/portal\\\/wp-content\\\/uploads\\\/2026\\\/04\\\/4-2-e1775680070749.png\",\"keywords\":[\"talento tech\",\"Hackathon\"],\"articleSection\":[\"Actualidad\",\"Universidad al D\u00eda\"],\"inLanguage\":\"es\"},{\"@type\":\"WebPage\",\"@id\":\"https:\\\/\\\/www.ucaldas.edu.co\\\/portal\\\/hackathon-en-accion-talento-que-une-territorios\\\/\",\"url\":\"https:\\\/\\\/www.ucaldas.edu.co\\\/portal\\\/hackathon-en-accion-talento-que-une-territorios\\\/\",\"name\":\"Hackathon en Acci\u00f3n: Talento que une territorios .\",\"isPartOf\":{\"@id\":\"https:\\\/\\\/www.ucaldas.edu.co\\\/portal\\\/#website\"},\"primaryImageOfPage\":{\"@id\":\"https:\\\/\\\/www.ucaldas.edu.co\\\/portal\\\/hackathon-en-accion-talento-que-une-territorios\\\/#primaryimage\"},\"image\":{\"@id\":\"https:\\\/\\\/www.ucaldas.edu.co\\\/portal\\\/hackathon-en-accion-talento-que-une-territorios\\\/#primaryimage\"},\"thumbnailUrl\":\"https:\\\/\\\/www.ucaldas.edu.co\\\/portal\\\/wp-content\\\/uploads\\\/2026\\\/04\\\/4-2-e1775680070749.png\",\"datePublished\":\"2026-04-08T20:31:35+00:00\",\"dateModified\":\"2026-04-08T20:32:23+00:00\",\"breadcrumb\":{\"@id\":\"https:\\\/\\\/www.ucaldas.edu.co\\\/portal\\\/hackathon-en-accion-talento-que-une-territorios\\\/#breadcrumb\"},\"inLanguage\":\"es\",\"potentialAction\":[{\"@type\":\"ReadAction\",\"target\":[\"https:\\\/\\\/www.ucaldas.edu.co\\\/portal\\\/hackathon-en-accion-talento-que-une-territorios\\\/\"]}]},{\"@type\":\"ImageObject\",\"inLanguage\":\"es\",\"@id\":\"https:\\\/\\\/www.ucaldas.edu.co\\\/portal\\\/hackathon-en-accion-talento-que-une-territorios\\\/#primaryimage\",\"url\":\"https:\\\/\\\/www.ucaldas.edu.co\\\/portal\\\/wp-content\\\/uploads\\\/2026\\\/04\\\/4-2-e1775680070749.png\",\"contentUrl\":\"https:\\\/\\\/www.ucaldas.edu.co\\\/portal\\\/wp-content\\\/uploads\\\/2026\\\/04\\\/4-2-e1775680070749.png\",\"width\":900,\"height\":1125,\"caption\":\"Hackathon\"},{\"@type\":\"BreadcrumbList\",\"@id\":\"https:\\\/\\\/www.ucaldas.edu.co\\\/portal\\\/hackathon-en-accion-talento-que-une-territorios\\\/#breadcrumb\",\"itemListElement\":[{\"@type\":\"ListItem\",\"position\":1,\"name\":\"Portada\",\"item\":\"https:\\\/\\\/www.ucaldas.edu.co\\\/portal\\\/\"},{\"@type\":\"ListItem\",\"position\":2,\"name\":\"Hackathon en Acci\u00f3n: Talento que une territorios\"}]},{\"@type\":\"WebSite\",\"@id\":\"https:\\\/\\\/www.ucaldas.edu.co\\\/portal\\\/#website\",\"url\":\"https:\\\/\\\/www.ucaldas.edu.co\\\/portal\\\/\",\"name\":\"Universidad de Caldas\",\"description\":\"\",\"publisher\":{\"@id\":\"https:\\\/\\\/www.ucaldas.edu.co\\\/portal\\\/#organization\"},\"alternateName\":\"U. de Caldas\",\"potentialAction\":[{\"@type\":\"SearchAction\",\"target\":{\"@type\":\"EntryPoint\",\"urlTemplate\":\"https:\\\/\\\/www.ucaldas.edu.co\\\/portal\\\/?s={search_term_string}\"},\"query-input\":{\"@type\":\"PropertyValueSpecification\",\"valueRequired\":true,\"valueName\":\"search_term_string\"}}],\"inLanguage\":\"es\"},{\"@type\":\"Organization\",\"@id\":\"https:\\\/\\\/www.ucaldas.edu.co\\\/portal\\\/#organization\",\"name\":\"Universidad de Caldas\",\"alternateName\":\"U. de Caldas\",\"url\":\"https:\\\/\\\/www.ucaldas.edu.co\\\/portal\\\/\",\"logo\":{\"@type\":\"ImageObject\",\"inLanguage\":\"es\",\"@id\":\"https:\\\/\\\/www.ucaldas.edu.co\\\/portal\\\/#\\\/schema\\\/logo\\\/image\\\/\",\"url\":\"https:\\\/\\\/www.ucaldas.edu.co\\\/portal\\\/wp-content\\\/uploads\\\/2023\\\/11\\\/Logo_horizontal_oscuroU-2023.png\",\"contentUrl\":\"https:\\\/\\\/www.ucaldas.edu.co\\\/portal\\\/wp-content\\\/uploads\\\/2023\\\/11\\\/Logo_horizontal_oscuroU-2023.png\",\"width\":263,\"height\":101,\"caption\":\"Universidad de Caldas\"},\"image\":{\"@id\":\"https:\\\/\\\/www.ucaldas.edu.co\\\/portal\\\/#\\\/schema\\\/logo\\\/image\\\/\"},\"sameAs\":[\"https:\\\/\\\/www.facebook.com\\\/udecaldas\",\"https:\\\/\\\/x.com\\\/udecaldas\",\"https:\\\/\\\/www.youtube.com\\\/universidadcaldas\",\"https:\\\/\\\/www.instagram.com\\\/udecaldas\\\/\"]},{\"@type\":\"Person\",\"@id\":\"https:\\\/\\\/www.ucaldas.edu.co\\\/portal\\\/#\\\/schema\\\/person\\\/a1b482e23449158b4bc319926c074fdf\",\"name\":\"ofiprensa\",\"image\":{\"@type\":\"ImageObject\",\"inLanguage\":\"es\",\"@id\":\"https:\\\/\\\/www.ucaldas.edu.co\\\/portal\\\/wp-content\\\/litespeed\\\/avatar\\\/09ea5085e600095a7a811142c6944527.jpg?ver=1777497608\",\"url\":\"https:\\\/\\\/www.ucaldas.edu.co\\\/portal\\\/wp-content\\\/litespeed\\\/avatar\\\/09ea5085e600095a7a811142c6944527.jpg?ver=1777497608\",\"contentUrl\":\"https:\\\/\\\/www.ucaldas.edu.co\\\/portal\\\/wp-content\\\/litespeed\\\/avatar\\\/09ea5085e600095a7a811142c6944527.jpg?ver=1777497608\",\"caption\":\"ofiprensa\"},\"url\":\"https:\\\/\\\/www.ucaldas.edu.co\\\/portal\\\/author\\\/ofiprensa\\\/\"}]}<\/script>\n<!-- \/ Yoast SEO plugin. -->","yoast_head_json":{"title":"Hackathon en Acci\u00f3n: Talento que une territorios .","robots":{"index":"index","follow":"follow","max-snippet":"max-snippet:-1","max-image-preview":"max-image-preview:large","max-video-preview":"max-video-preview:-1"},"canonical":"https:\/\/www.ucaldas.edu.co\/portal\/hackathon-en-accion-talento-que-une-territorios\/","schema":{"@context":"https:\/\/schema.org","@graph":[{"@type":"Article","@id":"https:\/\/www.ucaldas.edu.co\/portal\/hackathon-en-accion-talento-que-une-territorios\/#article","isPartOf":{"@id":"https:\/\/www.ucaldas.edu.co\/portal\/hackathon-en-accion-talento-que-une-territorios\/"},"author":{"name":"ofiprensa","@id":"https:\/\/www.ucaldas.edu.co\/portal\/#\/schema\/person\/a1b482e23449158b4bc319926c074fdf"},"headline":"Hackathon en Acci\u00f3n: Talento que une territorios","datePublished":"2026-04-08T20:31:35+00:00","dateModified":"2026-04-08T20:32:23+00:00","mainEntityOfPage":{"@id":"https:\/\/www.ucaldas.edu.co\/portal\/hackathon-en-accion-talento-que-une-territorios\/"},"wordCount":626,"publisher":{"@id":"https:\/\/www.ucaldas.edu.co\/portal\/#organization"},"image":{"@id":"https:\/\/www.ucaldas.edu.co\/portal\/hackathon-en-accion-talento-que-une-territorios\/#primaryimage"},"thumbnailUrl":"https:\/\/www.ucaldas.edu.co\/portal\/wp-content\/uploads\/2026\/04\/4-2-e1775680070749.png","keywords":["talento tech","Hackathon"],"articleSection":["Actualidad","Universidad al D\u00eda"],"inLanguage":"es"},{"@type":"WebPage","@id":"https:\/\/www.ucaldas.edu.co\/portal\/hackathon-en-accion-talento-que-une-territorios\/","url":"https:\/\/www.ucaldas.edu.co\/portal\/hackathon-en-accion-talento-que-une-territorios\/","name":"Hackathon en Acci\u00f3n: Talento que une territorios .","isPartOf":{"@id":"https:\/\/www.ucaldas.edu.co\/portal\/#website"},"primaryImageOfPage":{"@id":"https:\/\/www.ucaldas.edu.co\/portal\/hackathon-en-accion-talento-que-une-territorios\/#primaryimage"},"image":{"@id":"https:\/\/www.ucaldas.edu.co\/portal\/hackathon-en-accion-talento-que-une-territorios\/#primaryimage"},"thumbnailUrl":"https:\/\/www.ucaldas.edu.co\/portal\/wp-content\/uploads\/2026\/04\/4-2-e1775680070749.png","datePublished":"2026-04-08T20:31:35+00:00","dateModified":"2026-04-08T20:32:23+00:00","breadcrumb":{"@id":"https:\/\/www.ucaldas.edu.co\/portal\/hackathon-en-accion-talento-que-une-territorios\/#breadcrumb"},"inLanguage":"es","potentialAction":[{"@type":"ReadAction","target":["https:\/\/www.ucaldas.edu.co\/portal\/hackathon-en-accion-talento-que-une-territorios\/"]}]},{"@type":"ImageObject","inLanguage":"es","@id":"https:\/\/www.ucaldas.edu.co\/portal\/hackathon-en-accion-talento-que-une-territorios\/#primaryimage","url":"https:\/\/www.ucaldas.edu.co\/portal\/wp-content\/uploads\/2026\/04\/4-2-e1775680070749.png","contentUrl":"https:\/\/www.ucaldas.edu.co\/portal\/wp-content\/uploads\/2026\/04\/4-2-e1775680070749.png","width":900,"height":1125,"caption":"Hackathon"},{"@type":"BreadcrumbList","@id":"https:\/\/www.ucaldas.edu.co\/portal\/hackathon-en-accion-talento-que-une-territorios\/#breadcrumb","itemListElement":[{"@type":"ListItem","position":1,"name":"Portada","item":"https:\/\/www.ucaldas.edu.co\/portal\/"},{"@type":"ListItem","position":2,"name":"Hackathon en Acci\u00f3n: Talento que une territorios"}]},{"@type":"WebSite","@id":"https:\/\/www.ucaldas.edu.co\/portal\/#website","url":"https:\/\/www.ucaldas.edu.co\/portal\/","name":"Universidad de Caldas","description":"","publisher":{"@id":"https:\/\/www.ucaldas.edu.co\/portal\/#organization"},"alternateName":"U. de Caldas","potentialAction":[{"@type":"SearchAction","target":{"@type":"EntryPoint","urlTemplate":"https:\/\/www.ucaldas.edu.co\/portal\/?s={search_term_string}"},"query-input":{"@type":"PropertyValueSpecification","valueRequired":true,"valueName":"search_term_string"}}],"inLanguage":"es"},{"@type":"Organization","@id":"https:\/\/www.ucaldas.edu.co\/portal\/#organization","name":"Universidad de Caldas","alternateName":"U. de Caldas","url":"https:\/\/www.ucaldas.edu.co\/portal\/","logo":{"@type":"ImageObject","inLanguage":"es","@id":"https:\/\/www.ucaldas.edu.co\/portal\/#\/schema\/logo\/image\/","url":"https:\/\/www.ucaldas.edu.co\/portal\/wp-content\/uploads\/2023\/11\/Logo_horizontal_oscuroU-2023.png","contentUrl":"https:\/\/www.ucaldas.edu.co\/portal\/wp-content\/uploads\/2023\/11\/Logo_horizontal_oscuroU-2023.png","width":263,"height":101,"caption":"Universidad de Caldas"},"image":{"@id":"https:\/\/www.ucaldas.edu.co\/portal\/#\/schema\/logo\/image\/"},"sameAs":["https:\/\/www.facebook.com\/udecaldas","https:\/\/x.com\/udecaldas","https:\/\/www.youtube.com\/universidadcaldas","https:\/\/www.instagram.com\/udecaldas\/"]},{"@type":"Person","@id":"https:\/\/www.ucaldas.edu.co\/portal\/#\/schema\/person\/a1b482e23449158b4bc319926c074fdf","name":"ofiprensa","image":{"@type":"ImageObject","inLanguage":"es","@id":"https:\/\/www.ucaldas.edu.co\/portal\/wp-content\/litespeed\/avatar\/09ea5085e600095a7a811142c6944527.jpg?ver=1777497608","url":"https:\/\/www.ucaldas.edu.co\/portal\/wp-content\/litespeed\/avatar\/09ea5085e600095a7a811142c6944527.jpg?ver=1777497608","contentUrl":"https:\/\/www.ucaldas.edu.co\/portal\/wp-content\/litespeed\/avatar\/09ea5085e600095a7a811142c6944527.jpg?ver=1777497608","caption":"ofiprensa"},"url":"https:\/\/www.ucaldas.edu.co\/portal\/author\/ofiprensa\/"}]}},"_links":{"self":[{"href":"https:\/\/www.ucaldas.edu.co\/portal\/wp-json\/wp\/v2\/posts\/103567","targetHints":{"allow":["GET"]}}],"collection":[{"href":"https:\/\/www.ucaldas.edu.co\/portal\/wp-json\/wp\/v2\/posts"}],"about":[{"href":"https:\/\/www.ucaldas.edu.co\/portal\/wp-json\/wp\/v2\/types\/post"}],"author":[{"embeddable":true,"href":"https:\/\/www.ucaldas.edu.co\/portal\/wp-json\/wp\/v2\/users\/2"}],"replies":[{"embeddable":true,"href":"https:\/\/www.ucaldas.edu.co\/portal\/wp-json\/wp\/v2\/comments?post=103567"}],"version-history":[{"count":2,"href":"https:\/\/www.ucaldas.edu.co\/portal\/wp-json\/wp\/v2\/posts\/103567\/revisions"}],"predecessor-version":[{"id":103577,"href":"https:\/\/www.ucaldas.edu.co\/portal\/wp-json\/wp\/v2\/posts\/103567\/revisions\/103577"}],"wp:featuredmedia":[{"embeddable":true,"href":"https:\/\/www.ucaldas.edu.co\/portal\/wp-json\/wp\/v2\/media\/103568"}],"wp:attachment":[{"href":"https:\/\/www.ucaldas.edu.co\/portal\/wp-json\/wp\/v2\/media?parent=103567"}],"wp:term":[{"taxonomy":"category","embeddable":true,"href":"https:\/\/www.ucaldas.edu.co\/portal\/wp-json\/wp\/v2\/categories?post=103567"},{"taxonomy":"post_tag","embeddable":true,"href":"https:\/\/www.ucaldas.edu.co\/portal\/wp-json\/wp\/v2\/tags?post=103567"}],"curies":[{"name":"wp","href":"https:\/\/api.w.org\/{rel}","templated":true}]}}