{"id":103165,"date":"2026-03-10T16:18:46","date_gmt":"2026-03-10T21:18:46","guid":{"rendered":"https:\/\/www.ucaldas.edu.co\/portal\/?p=103165"},"modified":"2026-03-10T17:08:16","modified_gmt":"2026-03-10T22:08:16","slug":"universidad-de-caldas-unica-institucion-de-america-presente-en-encuentro-academico-internacional","status":"publish","type":"post","link":"https:\/\/www.ucaldas.edu.co\/portal\/universidad-de-caldas-unica-institucion-de-america-presente-en-encuentro-academico-internacional\/","title":{"rendered":"Universidad de Caldas, \u00fanica instituci\u00f3n de Am\u00e9rica presente en encuentro acad\u00e9mico internacional"},"content":{"rendered":"<div class=\"wpb-content-wrapper\"><p>[vc_row][vc_column][vc_video link=\u00bbhttps:\/\/youtu.be\/9E1PvEj8ris\u00bb css=\u00bb\u00bb][vc_column_text]<\/p>\n<p style=\"text-align: justify;\">La Universidad de Caldas contin\u00faa fortaleciendo su presencia en escenarios acad\u00e9micos internacionales. En esta ocasi\u00f3n, desde la Universidad de Tesalia en Grecia, la decana de la Facultad de Artes y Humanidades, Germana Carolina Soler, participa en la importante beca Europa Horizont, un programa que re\u00fane representantes de los cinco continentes y que es reconocido como uno de los m\u00e1s grandes y prestigiosos del mundo.<!--more--><\/p>\n<p style=\"text-align: justify;\">Durante su estancia, que tendr\u00e1 una duraci\u00f3n de un mes, la acad\u00e9mica comparte experiencias y conocimientos con l\u00edderes, investigadores y representantes de diversas instituciones del mundo, en un espacio de intercambio que promueve el di\u00e1logo global, la cooperaci\u00f3n acad\u00e9mica y la construcci\u00f3n de redes internacionales.<\/p>\n<p style=\"text-align: justify;\">\u201cEn esta beca estamos participantes de los cinco continentes, con el privilegio de ser los \u00fanicos seleccionados por Am\u00e9rica Latina en uno de los programas m\u00e1s grandes que existen en el mundo. Y, por supuesto, no llegamos solo con nuestro nombre, estamos representando a la Universidad de Caldas\u201d, expres\u00f3 la decana.<\/p>\n<p style=\"text-align: justify;\">La participaci\u00f3n en este programa se da luego de un proceso de invitaci\u00f3n y selecci\u00f3n liderado por universidades internacionales que convocaron instituciones acad\u00e9micas de distintos continentes. La propuesta presentada desde Colombia, relacionada con el trabajo en lenguas nativas y procesos de investigaci\u00f3n, logr\u00f3 destacarse entre las iniciativas m\u00e1s competitivas del programa.<\/p>\n<p style=\"text-align: justify;\">Como parte de esta beca, las actividades se desarrollar\u00e1n en diferentes universidades y escenarios acad\u00e9micos del mundo. Adem\u00e1s, se proyecta que hacia finales de a\u00f1o la Universidad de Caldas sea anfitriona de algunas de las instituciones participantes, fortaleciendo as\u00ed los v\u00ednculos de cooperaci\u00f3n internacional.<\/p>\n<p style=\"text-align: justify;\">\u201cEs muy importante que Colombia siga atravesando fronteras a trav\u00e9s de la investigaci\u00f3n y la academia. Desde nuestra universidad estamos mostrando que el pa\u00eds es mucho m\u00e1s que estereotipos; somos fuertes en conocimiento, investigaci\u00f3n y trabajo acad\u00e9mico\u201d, concluy\u00f3 la decana.<\/p>\n<p style=\"text-align: justify;\"><strong>Anexo:\u00a0<\/strong><\/p>\n<p style=\"text-align: justify;\"><a href=\"https:\/\/www.ucaldas.edu.co\/portal\/wp-content\/uploads\/2026\/03\/Decana-Germana.mp3\"><strong>-Audio Decana Facultad de Artes y Humanidades, Germana Carolina Soler.<\/strong><\/a><\/p>\n<audio class=\"wp-audio-shortcode\" id=\"audio-103165-1\" preload=\"none\" style=\"width: 100%;\" controls=\"controls\"><source type=\"audio\/mpeg\" src=\"https:\/\/www.ucaldas.edu.co\/portal\/wp-content\/uploads\/2026\/03\/Decana-Germana.mp3?_=1\" \/><a href=\"https:\/\/www.ucaldas.edu.co\/portal\/wp-content\/uploads\/2026\/03\/Decana-Germana.mp3\">https:\/\/www.ucaldas.edu.co\/portal\/wp-content\/uploads\/2026\/03\/Decana-Germana.mp3<\/a><\/audio>\n<p style=\"text-align: justify;\"><a href=\"https:\/\/www.ucaldas.edu.co\/portal\/wp-content\/uploads\/2026\/03\/Merilyn-Meristo-PhD.mp3\"><strong>-Audio PhD Professor of Language Didactics Head of Foreign Language Teacher Master&#8217;s programme School of Humanities, Merilyn Meristo.\u00a0<\/strong><\/a><\/p>\n<audio class=\"wp-audio-shortcode\" id=\"audio-103165-2\" preload=\"none\" style=\"width: 100%;\" controls=\"controls\"><source type=\"audio\/mpeg\" src=\"https:\/\/www.ucaldas.edu.co\/portal\/wp-content\/uploads\/2026\/03\/Merilyn-Meristo-PhD.mp3?_=2\" \/><a href=\"https:\/\/www.ucaldas.edu.co\/portal\/wp-content\/uploads\/2026\/03\/Merilyn-Meristo-PhD.mp3\">https:\/\/www.ucaldas.edu.co\/portal\/wp-content\/uploads\/2026\/03\/Merilyn-Meristo-PhD.mp3<\/a><\/audio>\n<p>[\/vc_column_text][vc_images_carousel images=\u00bb103168,103169&#8243; img_size=\u00bbfull\u00bb css=\u00bb\u00bb title=\u00bbGaler\u00eda de fotos\u00bb][\/vc_column][\/vc_row]<\/p>\n<\/div>","protected":false},"excerpt":{"rendered":"<p>[vc_row][vc_column][vc_video link=\u00bbhttps:\/\/youtu.be\/9E1PvEj8ris\u00bb css=\u00bb\u00bb][vc_column_text] La Universidad de Caldas contin\u00faa fortaleciendo su presencia en escenarios acad\u00e9micos internacionales. En esta ocasi\u00f3n, desde la Universidad de Tesalia en Grecia, la decana de la Facultad de Artes y Humanidades, Germana Carolina Soler, participa en la importante beca Europa Horizont, un programa que re\u00fane representantes de los cinco continentes y que [&hellip;]<\/p>\n","protected":false},"author":2,"featured_media":103169,"comment_status":"closed","ping_status":"open","sticky":false,"template":"","format":"standard","meta":{"footnotes":""},"categories":[48,53,614],"tags":[10019,10020],"class_list":["post-103165","post","type-post","status-publish","format-standard","has-post-thumbnail","hentry","category-actualidad","category-universidad-al-dia","category-ucaldas-internacional","tag-beca-europa-horizonte","tag-evento-academico-internacional"],"yoast_head":"<!-- This site is optimized with the Yoast SEO plugin v27.5 - https:\/\/yoast.com\/product\/yoast-seo-wordpress\/ -->\n<title>Universidad de Caldas, \u00fanica instituci\u00f3n de Am\u00e9rica presente en encuentro acad\u00e9mico internacional .<\/title>\n<meta name=\"robots\" content=\"index, follow, max-snippet:-1, max-image-preview:large, max-video-preview:-1\" \/>\n<link rel=\"canonical\" href=\"https:\/\/www.ucaldas.edu.co\/portal\/universidad-de-caldas-unica-institucion-de-america-presente-en-encuentro-academico-internacional\/\" \/>\n<script type=\"application\/ld+json\" class=\"yoast-schema-graph\">{\"@context\":\"https:\\\/\\\/schema.org\",\"@graph\":[{\"@type\":\"Article\",\"@id\":\"https:\\\/\\\/www.ucaldas.edu.co\\\/portal\\\/universidad-de-caldas-unica-institucion-de-america-presente-en-encuentro-academico-internacional\\\/#article\",\"isPartOf\":{\"@id\":\"https:\\\/\\\/www.ucaldas.edu.co\\\/portal\\\/universidad-de-caldas-unica-institucion-de-america-presente-en-encuentro-academico-internacional\\\/\"},\"author\":{\"name\":\"ofiprensa\",\"@id\":\"https:\\\/\\\/www.ucaldas.edu.co\\\/portal\\\/#\\\/schema\\\/person\\\/a1b482e23449158b4bc319926c074fdf\"},\"headline\":\"Universidad de Caldas, \u00fanica instituci\u00f3n de Am\u00e9rica presente en encuentro acad\u00e9mico internacional\",\"datePublished\":\"2026-03-10T21:18:46+00:00\",\"dateModified\":\"2026-03-10T22:08:16+00:00\",\"mainEntityOfPage\":{\"@id\":\"https:\\\/\\\/www.ucaldas.edu.co\\\/portal\\\/universidad-de-caldas-unica-institucion-de-america-presente-en-encuentro-academico-internacional\\\/\"},\"wordCount\":435,\"publisher\":{\"@id\":\"https:\\\/\\\/www.ucaldas.edu.co\\\/portal\\\/#organization\"},\"image\":{\"@id\":\"https:\\\/\\\/www.ucaldas.edu.co\\\/portal\\\/universidad-de-caldas-unica-institucion-de-america-presente-en-encuentro-academico-internacional\\\/#primaryimage\"},\"thumbnailUrl\":\"https:\\\/\\\/www.ucaldas.edu.co\\\/portal\\\/wp-content\\\/uploads\\\/2026\\\/03\\\/Portada-Beca-e1773177421504.jpg\",\"keywords\":[\"beca europa Horizonte\",\"Evento acad\u00e9mico internacional\"],\"articleSection\":[\"Actualidad\",\"Universidad al D\u00eda\",\"Ucaldas Internacional\"],\"inLanguage\":\"es\"},{\"@type\":\"WebPage\",\"@id\":\"https:\\\/\\\/www.ucaldas.edu.co\\\/portal\\\/universidad-de-caldas-unica-institucion-de-america-presente-en-encuentro-academico-internacional\\\/\",\"url\":\"https:\\\/\\\/www.ucaldas.edu.co\\\/portal\\\/universidad-de-caldas-unica-institucion-de-america-presente-en-encuentro-academico-internacional\\\/\",\"name\":\"Universidad de Caldas, \u00fanica instituci\u00f3n de Am\u00e9rica presente en encuentro acad\u00e9mico internacional .\",\"isPartOf\":{\"@id\":\"https:\\\/\\\/www.ucaldas.edu.co\\\/portal\\\/#website\"},\"primaryImageOfPage\":{\"@id\":\"https:\\\/\\\/www.ucaldas.edu.co\\\/portal\\\/universidad-de-caldas-unica-institucion-de-america-presente-en-encuentro-academico-internacional\\\/#primaryimage\"},\"image\":{\"@id\":\"https:\\\/\\\/www.ucaldas.edu.co\\\/portal\\\/universidad-de-caldas-unica-institucion-de-america-presente-en-encuentro-academico-internacional\\\/#primaryimage\"},\"thumbnailUrl\":\"https:\\\/\\\/www.ucaldas.edu.co\\\/portal\\\/wp-content\\\/uploads\\\/2026\\\/03\\\/Portada-Beca-e1773177421504.jpg\",\"datePublished\":\"2026-03-10T21:18:46+00:00\",\"dateModified\":\"2026-03-10T22:08:16+00:00\",\"breadcrumb\":{\"@id\":\"https:\\\/\\\/www.ucaldas.edu.co\\\/portal\\\/universidad-de-caldas-unica-institucion-de-america-presente-en-encuentro-academico-internacional\\\/#breadcrumb\"},\"inLanguage\":\"es\",\"potentialAction\":[{\"@type\":\"ReadAction\",\"target\":[\"https:\\\/\\\/www.ucaldas.edu.co\\\/portal\\\/universidad-de-caldas-unica-institucion-de-america-presente-en-encuentro-academico-internacional\\\/\"]}]},{\"@type\":\"ImageObject\",\"inLanguage\":\"es\",\"@id\":\"https:\\\/\\\/www.ucaldas.edu.co\\\/portal\\\/universidad-de-caldas-unica-institucion-de-america-presente-en-encuentro-academico-internacional\\\/#primaryimage\",\"url\":\"https:\\\/\\\/www.ucaldas.edu.co\\\/portal\\\/wp-content\\\/uploads\\\/2026\\\/03\\\/Portada-Beca-e1773177421504.jpg\",\"contentUrl\":\"https:\\\/\\\/www.ucaldas.edu.co\\\/portal\\\/wp-content\\\/uploads\\\/2026\\\/03\\\/Portada-Beca-e1773177421504.jpg\",\"width\":900,\"height\":599,\"caption\":\"Beca Europa Horizonte\"},{\"@type\":\"BreadcrumbList\",\"@id\":\"https:\\\/\\\/www.ucaldas.edu.co\\\/portal\\\/universidad-de-caldas-unica-institucion-de-america-presente-en-encuentro-academico-internacional\\\/#breadcrumb\",\"itemListElement\":[{\"@type\":\"ListItem\",\"position\":1,\"name\":\"Portada\",\"item\":\"https:\\\/\\\/www.ucaldas.edu.co\\\/portal\\\/\"},{\"@type\":\"ListItem\",\"position\":2,\"name\":\"Universidad de Caldas, \u00fanica instituci\u00f3n de Am\u00e9rica presente en encuentro acad\u00e9mico internacional\"}]},{\"@type\":\"WebSite\",\"@id\":\"https:\\\/\\\/www.ucaldas.edu.co\\\/portal\\\/#website\",\"url\":\"https:\\\/\\\/www.ucaldas.edu.co\\\/portal\\\/\",\"name\":\"Universidad de Caldas\",\"description\":\"\",\"publisher\":{\"@id\":\"https:\\\/\\\/www.ucaldas.edu.co\\\/portal\\\/#organization\"},\"alternateName\":\"U. de Caldas\",\"potentialAction\":[{\"@type\":\"SearchAction\",\"target\":{\"@type\":\"EntryPoint\",\"urlTemplate\":\"https:\\\/\\\/www.ucaldas.edu.co\\\/portal\\\/?s={search_term_string}\"},\"query-input\":{\"@type\":\"PropertyValueSpecification\",\"valueRequired\":true,\"valueName\":\"search_term_string\"}}],\"inLanguage\":\"es\"},{\"@type\":\"Organization\",\"@id\":\"https:\\\/\\\/www.ucaldas.edu.co\\\/portal\\\/#organization\",\"name\":\"Universidad de Caldas\",\"alternateName\":\"U. de Caldas\",\"url\":\"https:\\\/\\\/www.ucaldas.edu.co\\\/portal\\\/\",\"logo\":{\"@type\":\"ImageObject\",\"inLanguage\":\"es\",\"@id\":\"https:\\\/\\\/www.ucaldas.edu.co\\\/portal\\\/#\\\/schema\\\/logo\\\/image\\\/\",\"url\":\"https:\\\/\\\/www.ucaldas.edu.co\\\/portal\\\/wp-content\\\/uploads\\\/2023\\\/11\\\/Logo_horizontal_oscuroU-2023.png\",\"contentUrl\":\"https:\\\/\\\/www.ucaldas.edu.co\\\/portal\\\/wp-content\\\/uploads\\\/2023\\\/11\\\/Logo_horizontal_oscuroU-2023.png\",\"width\":263,\"height\":101,\"caption\":\"Universidad de Caldas\"},\"image\":{\"@id\":\"https:\\\/\\\/www.ucaldas.edu.co\\\/portal\\\/#\\\/schema\\\/logo\\\/image\\\/\"},\"sameAs\":[\"https:\\\/\\\/www.facebook.com\\\/udecaldas\",\"https:\\\/\\\/x.com\\\/udecaldas\",\"https:\\\/\\\/www.youtube.com\\\/universidadcaldas\",\"https:\\\/\\\/www.instagram.com\\\/udecaldas\\\/\"]},{\"@type\":\"Person\",\"@id\":\"https:\\\/\\\/www.ucaldas.edu.co\\\/portal\\\/#\\\/schema\\\/person\\\/a1b482e23449158b4bc319926c074fdf\",\"name\":\"ofiprensa\",\"image\":{\"@type\":\"ImageObject\",\"inLanguage\":\"es\",\"@id\":\"https:\\\/\\\/www.ucaldas.edu.co\\\/portal\\\/wp-content\\\/litespeed\\\/avatar\\\/09ea5085e600095a7a811142c6944527.jpg?ver=1777497608\",\"url\":\"https:\\\/\\\/www.ucaldas.edu.co\\\/portal\\\/wp-content\\\/litespeed\\\/avatar\\\/09ea5085e600095a7a811142c6944527.jpg?ver=1777497608\",\"contentUrl\":\"https:\\\/\\\/www.ucaldas.edu.co\\\/portal\\\/wp-content\\\/litespeed\\\/avatar\\\/09ea5085e600095a7a811142c6944527.jpg?ver=1777497608\",\"caption\":\"ofiprensa\"},\"url\":\"https:\\\/\\\/www.ucaldas.edu.co\\\/portal\\\/author\\\/ofiprensa\\\/\"}]}<\/script>\n<!-- \/ Yoast SEO plugin. -->","yoast_head_json":{"title":"Universidad de Caldas, \u00fanica instituci\u00f3n de Am\u00e9rica presente en encuentro acad\u00e9mico internacional .","robots":{"index":"index","follow":"follow","max-snippet":"max-snippet:-1","max-image-preview":"max-image-preview:large","max-video-preview":"max-video-preview:-1"},"canonical":"https:\/\/www.ucaldas.edu.co\/portal\/universidad-de-caldas-unica-institucion-de-america-presente-en-encuentro-academico-internacional\/","schema":{"@context":"https:\/\/schema.org","@graph":[{"@type":"Article","@id":"https:\/\/www.ucaldas.edu.co\/portal\/universidad-de-caldas-unica-institucion-de-america-presente-en-encuentro-academico-internacional\/#article","isPartOf":{"@id":"https:\/\/www.ucaldas.edu.co\/portal\/universidad-de-caldas-unica-institucion-de-america-presente-en-encuentro-academico-internacional\/"},"author":{"name":"ofiprensa","@id":"https:\/\/www.ucaldas.edu.co\/portal\/#\/schema\/person\/a1b482e23449158b4bc319926c074fdf"},"headline":"Universidad de Caldas, \u00fanica instituci\u00f3n de Am\u00e9rica presente en encuentro acad\u00e9mico internacional","datePublished":"2026-03-10T21:18:46+00:00","dateModified":"2026-03-10T22:08:16+00:00","mainEntityOfPage":{"@id":"https:\/\/www.ucaldas.edu.co\/portal\/universidad-de-caldas-unica-institucion-de-america-presente-en-encuentro-academico-internacional\/"},"wordCount":435,"publisher":{"@id":"https:\/\/www.ucaldas.edu.co\/portal\/#organization"},"image":{"@id":"https:\/\/www.ucaldas.edu.co\/portal\/universidad-de-caldas-unica-institucion-de-america-presente-en-encuentro-academico-internacional\/#primaryimage"},"thumbnailUrl":"https:\/\/www.ucaldas.edu.co\/portal\/wp-content\/uploads\/2026\/03\/Portada-Beca-e1773177421504.jpg","keywords":["beca europa Horizonte","Evento acad\u00e9mico internacional"],"articleSection":["Actualidad","Universidad al D\u00eda","Ucaldas Internacional"],"inLanguage":"es"},{"@type":"WebPage","@id":"https:\/\/www.ucaldas.edu.co\/portal\/universidad-de-caldas-unica-institucion-de-america-presente-en-encuentro-academico-internacional\/","url":"https:\/\/www.ucaldas.edu.co\/portal\/universidad-de-caldas-unica-institucion-de-america-presente-en-encuentro-academico-internacional\/","name":"Universidad de Caldas, \u00fanica instituci\u00f3n de Am\u00e9rica presente en encuentro acad\u00e9mico internacional .","isPartOf":{"@id":"https:\/\/www.ucaldas.edu.co\/portal\/#website"},"primaryImageOfPage":{"@id":"https:\/\/www.ucaldas.edu.co\/portal\/universidad-de-caldas-unica-institucion-de-america-presente-en-encuentro-academico-internacional\/#primaryimage"},"image":{"@id":"https:\/\/www.ucaldas.edu.co\/portal\/universidad-de-caldas-unica-institucion-de-america-presente-en-encuentro-academico-internacional\/#primaryimage"},"thumbnailUrl":"https:\/\/www.ucaldas.edu.co\/portal\/wp-content\/uploads\/2026\/03\/Portada-Beca-e1773177421504.jpg","datePublished":"2026-03-10T21:18:46+00:00","dateModified":"2026-03-10T22:08:16+00:00","breadcrumb":{"@id":"https:\/\/www.ucaldas.edu.co\/portal\/universidad-de-caldas-unica-institucion-de-america-presente-en-encuentro-academico-internacional\/#breadcrumb"},"inLanguage":"es","potentialAction":[{"@type":"ReadAction","target":["https:\/\/www.ucaldas.edu.co\/portal\/universidad-de-caldas-unica-institucion-de-america-presente-en-encuentro-academico-internacional\/"]}]},{"@type":"ImageObject","inLanguage":"es","@id":"https:\/\/www.ucaldas.edu.co\/portal\/universidad-de-caldas-unica-institucion-de-america-presente-en-encuentro-academico-internacional\/#primaryimage","url":"https:\/\/www.ucaldas.edu.co\/portal\/wp-content\/uploads\/2026\/03\/Portada-Beca-e1773177421504.jpg","contentUrl":"https:\/\/www.ucaldas.edu.co\/portal\/wp-content\/uploads\/2026\/03\/Portada-Beca-e1773177421504.jpg","width":900,"height":599,"caption":"Beca Europa Horizonte"},{"@type":"BreadcrumbList","@id":"https:\/\/www.ucaldas.edu.co\/portal\/universidad-de-caldas-unica-institucion-de-america-presente-en-encuentro-academico-internacional\/#breadcrumb","itemListElement":[{"@type":"ListItem","position":1,"name":"Portada","item":"https:\/\/www.ucaldas.edu.co\/portal\/"},{"@type":"ListItem","position":2,"name":"Universidad de Caldas, \u00fanica instituci\u00f3n de Am\u00e9rica presente en encuentro acad\u00e9mico internacional"}]},{"@type":"WebSite","@id":"https:\/\/www.ucaldas.edu.co\/portal\/#website","url":"https:\/\/www.ucaldas.edu.co\/portal\/","name":"Universidad de Caldas","description":"","publisher":{"@id":"https:\/\/www.ucaldas.edu.co\/portal\/#organization"},"alternateName":"U. de Caldas","potentialAction":[{"@type":"SearchAction","target":{"@type":"EntryPoint","urlTemplate":"https:\/\/www.ucaldas.edu.co\/portal\/?s={search_term_string}"},"query-input":{"@type":"PropertyValueSpecification","valueRequired":true,"valueName":"search_term_string"}}],"inLanguage":"es"},{"@type":"Organization","@id":"https:\/\/www.ucaldas.edu.co\/portal\/#organization","name":"Universidad de Caldas","alternateName":"U. de Caldas","url":"https:\/\/www.ucaldas.edu.co\/portal\/","logo":{"@type":"ImageObject","inLanguage":"es","@id":"https:\/\/www.ucaldas.edu.co\/portal\/#\/schema\/logo\/image\/","url":"https:\/\/www.ucaldas.edu.co\/portal\/wp-content\/uploads\/2023\/11\/Logo_horizontal_oscuroU-2023.png","contentUrl":"https:\/\/www.ucaldas.edu.co\/portal\/wp-content\/uploads\/2023\/11\/Logo_horizontal_oscuroU-2023.png","width":263,"height":101,"caption":"Universidad de Caldas"},"image":{"@id":"https:\/\/www.ucaldas.edu.co\/portal\/#\/schema\/logo\/image\/"},"sameAs":["https:\/\/www.facebook.com\/udecaldas","https:\/\/x.com\/udecaldas","https:\/\/www.youtube.com\/universidadcaldas","https:\/\/www.instagram.com\/udecaldas\/"]},{"@type":"Person","@id":"https:\/\/www.ucaldas.edu.co\/portal\/#\/schema\/person\/a1b482e23449158b4bc319926c074fdf","name":"ofiprensa","image":{"@type":"ImageObject","inLanguage":"es","@id":"https:\/\/www.ucaldas.edu.co\/portal\/wp-content\/litespeed\/avatar\/09ea5085e600095a7a811142c6944527.jpg?ver=1777497608","url":"https:\/\/www.ucaldas.edu.co\/portal\/wp-content\/litespeed\/avatar\/09ea5085e600095a7a811142c6944527.jpg?ver=1777497608","contentUrl":"https:\/\/www.ucaldas.edu.co\/portal\/wp-content\/litespeed\/avatar\/09ea5085e600095a7a811142c6944527.jpg?ver=1777497608","caption":"ofiprensa"},"url":"https:\/\/www.ucaldas.edu.co\/portal\/author\/ofiprensa\/"}]}},"_links":{"self":[{"href":"https:\/\/www.ucaldas.edu.co\/portal\/wp-json\/wp\/v2\/posts\/103165","targetHints":{"allow":["GET"]}}],"collection":[{"href":"https:\/\/www.ucaldas.edu.co\/portal\/wp-json\/wp\/v2\/posts"}],"about":[{"href":"https:\/\/www.ucaldas.edu.co\/portal\/wp-json\/wp\/v2\/types\/post"}],"author":[{"embeddable":true,"href":"https:\/\/www.ucaldas.edu.co\/portal\/wp-json\/wp\/v2\/users\/2"}],"replies":[{"embeddable":true,"href":"https:\/\/www.ucaldas.edu.co\/portal\/wp-json\/wp\/v2\/comments?post=103165"}],"version-history":[{"count":3,"href":"https:\/\/www.ucaldas.edu.co\/portal\/wp-json\/wp\/v2\/posts\/103165\/revisions"}],"predecessor-version":[{"id":103189,"href":"https:\/\/www.ucaldas.edu.co\/portal\/wp-json\/wp\/v2\/posts\/103165\/revisions\/103189"}],"wp:featuredmedia":[{"embeddable":true,"href":"https:\/\/www.ucaldas.edu.co\/portal\/wp-json\/wp\/v2\/media\/103169"}],"wp:attachment":[{"href":"https:\/\/www.ucaldas.edu.co\/portal\/wp-json\/wp\/v2\/media?parent=103165"}],"wp:term":[{"taxonomy":"category","embeddable":true,"href":"https:\/\/www.ucaldas.edu.co\/portal\/wp-json\/wp\/v2\/categories?post=103165"},{"taxonomy":"post_tag","embeddable":true,"href":"https:\/\/www.ucaldas.edu.co\/portal\/wp-json\/wp\/v2\/tags?post=103165"}],"curies":[{"name":"wp","href":"https:\/\/api.w.org\/{rel}","templated":true}]}}