{"id":103017,"date":"2026-03-05T14:35:36","date_gmt":"2026-03-05T19:35:36","guid":{"rendered":"https:\/\/www.ucaldas.edu.co\/portal\/?p=103017"},"modified":"2026-03-05T14:45:51","modified_gmt":"2026-03-05T19:45:51","slug":"universidad-de-caldas-alcanza-916-puntos-en-transparencia-y-consolida-una-gestion-abierta-y-verificable","status":"publish","type":"post","link":"https:\/\/www.ucaldas.edu.co\/portal\/universidad-de-caldas-alcanza-916-puntos-en-transparencia-y-consolida-una-gestion-abierta-y-verificable\/","title":{"rendered":"Universidad de Caldas alcanza 91,6 puntos en Transparencia y consolida una gesti\u00f3n abierta y verificable"},"content":{"rendered":"<div class=\"wpb-content-wrapper\"><p>[vc_row][vc_column][vc_video link=\u00bbhttps:\/\/youtu.be\/8j0N-2Fo85g\u00bb css=\u00bb\u00bb][vc_column_text]<\/p>\n<p style=\"text-align: justify;\">La Universidad de Caldas alcanz\u00f3 91,6 puntos en la m\u00e1s reciente medici\u00f3n de la Pol\u00edtica de Transparencia, consolid\u00e1ndose como una instituci\u00f3n con pr\u00e1cticas s\u00f3lidas en acceso a la informaci\u00f3n, rendici\u00f3n de cuentas y lucha contra la corrupci\u00f3n. El resultado ratifica una gesti\u00f3n abierta, responsable y alineada con los principios de integridad y control social.<!--more--><\/p>\n<p style=\"text-align: justify;\">La calificaci\u00f3n evidencia un avance sostenido desde que la pol\u00edtica comenz\u00f3 a medirse en 2018, a\u00f1o en el que la instituci\u00f3n obtuvo un 58,3 % del total evaluado. Desde entonces, los resultados han mostrado un crecimiento progresivo y constante, reflejo de un trabajo sistem\u00e1tico por fortalecer los mecanismos de informaci\u00f3n p\u00fablica y participaci\u00f3n ciudadana.<\/p>\n<p style=\"text-align: justify;\">En 2024, la Universidad registr\u00f3 un 91,6 % en la medici\u00f3n total, cifra que hoy se traduce en 92 puntos dentro del indicador global. Este desempe\u00f1o confirma que la confianza se construye con informaci\u00f3n clara, accesible y verificable, y que los procesos institucionales responden a est\u00e1ndares cada vez m\u00e1s exigentes en materia de transparencia p\u00fablica.<\/p>\n<p style=\"text-align: justify;\">La jefe de Planeaci\u00f3n y Sistemas, Yamile Uribe Valencia, explic\u00f3 que la Pol\u00edtica de Transparencia representa un conjunto de actividades y acciones orientadas a garantizar que la gesti\u00f3n universitaria sea clara, p\u00fablica, oportuna y verificable. \u201cNo se trata \u00fanicamente de poner a disposici\u00f3n de los ciudadanos la informaci\u00f3n para el control social de lo p\u00fablico, sino tambi\u00e9n de promover la concertaci\u00f3n y el di\u00e1logo entre los grupos de inter\u00e9s y las comunidades al interior de la Universidad\u201d, se\u00f1al\u00f3.<\/p>\n<p style=\"text-align: justify;\">De acuerdo con la directiva, el crecimiento en la puntuaci\u00f3n responde a la implementaci\u00f3n efectiva de estrategias que fortalecen la cultura institucional de apertura y responsabilidad. La evaluaci\u00f3n realizada por la Funci\u00f3n P\u00fablica reconoce precisamente esa capacidad de demostrar resultados concretos en la aplicaci\u00f3n de la pol\u00edtica.<\/p>\n<p style=\"text-align: justify;\">Con estos 92 puntos, la Universidad de Caldas reafirma su compromiso con una gesti\u00f3n transparente y participativa, en la que la informaci\u00f3n no solo es un deber legal, sino una herramienta estrat\u00e9gica para fortalecer la confianza ciudadana y la gobernanza universitaria.<\/p>\n<p style=\"text-align: justify;\"><strong>Anexo:<\/strong><\/p>\n<p style=\"text-align: justify;\"><a href=\"https:\/\/www.ucaldas.edu.co\/portal\/wp-content\/uploads\/2026\/03\/Jefe-Oficina-Planeacion-y-Sistemas-Yamile-Uribe-Valencia.mp3\"><strong>-Audio Jefe Oficina de Planeaci\u00f3n y Sistemas, Yamile Uribe Valencia.<\/strong><\/a><\/p>\n<audio class=\"wp-audio-shortcode\" id=\"audio-103017-1\" preload=\"none\" style=\"width: 100%;\" controls=\"controls\"><source type=\"audio\/mpeg\" src=\"https:\/\/www.ucaldas.edu.co\/portal\/wp-content\/uploads\/2026\/03\/Jefe-Oficina-Planeacion-y-Sistemas-Yamile-Uribe-Valencia.mp3?_=1\" \/><a href=\"https:\/\/www.ucaldas.edu.co\/portal\/wp-content\/uploads\/2026\/03\/Jefe-Oficina-Planeacion-y-Sistemas-Yamile-Uribe-Valencia.mp3\">https:\/\/www.ucaldas.edu.co\/portal\/wp-content\/uploads\/2026\/03\/Jefe-Oficina-Planeacion-y-Sistemas-Yamile-Uribe-Valencia.mp3<\/a><\/audio>\n<p><img loading=\"lazy\" decoding=\"async\" class=\"alignnone wp-image-103019 size-full\" src=\"https:\/\/www.ucaldas.edu.co\/portal\/wp-content\/uploads\/2026\/03\/WhatsApp-Image-2026-03-05-at-2.33.00-PM-e1772739225662.jpeg\" alt=\"IDI Transparencia\" width=\"900\" height=\"677\" \/>[\/vc_column_text][\/vc_column][\/vc_row]<\/p>\n<\/div>","protected":false},"excerpt":{"rendered":"<p>[vc_row][vc_column][vc_video link=\u00bbhttps:\/\/youtu.be\/8j0N-2Fo85g\u00bb css=\u00bb\u00bb][vc_column_text] La Universidad de Caldas alcanz\u00f3 91,6 puntos en la m\u00e1s reciente medici\u00f3n de la Pol\u00edtica de Transparencia, consolid\u00e1ndose como una instituci\u00f3n con pr\u00e1cticas s\u00f3lidas en acceso a la informaci\u00f3n, rendici\u00f3n de cuentas y lucha contra la corrupci\u00f3n. El resultado ratifica una gesti\u00f3n abierta, responsable y alineada con los principios de integridad y [&hellip;]<\/p>\n","protected":false},"author":2,"featured_media":103019,"comment_status":"closed","ping_status":"open","sticky":false,"template":"","format":"standard","meta":{"footnotes":""},"categories":[48,53,620],"tags":[10017],"class_list":["post-103017","post","type-post","status-publish","format-standard","has-post-thumbnail","hentry","category-actualidad","category-universidad-al-dia","category-ucaldas-transparente","tag-politica-de-transparencia"],"yoast_head":"<!-- This site is optimized with the Yoast SEO plugin v27.5 - https:\/\/yoast.com\/product\/yoast-seo-wordpress\/ -->\n<title>Universidad de Caldas alcanza 91,6 puntos en Transparencia y consolida una gesti\u00f3n abierta y verificable .<\/title>\n<meta name=\"robots\" content=\"index, follow, max-snippet:-1, max-image-preview:large, max-video-preview:-1\" \/>\n<link rel=\"canonical\" href=\"https:\/\/www.ucaldas.edu.co\/portal\/universidad-de-caldas-alcanza-916-puntos-en-transparencia-y-consolida-una-gestion-abierta-y-verificable\/\" \/>\n<script type=\"application\/ld+json\" class=\"yoast-schema-graph\">{\"@context\":\"https:\\\/\\\/schema.org\",\"@graph\":[{\"@type\":\"Article\",\"@id\":\"https:\\\/\\\/www.ucaldas.edu.co\\\/portal\\\/universidad-de-caldas-alcanza-916-puntos-en-transparencia-y-consolida-una-gestion-abierta-y-verificable\\\/#article\",\"isPartOf\":{\"@id\":\"https:\\\/\\\/www.ucaldas.edu.co\\\/portal\\\/universidad-de-caldas-alcanza-916-puntos-en-transparencia-y-consolida-una-gestion-abierta-y-verificable\\\/\"},\"author\":{\"name\":\"ofiprensa\",\"@id\":\"https:\\\/\\\/www.ucaldas.edu.co\\\/portal\\\/#\\\/schema\\\/person\\\/a1b482e23449158b4bc319926c074fdf\"},\"headline\":\"Universidad de Caldas alcanza 91,6 puntos en Transparencia y consolida una gesti\u00f3n abierta y verificable\",\"datePublished\":\"2026-03-05T19:35:36+00:00\",\"dateModified\":\"2026-03-05T19:45:51+00:00\",\"mainEntityOfPage\":{\"@id\":\"https:\\\/\\\/www.ucaldas.edu.co\\\/portal\\\/universidad-de-caldas-alcanza-916-puntos-en-transparencia-y-consolida-una-gestion-abierta-y-verificable\\\/\"},\"wordCount\":432,\"publisher\":{\"@id\":\"https:\\\/\\\/www.ucaldas.edu.co\\\/portal\\\/#organization\"},\"image\":{\"@id\":\"https:\\\/\\\/www.ucaldas.edu.co\\\/portal\\\/universidad-de-caldas-alcanza-916-puntos-en-transparencia-y-consolida-una-gestion-abierta-y-verificable\\\/#primaryimage\"},\"thumbnailUrl\":\"https:\\\/\\\/www.ucaldas.edu.co\\\/portal\\\/wp-content\\\/uploads\\\/2026\\\/03\\\/WhatsApp-Image-2026-03-05-at-2.33.00-PM-e1772739225662.jpeg\",\"keywords\":[\"politica de transparencia\"],\"articleSection\":[\"Actualidad\",\"Universidad al D\u00eda\",\"UCaldas Transparente\"],\"inLanguage\":\"es\"},{\"@type\":\"WebPage\",\"@id\":\"https:\\\/\\\/www.ucaldas.edu.co\\\/portal\\\/universidad-de-caldas-alcanza-916-puntos-en-transparencia-y-consolida-una-gestion-abierta-y-verificable\\\/\",\"url\":\"https:\\\/\\\/www.ucaldas.edu.co\\\/portal\\\/universidad-de-caldas-alcanza-916-puntos-en-transparencia-y-consolida-una-gestion-abierta-y-verificable\\\/\",\"name\":\"Universidad de Caldas alcanza 91,6 puntos en Transparencia y consolida una gesti\u00f3n abierta y verificable .\",\"isPartOf\":{\"@id\":\"https:\\\/\\\/www.ucaldas.edu.co\\\/portal\\\/#website\"},\"primaryImageOfPage\":{\"@id\":\"https:\\\/\\\/www.ucaldas.edu.co\\\/portal\\\/universidad-de-caldas-alcanza-916-puntos-en-transparencia-y-consolida-una-gestion-abierta-y-verificable\\\/#primaryimage\"},\"image\":{\"@id\":\"https:\\\/\\\/www.ucaldas.edu.co\\\/portal\\\/universidad-de-caldas-alcanza-916-puntos-en-transparencia-y-consolida-una-gestion-abierta-y-verificable\\\/#primaryimage\"},\"thumbnailUrl\":\"https:\\\/\\\/www.ucaldas.edu.co\\\/portal\\\/wp-content\\\/uploads\\\/2026\\\/03\\\/WhatsApp-Image-2026-03-05-at-2.33.00-PM-e1772739225662.jpeg\",\"datePublished\":\"2026-03-05T19:35:36+00:00\",\"dateModified\":\"2026-03-05T19:45:51+00:00\",\"breadcrumb\":{\"@id\":\"https:\\\/\\\/www.ucaldas.edu.co\\\/portal\\\/universidad-de-caldas-alcanza-916-puntos-en-transparencia-y-consolida-una-gestion-abierta-y-verificable\\\/#breadcrumb\"},\"inLanguage\":\"es\",\"potentialAction\":[{\"@type\":\"ReadAction\",\"target\":[\"https:\\\/\\\/www.ucaldas.edu.co\\\/portal\\\/universidad-de-caldas-alcanza-916-puntos-en-transparencia-y-consolida-una-gestion-abierta-y-verificable\\\/\"]}]},{\"@type\":\"ImageObject\",\"inLanguage\":\"es\",\"@id\":\"https:\\\/\\\/www.ucaldas.edu.co\\\/portal\\\/universidad-de-caldas-alcanza-916-puntos-en-transparencia-y-consolida-una-gestion-abierta-y-verificable\\\/#primaryimage\",\"url\":\"https:\\\/\\\/www.ucaldas.edu.co\\\/portal\\\/wp-content\\\/uploads\\\/2026\\\/03\\\/WhatsApp-Image-2026-03-05-at-2.33.00-PM-e1772739225662.jpeg\",\"contentUrl\":\"https:\\\/\\\/www.ucaldas.edu.co\\\/portal\\\/wp-content\\\/uploads\\\/2026\\\/03\\\/WhatsApp-Image-2026-03-05-at-2.33.00-PM-e1772739225662.jpeg\",\"width\":900,\"height\":677,\"caption\":\"IDI Transparencia\"},{\"@type\":\"BreadcrumbList\",\"@id\":\"https:\\\/\\\/www.ucaldas.edu.co\\\/portal\\\/universidad-de-caldas-alcanza-916-puntos-en-transparencia-y-consolida-una-gestion-abierta-y-verificable\\\/#breadcrumb\",\"itemListElement\":[{\"@type\":\"ListItem\",\"position\":1,\"name\":\"Portada\",\"item\":\"https:\\\/\\\/www.ucaldas.edu.co\\\/portal\\\/\"},{\"@type\":\"ListItem\",\"position\":2,\"name\":\"Universidad de Caldas alcanza 91,6 puntos en Transparencia y consolida una gesti\u00f3n abierta y verificable\"}]},{\"@type\":\"WebSite\",\"@id\":\"https:\\\/\\\/www.ucaldas.edu.co\\\/portal\\\/#website\",\"url\":\"https:\\\/\\\/www.ucaldas.edu.co\\\/portal\\\/\",\"name\":\"Universidad de Caldas\",\"description\":\"\",\"publisher\":{\"@id\":\"https:\\\/\\\/www.ucaldas.edu.co\\\/portal\\\/#organization\"},\"alternateName\":\"U. de Caldas\",\"potentialAction\":[{\"@type\":\"SearchAction\",\"target\":{\"@type\":\"EntryPoint\",\"urlTemplate\":\"https:\\\/\\\/www.ucaldas.edu.co\\\/portal\\\/?s={search_term_string}\"},\"query-input\":{\"@type\":\"PropertyValueSpecification\",\"valueRequired\":true,\"valueName\":\"search_term_string\"}}],\"inLanguage\":\"es\"},{\"@type\":\"Organization\",\"@id\":\"https:\\\/\\\/www.ucaldas.edu.co\\\/portal\\\/#organization\",\"name\":\"Universidad de Caldas\",\"alternateName\":\"U. de Caldas\",\"url\":\"https:\\\/\\\/www.ucaldas.edu.co\\\/portal\\\/\",\"logo\":{\"@type\":\"ImageObject\",\"inLanguage\":\"es\",\"@id\":\"https:\\\/\\\/www.ucaldas.edu.co\\\/portal\\\/#\\\/schema\\\/logo\\\/image\\\/\",\"url\":\"https:\\\/\\\/www.ucaldas.edu.co\\\/portal\\\/wp-content\\\/uploads\\\/2023\\\/11\\\/Logo_horizontal_oscuroU-2023.png\",\"contentUrl\":\"https:\\\/\\\/www.ucaldas.edu.co\\\/portal\\\/wp-content\\\/uploads\\\/2023\\\/11\\\/Logo_horizontal_oscuroU-2023.png\",\"width\":263,\"height\":101,\"caption\":\"Universidad de Caldas\"},\"image\":{\"@id\":\"https:\\\/\\\/www.ucaldas.edu.co\\\/portal\\\/#\\\/schema\\\/logo\\\/image\\\/\"},\"sameAs\":[\"https:\\\/\\\/www.facebook.com\\\/udecaldas\",\"https:\\\/\\\/x.com\\\/udecaldas\",\"https:\\\/\\\/www.youtube.com\\\/universidadcaldas\",\"https:\\\/\\\/www.instagram.com\\\/udecaldas\\\/\"]},{\"@type\":\"Person\",\"@id\":\"https:\\\/\\\/www.ucaldas.edu.co\\\/portal\\\/#\\\/schema\\\/person\\\/a1b482e23449158b4bc319926c074fdf\",\"name\":\"ofiprensa\",\"image\":{\"@type\":\"ImageObject\",\"inLanguage\":\"es\",\"@id\":\"https:\\\/\\\/www.ucaldas.edu.co\\\/portal\\\/wp-content\\\/litespeed\\\/avatar\\\/09ea5085e600095a7a811142c6944527.jpg?ver=1777497608\",\"url\":\"https:\\\/\\\/www.ucaldas.edu.co\\\/portal\\\/wp-content\\\/litespeed\\\/avatar\\\/09ea5085e600095a7a811142c6944527.jpg?ver=1777497608\",\"contentUrl\":\"https:\\\/\\\/www.ucaldas.edu.co\\\/portal\\\/wp-content\\\/litespeed\\\/avatar\\\/09ea5085e600095a7a811142c6944527.jpg?ver=1777497608\",\"caption\":\"ofiprensa\"},\"url\":\"https:\\\/\\\/www.ucaldas.edu.co\\\/portal\\\/author\\\/ofiprensa\\\/\"}]}<\/script>\n<!-- \/ Yoast SEO plugin. -->","yoast_head_json":{"title":"Universidad de Caldas alcanza 91,6 puntos en Transparencia y consolida una gesti\u00f3n abierta y verificable .","robots":{"index":"index","follow":"follow","max-snippet":"max-snippet:-1","max-image-preview":"max-image-preview:large","max-video-preview":"max-video-preview:-1"},"canonical":"https:\/\/www.ucaldas.edu.co\/portal\/universidad-de-caldas-alcanza-916-puntos-en-transparencia-y-consolida-una-gestion-abierta-y-verificable\/","schema":{"@context":"https:\/\/schema.org","@graph":[{"@type":"Article","@id":"https:\/\/www.ucaldas.edu.co\/portal\/universidad-de-caldas-alcanza-916-puntos-en-transparencia-y-consolida-una-gestion-abierta-y-verificable\/#article","isPartOf":{"@id":"https:\/\/www.ucaldas.edu.co\/portal\/universidad-de-caldas-alcanza-916-puntos-en-transparencia-y-consolida-una-gestion-abierta-y-verificable\/"},"author":{"name":"ofiprensa","@id":"https:\/\/www.ucaldas.edu.co\/portal\/#\/schema\/person\/a1b482e23449158b4bc319926c074fdf"},"headline":"Universidad de Caldas alcanza 91,6 puntos en Transparencia y consolida una gesti\u00f3n abierta y verificable","datePublished":"2026-03-05T19:35:36+00:00","dateModified":"2026-03-05T19:45:51+00:00","mainEntityOfPage":{"@id":"https:\/\/www.ucaldas.edu.co\/portal\/universidad-de-caldas-alcanza-916-puntos-en-transparencia-y-consolida-una-gestion-abierta-y-verificable\/"},"wordCount":432,"publisher":{"@id":"https:\/\/www.ucaldas.edu.co\/portal\/#organization"},"image":{"@id":"https:\/\/www.ucaldas.edu.co\/portal\/universidad-de-caldas-alcanza-916-puntos-en-transparencia-y-consolida-una-gestion-abierta-y-verificable\/#primaryimage"},"thumbnailUrl":"https:\/\/www.ucaldas.edu.co\/portal\/wp-content\/uploads\/2026\/03\/WhatsApp-Image-2026-03-05-at-2.33.00-PM-e1772739225662.jpeg","keywords":["politica de transparencia"],"articleSection":["Actualidad","Universidad al D\u00eda","UCaldas Transparente"],"inLanguage":"es"},{"@type":"WebPage","@id":"https:\/\/www.ucaldas.edu.co\/portal\/universidad-de-caldas-alcanza-916-puntos-en-transparencia-y-consolida-una-gestion-abierta-y-verificable\/","url":"https:\/\/www.ucaldas.edu.co\/portal\/universidad-de-caldas-alcanza-916-puntos-en-transparencia-y-consolida-una-gestion-abierta-y-verificable\/","name":"Universidad de Caldas alcanza 91,6 puntos en Transparencia y consolida una gesti\u00f3n abierta y verificable .","isPartOf":{"@id":"https:\/\/www.ucaldas.edu.co\/portal\/#website"},"primaryImageOfPage":{"@id":"https:\/\/www.ucaldas.edu.co\/portal\/universidad-de-caldas-alcanza-916-puntos-en-transparencia-y-consolida-una-gestion-abierta-y-verificable\/#primaryimage"},"image":{"@id":"https:\/\/www.ucaldas.edu.co\/portal\/universidad-de-caldas-alcanza-916-puntos-en-transparencia-y-consolida-una-gestion-abierta-y-verificable\/#primaryimage"},"thumbnailUrl":"https:\/\/www.ucaldas.edu.co\/portal\/wp-content\/uploads\/2026\/03\/WhatsApp-Image-2026-03-05-at-2.33.00-PM-e1772739225662.jpeg","datePublished":"2026-03-05T19:35:36+00:00","dateModified":"2026-03-05T19:45:51+00:00","breadcrumb":{"@id":"https:\/\/www.ucaldas.edu.co\/portal\/universidad-de-caldas-alcanza-916-puntos-en-transparencia-y-consolida-una-gestion-abierta-y-verificable\/#breadcrumb"},"inLanguage":"es","potentialAction":[{"@type":"ReadAction","target":["https:\/\/www.ucaldas.edu.co\/portal\/universidad-de-caldas-alcanza-916-puntos-en-transparencia-y-consolida-una-gestion-abierta-y-verificable\/"]}]},{"@type":"ImageObject","inLanguage":"es","@id":"https:\/\/www.ucaldas.edu.co\/portal\/universidad-de-caldas-alcanza-916-puntos-en-transparencia-y-consolida-una-gestion-abierta-y-verificable\/#primaryimage","url":"https:\/\/www.ucaldas.edu.co\/portal\/wp-content\/uploads\/2026\/03\/WhatsApp-Image-2026-03-05-at-2.33.00-PM-e1772739225662.jpeg","contentUrl":"https:\/\/www.ucaldas.edu.co\/portal\/wp-content\/uploads\/2026\/03\/WhatsApp-Image-2026-03-05-at-2.33.00-PM-e1772739225662.jpeg","width":900,"height":677,"caption":"IDI Transparencia"},{"@type":"BreadcrumbList","@id":"https:\/\/www.ucaldas.edu.co\/portal\/universidad-de-caldas-alcanza-916-puntos-en-transparencia-y-consolida-una-gestion-abierta-y-verificable\/#breadcrumb","itemListElement":[{"@type":"ListItem","position":1,"name":"Portada","item":"https:\/\/www.ucaldas.edu.co\/portal\/"},{"@type":"ListItem","position":2,"name":"Universidad de Caldas alcanza 91,6 puntos en Transparencia y consolida una gesti\u00f3n abierta y verificable"}]},{"@type":"WebSite","@id":"https:\/\/www.ucaldas.edu.co\/portal\/#website","url":"https:\/\/www.ucaldas.edu.co\/portal\/","name":"Universidad de Caldas","description":"","publisher":{"@id":"https:\/\/www.ucaldas.edu.co\/portal\/#organization"},"alternateName":"U. de Caldas","potentialAction":[{"@type":"SearchAction","target":{"@type":"EntryPoint","urlTemplate":"https:\/\/www.ucaldas.edu.co\/portal\/?s={search_term_string}"},"query-input":{"@type":"PropertyValueSpecification","valueRequired":true,"valueName":"search_term_string"}}],"inLanguage":"es"},{"@type":"Organization","@id":"https:\/\/www.ucaldas.edu.co\/portal\/#organization","name":"Universidad de Caldas","alternateName":"U. de Caldas","url":"https:\/\/www.ucaldas.edu.co\/portal\/","logo":{"@type":"ImageObject","inLanguage":"es","@id":"https:\/\/www.ucaldas.edu.co\/portal\/#\/schema\/logo\/image\/","url":"https:\/\/www.ucaldas.edu.co\/portal\/wp-content\/uploads\/2023\/11\/Logo_horizontal_oscuroU-2023.png","contentUrl":"https:\/\/www.ucaldas.edu.co\/portal\/wp-content\/uploads\/2023\/11\/Logo_horizontal_oscuroU-2023.png","width":263,"height":101,"caption":"Universidad de Caldas"},"image":{"@id":"https:\/\/www.ucaldas.edu.co\/portal\/#\/schema\/logo\/image\/"},"sameAs":["https:\/\/www.facebook.com\/udecaldas","https:\/\/x.com\/udecaldas","https:\/\/www.youtube.com\/universidadcaldas","https:\/\/www.instagram.com\/udecaldas\/"]},{"@type":"Person","@id":"https:\/\/www.ucaldas.edu.co\/portal\/#\/schema\/person\/a1b482e23449158b4bc319926c074fdf","name":"ofiprensa","image":{"@type":"ImageObject","inLanguage":"es","@id":"https:\/\/www.ucaldas.edu.co\/portal\/wp-content\/litespeed\/avatar\/09ea5085e600095a7a811142c6944527.jpg?ver=1777497608","url":"https:\/\/www.ucaldas.edu.co\/portal\/wp-content\/litespeed\/avatar\/09ea5085e600095a7a811142c6944527.jpg?ver=1777497608","contentUrl":"https:\/\/www.ucaldas.edu.co\/portal\/wp-content\/litespeed\/avatar\/09ea5085e600095a7a811142c6944527.jpg?ver=1777497608","caption":"ofiprensa"},"url":"https:\/\/www.ucaldas.edu.co\/portal\/author\/ofiprensa\/"}]}},"_links":{"self":[{"href":"https:\/\/www.ucaldas.edu.co\/portal\/wp-json\/wp\/v2\/posts\/103017","targetHints":{"allow":["GET"]}}],"collection":[{"href":"https:\/\/www.ucaldas.edu.co\/portal\/wp-json\/wp\/v2\/posts"}],"about":[{"href":"https:\/\/www.ucaldas.edu.co\/portal\/wp-json\/wp\/v2\/types\/post"}],"author":[{"embeddable":true,"href":"https:\/\/www.ucaldas.edu.co\/portal\/wp-json\/wp\/v2\/users\/2"}],"replies":[{"embeddable":true,"href":"https:\/\/www.ucaldas.edu.co\/portal\/wp-json\/wp\/v2\/comments?post=103017"}],"version-history":[{"count":2,"href":"https:\/\/www.ucaldas.edu.co\/portal\/wp-json\/wp\/v2\/posts\/103017\/revisions"}],"predecessor-version":[{"id":103031,"href":"https:\/\/www.ucaldas.edu.co\/portal\/wp-json\/wp\/v2\/posts\/103017\/revisions\/103031"}],"wp:featuredmedia":[{"embeddable":true,"href":"https:\/\/www.ucaldas.edu.co\/portal\/wp-json\/wp\/v2\/media\/103019"}],"wp:attachment":[{"href":"https:\/\/www.ucaldas.edu.co\/portal\/wp-json\/wp\/v2\/media?parent=103017"}],"wp:term":[{"taxonomy":"category","embeddable":true,"href":"https:\/\/www.ucaldas.edu.co\/portal\/wp-json\/wp\/v2\/categories?post=103017"},{"taxonomy":"post_tag","embeddable":true,"href":"https:\/\/www.ucaldas.edu.co\/portal\/wp-json\/wp\/v2\/tags?post=103017"}],"curies":[{"name":"wp","href":"https:\/\/api.w.org\/{rel}","templated":true}]}}