{"id":102849,"date":"2026-02-26T15:26:42","date_gmt":"2026-02-26T20:26:42","guid":{"rendered":"https:\/\/www.ucaldas.edu.co\/portal\/?p=102849"},"modified":"2026-02-26T15:26:42","modified_gmt":"2026-02-26T20:26:42","slug":"facultad-de-inteligencia-artificial-e-ingenierias-de-la-u-de-caldas-presenta-balance-de-impacto-y-proyeccion-regional-ante-la-asamblea-departamental","status":"publish","type":"post","link":"https:\/\/www.ucaldas.edu.co\/portal\/facultad-de-inteligencia-artificial-e-ingenierias-de-la-u-de-caldas-presenta-balance-de-impacto-y-proyeccion-regional-ante-la-asamblea-departamental\/","title":{"rendered":"Facultad de Inteligencia Artificial e Ingenier\u00edas de la U. de Caldas presenta balance de impacto y proyecci\u00f3n regional ante la Asamblea Departamental"},"content":{"rendered":"<p style=\"text-align: justify;\"><img loading=\"lazy\" decoding=\"async\" class=\"alignnone wp-image-102851 size-full\" src=\"https:\/\/www.ucaldas.edu.co\/portal\/wp-content\/uploads\/2026\/02\/IMG_2042.JPG-e1772137441336.jpeg\" alt=\"Facultad I.A en Asamblea Departamental\" width=\"900\" height=\"801\" \/><\/p>\n<p style=\"text-align: justify;\">En una sesi\u00f3n plenaria de la Asamblea de Caldas se socializ\u00f3 los avances, alcances y proyecci\u00f3n acad\u00e9mica de la Facultad de Inteligencia Artificial e Ingenier\u00edas de la Universidad de Caldas. El Decano de la Facultad, Mauricio Arbel\u00e1ez Rend\u00f3n, present\u00f3 un balance sobre la oferta acad\u00e9mica y los proyectos de alto impacto que lidera la instituci\u00f3n para transformar el territorio.<!--more--><\/p>\n<p style=\"text-align: justify;\">Durante su intervenci\u00f3n, el decano resalt\u00f3 la consolidaci\u00f3n de la oferta acad\u00e9mica de la Facultad, posicion\u00e1ndola con 4.034 estudiantes activos, la cual ya cuenta con programas en niveles t\u00e9cnico, profesional y de especializaci\u00f3n enfocados en Inteligencia Artificial. Este ecosistema educativo busca formar el talento humano que requiere el departamento para liderar la cuarta revoluci\u00f3n industrial desde lo local.<\/p>\n<p style=\"text-align: justify;\">Se destaca que este primer semestre la Facultad ya inicio con el Pregrado en Inteligencia Artificial y desde el semestre pasado se abri\u00f3 la primera cohorte de la especializaci\u00f3n. En cuanto a la obra de construcci\u00f3n de la Facultad culmino la etapa de demolici\u00f3n y est\u00e1n en limpieza del terreno para comenzar la cimentaci\u00f3n.<\/p>\n<p style=\"text-align: justify;\">Uno de los puntos centrales de la jornada fue la socializaci\u00f3n de los proyectos de investigaci\u00f3n y desarrollo que se encuentran en ejecuci\u00f3n. Seg\u00fan el decano, la Facultad est\u00e1 concentrando sus esfuerzos en \u00e1reas cr\u00edticas para la competitividad regional:<\/p>\n<ul style=\"text-align: justify;\">\n<li>Salud y Bioinform\u00e1tica: Optimizaci\u00f3n de servicios y diagn\u00f3sticos.<\/li>\n<li>AgroTech: Transformaci\u00f3n tecnol\u00f3gica del campo caldense.<\/li>\n<li>Transici\u00f3n Energ\u00e9tica: Modelado de sistemas sostenibles.<\/li>\n<li>Desarrollo Social: Uso \u00e9tico y democratizaci\u00f3n de la tecnolog\u00eda.<\/li>\n<\/ul>\n<p style=\"text-align: justify;\">\u00abHemos compartido con los diputados las posibilidades de trabajo conjunto entre el sector acad\u00e9mico, el gobierno y las empresas. Queremos sumar esfuerzos para realizar desarrollos esenciales que beneficien a toda la comunidad caldense\u00bb, afirm\u00f3 el decano Mauricio Arbel\u00e1ez al cierre de la sesi\u00f3n.<\/p>\n<p style=\"text-align: justify;\">La visita subraya la importancia del modelo de \u00abTriple H\u00e9lice\u00bb (Universidad-Empresa-Estado), donde la academia pone el conocimiento t\u00e9cnico y el sector p\u00fablico los marcos de inversi\u00f3n y pol\u00edtica. Con la ejecuci\u00f3n de la Ruta de IA, la Universidad de Caldas reafirma su posici\u00f3n como referente nacional, demostrando que la Inteligencia Artificial es una herramienta de equidad y progreso para los 27 municipios del departamento.<\/p>\n<p style=\"text-align: justify;\"><strong>Anexo:<\/strong><\/p>\n<p style=\"text-align: justify;\"><a href=\"https:\/\/www.ucaldas.edu.co\/portal\/wp-content\/uploads\/2026\/02\/asamblea.mp3\"><strong>-Audio Decano Facultad de Inteligencia Artificial e Ingenier\u00edas, Mauricio Arbel\u00e1ez Rend\u00f3n<\/strong><\/a><\/p>\n<audio class=\"wp-audio-shortcode\" id=\"audio-102849-1\" preload=\"none\" style=\"width: 100%;\" controls=\"controls\"><source type=\"audio\/mpeg\" src=\"https:\/\/www.ucaldas.edu.co\/portal\/wp-content\/uploads\/2026\/02\/asamblea.mp3?_=1\" \/><a href=\"https:\/\/www.ucaldas.edu.co\/portal\/wp-content\/uploads\/2026\/02\/asamblea.mp3\">https:\/\/www.ucaldas.edu.co\/portal\/wp-content\/uploads\/2026\/02\/asamblea.mp3<\/a><\/audio>\n","protected":false},"excerpt":{"rendered":"<p>En una sesi\u00f3n plenaria de la Asamblea de Caldas se socializ\u00f3 los avances, alcances y proyecci\u00f3n acad\u00e9mica de la Facultad de Inteligencia Artificial e Ingenier\u00edas de la Universidad de Caldas. El Decano de la Facultad, Mauricio Arbel\u00e1ez Rend\u00f3n, present\u00f3 un balance sobre la oferta acad\u00e9mica y los proyectos de alto impacto que lidera la instituci\u00f3n [&hellip;]<\/p>\n","protected":false},"author":2,"featured_media":102851,"comment_status":"closed","ping_status":"open","sticky":false,"template":"","format":"standard","meta":{"footnotes":""},"categories":[48,53],"tags":[9777,9843],"class_list":["post-102849","post","type-post","status-publish","format-standard","has-post-thumbnail","hentry","category-actualidad","category-universidad-al-dia","tag-asamblea-departamental","tag-facultad-inteligencia-artificial"],"yoast_head":"<!-- This site is optimized with the Yoast SEO plugin v27.5 - https:\/\/yoast.com\/product\/yoast-seo-wordpress\/ -->\n<title>Facultad de Inteligencia Artificial e Ingenier\u00edas de la U. de Caldas presenta balance de impacto y proyecci\u00f3n regional ante la Asamblea Departamental .<\/title>\n<meta name=\"robots\" content=\"index, follow, max-snippet:-1, max-image-preview:large, max-video-preview:-1\" \/>\n<link rel=\"canonical\" href=\"https:\/\/www.ucaldas.edu.co\/portal\/facultad-de-inteligencia-artificial-e-ingenierias-de-la-u-de-caldas-presenta-balance-de-impacto-y-proyeccion-regional-ante-la-asamblea-departamental\/\" \/>\n<script type=\"application\/ld+json\" class=\"yoast-schema-graph\">{\"@context\":\"https:\\\/\\\/schema.org\",\"@graph\":[{\"@type\":\"Article\",\"@id\":\"https:\\\/\\\/www.ucaldas.edu.co\\\/portal\\\/facultad-de-inteligencia-artificial-e-ingenierias-de-la-u-de-caldas-presenta-balance-de-impacto-y-proyeccion-regional-ante-la-asamblea-departamental\\\/#article\",\"isPartOf\":{\"@id\":\"https:\\\/\\\/www.ucaldas.edu.co\\\/portal\\\/facultad-de-inteligencia-artificial-e-ingenierias-de-la-u-de-caldas-presenta-balance-de-impacto-y-proyeccion-regional-ante-la-asamblea-departamental\\\/\"},\"author\":{\"name\":\"ofiprensa\",\"@id\":\"https:\\\/\\\/www.ucaldas.edu.co\\\/portal\\\/#\\\/schema\\\/person\\\/a1b482e23449158b4bc319926c074fdf\"},\"headline\":\"Facultad de Inteligencia Artificial e Ingenier\u00edas de la U. de Caldas presenta balance de impacto y proyecci\u00f3n regional ante la Asamblea Departamental\",\"datePublished\":\"2026-02-26T20:26:42+00:00\",\"mainEntityOfPage\":{\"@id\":\"https:\\\/\\\/www.ucaldas.edu.co\\\/portal\\\/facultad-de-inteligencia-artificial-e-ingenierias-de-la-u-de-caldas-presenta-balance-de-impacto-y-proyeccion-regional-ante-la-asamblea-departamental\\\/\"},\"wordCount\":440,\"publisher\":{\"@id\":\"https:\\\/\\\/www.ucaldas.edu.co\\\/portal\\\/#organization\"},\"image\":{\"@id\":\"https:\\\/\\\/www.ucaldas.edu.co\\\/portal\\\/facultad-de-inteligencia-artificial-e-ingenierias-de-la-u-de-caldas-presenta-balance-de-impacto-y-proyeccion-regional-ante-la-asamblea-departamental\\\/#primaryimage\"},\"thumbnailUrl\":\"https:\\\/\\\/www.ucaldas.edu.co\\\/portal\\\/wp-content\\\/uploads\\\/2026\\\/02\\\/IMG_2042.JPG-e1772137441336.jpeg\",\"keywords\":[\"asamblea departamental\",\"facultad inteligencia artificial\"],\"articleSection\":[\"Actualidad\",\"Universidad al D\u00eda\"],\"inLanguage\":\"es\"},{\"@type\":\"WebPage\",\"@id\":\"https:\\\/\\\/www.ucaldas.edu.co\\\/portal\\\/facultad-de-inteligencia-artificial-e-ingenierias-de-la-u-de-caldas-presenta-balance-de-impacto-y-proyeccion-regional-ante-la-asamblea-departamental\\\/\",\"url\":\"https:\\\/\\\/www.ucaldas.edu.co\\\/portal\\\/facultad-de-inteligencia-artificial-e-ingenierias-de-la-u-de-caldas-presenta-balance-de-impacto-y-proyeccion-regional-ante-la-asamblea-departamental\\\/\",\"name\":\"Facultad de Inteligencia Artificial e Ingenier\u00edas de la U. de Caldas presenta balance de impacto y proyecci\u00f3n regional ante la Asamblea Departamental .\",\"isPartOf\":{\"@id\":\"https:\\\/\\\/www.ucaldas.edu.co\\\/portal\\\/#website\"},\"primaryImageOfPage\":{\"@id\":\"https:\\\/\\\/www.ucaldas.edu.co\\\/portal\\\/facultad-de-inteligencia-artificial-e-ingenierias-de-la-u-de-caldas-presenta-balance-de-impacto-y-proyeccion-regional-ante-la-asamblea-departamental\\\/#primaryimage\"},\"image\":{\"@id\":\"https:\\\/\\\/www.ucaldas.edu.co\\\/portal\\\/facultad-de-inteligencia-artificial-e-ingenierias-de-la-u-de-caldas-presenta-balance-de-impacto-y-proyeccion-regional-ante-la-asamblea-departamental\\\/#primaryimage\"},\"thumbnailUrl\":\"https:\\\/\\\/www.ucaldas.edu.co\\\/portal\\\/wp-content\\\/uploads\\\/2026\\\/02\\\/IMG_2042.JPG-e1772137441336.jpeg\",\"datePublished\":\"2026-02-26T20:26:42+00:00\",\"breadcrumb\":{\"@id\":\"https:\\\/\\\/www.ucaldas.edu.co\\\/portal\\\/facultad-de-inteligencia-artificial-e-ingenierias-de-la-u-de-caldas-presenta-balance-de-impacto-y-proyeccion-regional-ante-la-asamblea-departamental\\\/#breadcrumb\"},\"inLanguage\":\"es\",\"potentialAction\":[{\"@type\":\"ReadAction\",\"target\":[\"https:\\\/\\\/www.ucaldas.edu.co\\\/portal\\\/facultad-de-inteligencia-artificial-e-ingenierias-de-la-u-de-caldas-presenta-balance-de-impacto-y-proyeccion-regional-ante-la-asamblea-departamental\\\/\"]}]},{\"@type\":\"ImageObject\",\"inLanguage\":\"es\",\"@id\":\"https:\\\/\\\/www.ucaldas.edu.co\\\/portal\\\/facultad-de-inteligencia-artificial-e-ingenierias-de-la-u-de-caldas-presenta-balance-de-impacto-y-proyeccion-regional-ante-la-asamblea-departamental\\\/#primaryimage\",\"url\":\"https:\\\/\\\/www.ucaldas.edu.co\\\/portal\\\/wp-content\\\/uploads\\\/2026\\\/02\\\/IMG_2042.JPG-e1772137441336.jpeg\",\"contentUrl\":\"https:\\\/\\\/www.ucaldas.edu.co\\\/portal\\\/wp-content\\\/uploads\\\/2026\\\/02\\\/IMG_2042.JPG-e1772137441336.jpeg\",\"width\":900,\"height\":801,\"caption\":\"Facultad I.A en Asamblea Departamental\"},{\"@type\":\"BreadcrumbList\",\"@id\":\"https:\\\/\\\/www.ucaldas.edu.co\\\/portal\\\/facultad-de-inteligencia-artificial-e-ingenierias-de-la-u-de-caldas-presenta-balance-de-impacto-y-proyeccion-regional-ante-la-asamblea-departamental\\\/#breadcrumb\",\"itemListElement\":[{\"@type\":\"ListItem\",\"position\":1,\"name\":\"Portada\",\"item\":\"https:\\\/\\\/www.ucaldas.edu.co\\\/portal\\\/\"},{\"@type\":\"ListItem\",\"position\":2,\"name\":\"Facultad de Inteligencia Artificial e Ingenier\u00edas de la U. de Caldas presenta balance de impacto y proyecci\u00f3n regional ante la Asamblea Departamental\"}]},{\"@type\":\"WebSite\",\"@id\":\"https:\\\/\\\/www.ucaldas.edu.co\\\/portal\\\/#website\",\"url\":\"https:\\\/\\\/www.ucaldas.edu.co\\\/portal\\\/\",\"name\":\"Universidad de Caldas\",\"description\":\"\",\"publisher\":{\"@id\":\"https:\\\/\\\/www.ucaldas.edu.co\\\/portal\\\/#organization\"},\"alternateName\":\"U. de Caldas\",\"potentialAction\":[{\"@type\":\"SearchAction\",\"target\":{\"@type\":\"EntryPoint\",\"urlTemplate\":\"https:\\\/\\\/www.ucaldas.edu.co\\\/portal\\\/?s={search_term_string}\"},\"query-input\":{\"@type\":\"PropertyValueSpecification\",\"valueRequired\":true,\"valueName\":\"search_term_string\"}}],\"inLanguage\":\"es\"},{\"@type\":\"Organization\",\"@id\":\"https:\\\/\\\/www.ucaldas.edu.co\\\/portal\\\/#organization\",\"name\":\"Universidad de Caldas\",\"alternateName\":\"U. de Caldas\",\"url\":\"https:\\\/\\\/www.ucaldas.edu.co\\\/portal\\\/\",\"logo\":{\"@type\":\"ImageObject\",\"inLanguage\":\"es\",\"@id\":\"https:\\\/\\\/www.ucaldas.edu.co\\\/portal\\\/#\\\/schema\\\/logo\\\/image\\\/\",\"url\":\"https:\\\/\\\/www.ucaldas.edu.co\\\/portal\\\/wp-content\\\/uploads\\\/2023\\\/11\\\/Logo_horizontal_oscuroU-2023.png\",\"contentUrl\":\"https:\\\/\\\/www.ucaldas.edu.co\\\/portal\\\/wp-content\\\/uploads\\\/2023\\\/11\\\/Logo_horizontal_oscuroU-2023.png\",\"width\":263,\"height\":101,\"caption\":\"Universidad de Caldas\"},\"image\":{\"@id\":\"https:\\\/\\\/www.ucaldas.edu.co\\\/portal\\\/#\\\/schema\\\/logo\\\/image\\\/\"},\"sameAs\":[\"https:\\\/\\\/www.facebook.com\\\/udecaldas\",\"https:\\\/\\\/x.com\\\/udecaldas\",\"https:\\\/\\\/www.youtube.com\\\/universidadcaldas\",\"https:\\\/\\\/www.instagram.com\\\/udecaldas\\\/\"]},{\"@type\":\"Person\",\"@id\":\"https:\\\/\\\/www.ucaldas.edu.co\\\/portal\\\/#\\\/schema\\\/person\\\/a1b482e23449158b4bc319926c074fdf\",\"name\":\"ofiprensa\",\"image\":{\"@type\":\"ImageObject\",\"inLanguage\":\"es\",\"@id\":\"https:\\\/\\\/www.ucaldas.edu.co\\\/portal\\\/wp-content\\\/litespeed\\\/avatar\\\/09ea5085e600095a7a811142c6944527.jpg?ver=1777497608\",\"url\":\"https:\\\/\\\/www.ucaldas.edu.co\\\/portal\\\/wp-content\\\/litespeed\\\/avatar\\\/09ea5085e600095a7a811142c6944527.jpg?ver=1777497608\",\"contentUrl\":\"https:\\\/\\\/www.ucaldas.edu.co\\\/portal\\\/wp-content\\\/litespeed\\\/avatar\\\/09ea5085e600095a7a811142c6944527.jpg?ver=1777497608\",\"caption\":\"ofiprensa\"},\"url\":\"https:\\\/\\\/www.ucaldas.edu.co\\\/portal\\\/author\\\/ofiprensa\\\/\"}]}<\/script>\n<!-- \/ Yoast SEO plugin. -->","yoast_head_json":{"title":"Facultad de Inteligencia Artificial e Ingenier\u00edas de la U. de Caldas presenta balance de impacto y proyecci\u00f3n regional ante la Asamblea Departamental .","robots":{"index":"index","follow":"follow","max-snippet":"max-snippet:-1","max-image-preview":"max-image-preview:large","max-video-preview":"max-video-preview:-1"},"canonical":"https:\/\/www.ucaldas.edu.co\/portal\/facultad-de-inteligencia-artificial-e-ingenierias-de-la-u-de-caldas-presenta-balance-de-impacto-y-proyeccion-regional-ante-la-asamblea-departamental\/","schema":{"@context":"https:\/\/schema.org","@graph":[{"@type":"Article","@id":"https:\/\/www.ucaldas.edu.co\/portal\/facultad-de-inteligencia-artificial-e-ingenierias-de-la-u-de-caldas-presenta-balance-de-impacto-y-proyeccion-regional-ante-la-asamblea-departamental\/#article","isPartOf":{"@id":"https:\/\/www.ucaldas.edu.co\/portal\/facultad-de-inteligencia-artificial-e-ingenierias-de-la-u-de-caldas-presenta-balance-de-impacto-y-proyeccion-regional-ante-la-asamblea-departamental\/"},"author":{"name":"ofiprensa","@id":"https:\/\/www.ucaldas.edu.co\/portal\/#\/schema\/person\/a1b482e23449158b4bc319926c074fdf"},"headline":"Facultad de Inteligencia Artificial e Ingenier\u00edas de la U. de Caldas presenta balance de impacto y proyecci\u00f3n regional ante la Asamblea Departamental","datePublished":"2026-02-26T20:26:42+00:00","mainEntityOfPage":{"@id":"https:\/\/www.ucaldas.edu.co\/portal\/facultad-de-inteligencia-artificial-e-ingenierias-de-la-u-de-caldas-presenta-balance-de-impacto-y-proyeccion-regional-ante-la-asamblea-departamental\/"},"wordCount":440,"publisher":{"@id":"https:\/\/www.ucaldas.edu.co\/portal\/#organization"},"image":{"@id":"https:\/\/www.ucaldas.edu.co\/portal\/facultad-de-inteligencia-artificial-e-ingenierias-de-la-u-de-caldas-presenta-balance-de-impacto-y-proyeccion-regional-ante-la-asamblea-departamental\/#primaryimage"},"thumbnailUrl":"https:\/\/www.ucaldas.edu.co\/portal\/wp-content\/uploads\/2026\/02\/IMG_2042.JPG-e1772137441336.jpeg","keywords":["asamblea departamental","facultad inteligencia artificial"],"articleSection":["Actualidad","Universidad al D\u00eda"],"inLanguage":"es"},{"@type":"WebPage","@id":"https:\/\/www.ucaldas.edu.co\/portal\/facultad-de-inteligencia-artificial-e-ingenierias-de-la-u-de-caldas-presenta-balance-de-impacto-y-proyeccion-regional-ante-la-asamblea-departamental\/","url":"https:\/\/www.ucaldas.edu.co\/portal\/facultad-de-inteligencia-artificial-e-ingenierias-de-la-u-de-caldas-presenta-balance-de-impacto-y-proyeccion-regional-ante-la-asamblea-departamental\/","name":"Facultad de Inteligencia Artificial e Ingenier\u00edas de la U. de Caldas presenta balance de impacto y proyecci\u00f3n regional ante la Asamblea Departamental .","isPartOf":{"@id":"https:\/\/www.ucaldas.edu.co\/portal\/#website"},"primaryImageOfPage":{"@id":"https:\/\/www.ucaldas.edu.co\/portal\/facultad-de-inteligencia-artificial-e-ingenierias-de-la-u-de-caldas-presenta-balance-de-impacto-y-proyeccion-regional-ante-la-asamblea-departamental\/#primaryimage"},"image":{"@id":"https:\/\/www.ucaldas.edu.co\/portal\/facultad-de-inteligencia-artificial-e-ingenierias-de-la-u-de-caldas-presenta-balance-de-impacto-y-proyeccion-regional-ante-la-asamblea-departamental\/#primaryimage"},"thumbnailUrl":"https:\/\/www.ucaldas.edu.co\/portal\/wp-content\/uploads\/2026\/02\/IMG_2042.JPG-e1772137441336.jpeg","datePublished":"2026-02-26T20:26:42+00:00","breadcrumb":{"@id":"https:\/\/www.ucaldas.edu.co\/portal\/facultad-de-inteligencia-artificial-e-ingenierias-de-la-u-de-caldas-presenta-balance-de-impacto-y-proyeccion-regional-ante-la-asamblea-departamental\/#breadcrumb"},"inLanguage":"es","potentialAction":[{"@type":"ReadAction","target":["https:\/\/www.ucaldas.edu.co\/portal\/facultad-de-inteligencia-artificial-e-ingenierias-de-la-u-de-caldas-presenta-balance-de-impacto-y-proyeccion-regional-ante-la-asamblea-departamental\/"]}]},{"@type":"ImageObject","inLanguage":"es","@id":"https:\/\/www.ucaldas.edu.co\/portal\/facultad-de-inteligencia-artificial-e-ingenierias-de-la-u-de-caldas-presenta-balance-de-impacto-y-proyeccion-regional-ante-la-asamblea-departamental\/#primaryimage","url":"https:\/\/www.ucaldas.edu.co\/portal\/wp-content\/uploads\/2026\/02\/IMG_2042.JPG-e1772137441336.jpeg","contentUrl":"https:\/\/www.ucaldas.edu.co\/portal\/wp-content\/uploads\/2026\/02\/IMG_2042.JPG-e1772137441336.jpeg","width":900,"height":801,"caption":"Facultad I.A en Asamblea Departamental"},{"@type":"BreadcrumbList","@id":"https:\/\/www.ucaldas.edu.co\/portal\/facultad-de-inteligencia-artificial-e-ingenierias-de-la-u-de-caldas-presenta-balance-de-impacto-y-proyeccion-regional-ante-la-asamblea-departamental\/#breadcrumb","itemListElement":[{"@type":"ListItem","position":1,"name":"Portada","item":"https:\/\/www.ucaldas.edu.co\/portal\/"},{"@type":"ListItem","position":2,"name":"Facultad de Inteligencia Artificial e Ingenier\u00edas de la U. de Caldas presenta balance de impacto y proyecci\u00f3n regional ante la Asamblea Departamental"}]},{"@type":"WebSite","@id":"https:\/\/www.ucaldas.edu.co\/portal\/#website","url":"https:\/\/www.ucaldas.edu.co\/portal\/","name":"Universidad de Caldas","description":"","publisher":{"@id":"https:\/\/www.ucaldas.edu.co\/portal\/#organization"},"alternateName":"U. de Caldas","potentialAction":[{"@type":"SearchAction","target":{"@type":"EntryPoint","urlTemplate":"https:\/\/www.ucaldas.edu.co\/portal\/?s={search_term_string}"},"query-input":{"@type":"PropertyValueSpecification","valueRequired":true,"valueName":"search_term_string"}}],"inLanguage":"es"},{"@type":"Organization","@id":"https:\/\/www.ucaldas.edu.co\/portal\/#organization","name":"Universidad de Caldas","alternateName":"U. de Caldas","url":"https:\/\/www.ucaldas.edu.co\/portal\/","logo":{"@type":"ImageObject","inLanguage":"es","@id":"https:\/\/www.ucaldas.edu.co\/portal\/#\/schema\/logo\/image\/","url":"https:\/\/www.ucaldas.edu.co\/portal\/wp-content\/uploads\/2023\/11\/Logo_horizontal_oscuroU-2023.png","contentUrl":"https:\/\/www.ucaldas.edu.co\/portal\/wp-content\/uploads\/2023\/11\/Logo_horizontal_oscuroU-2023.png","width":263,"height":101,"caption":"Universidad de Caldas"},"image":{"@id":"https:\/\/www.ucaldas.edu.co\/portal\/#\/schema\/logo\/image\/"},"sameAs":["https:\/\/www.facebook.com\/udecaldas","https:\/\/x.com\/udecaldas","https:\/\/www.youtube.com\/universidadcaldas","https:\/\/www.instagram.com\/udecaldas\/"]},{"@type":"Person","@id":"https:\/\/www.ucaldas.edu.co\/portal\/#\/schema\/person\/a1b482e23449158b4bc319926c074fdf","name":"ofiprensa","image":{"@type":"ImageObject","inLanguage":"es","@id":"https:\/\/www.ucaldas.edu.co\/portal\/wp-content\/litespeed\/avatar\/09ea5085e600095a7a811142c6944527.jpg?ver=1777497608","url":"https:\/\/www.ucaldas.edu.co\/portal\/wp-content\/litespeed\/avatar\/09ea5085e600095a7a811142c6944527.jpg?ver=1777497608","contentUrl":"https:\/\/www.ucaldas.edu.co\/portal\/wp-content\/litespeed\/avatar\/09ea5085e600095a7a811142c6944527.jpg?ver=1777497608","caption":"ofiprensa"},"url":"https:\/\/www.ucaldas.edu.co\/portal\/author\/ofiprensa\/"}]}},"_links":{"self":[{"href":"https:\/\/www.ucaldas.edu.co\/portal\/wp-json\/wp\/v2\/posts\/102849","targetHints":{"allow":["GET"]}}],"collection":[{"href":"https:\/\/www.ucaldas.edu.co\/portal\/wp-json\/wp\/v2\/posts"}],"about":[{"href":"https:\/\/www.ucaldas.edu.co\/portal\/wp-json\/wp\/v2\/types\/post"}],"author":[{"embeddable":true,"href":"https:\/\/www.ucaldas.edu.co\/portal\/wp-json\/wp\/v2\/users\/2"}],"replies":[{"embeddable":true,"href":"https:\/\/www.ucaldas.edu.co\/portal\/wp-json\/wp\/v2\/comments?post=102849"}],"version-history":[{"count":1,"href":"https:\/\/www.ucaldas.edu.co\/portal\/wp-json\/wp\/v2\/posts\/102849\/revisions"}],"predecessor-version":[{"id":102853,"href":"https:\/\/www.ucaldas.edu.co\/portal\/wp-json\/wp\/v2\/posts\/102849\/revisions\/102853"}],"wp:featuredmedia":[{"embeddable":true,"href":"https:\/\/www.ucaldas.edu.co\/portal\/wp-json\/wp\/v2\/media\/102851"}],"wp:attachment":[{"href":"https:\/\/www.ucaldas.edu.co\/portal\/wp-json\/wp\/v2\/media?parent=102849"}],"wp:term":[{"taxonomy":"category","embeddable":true,"href":"https:\/\/www.ucaldas.edu.co\/portal\/wp-json\/wp\/v2\/categories?post=102849"},{"taxonomy":"post_tag","embeddable":true,"href":"https:\/\/www.ucaldas.edu.co\/portal\/wp-json\/wp\/v2\/tags?post=102849"}],"curies":[{"name":"wp","href":"https:\/\/api.w.org\/{rel}","templated":true}]}}