{"id":100397,"date":"2025-12-04T15:08:04","date_gmt":"2025-12-04T20:08:04","guid":{"rendered":"https:\/\/www.ucaldas.edu.co\/portal\/?p=100397"},"modified":"2025-12-04T15:08:04","modified_gmt":"2025-12-04T20:08:04","slug":"universidad-de-caldas-fortalece-su-presencia-en-el-norte-del-departamento-con-nueva-sede-en-aguadas","status":"publish","type":"post","link":"https:\/\/www.ucaldas.edu.co\/portal\/universidad-de-caldas-fortalece-su-presencia-en-el-norte-del-departamento-con-nueva-sede-en-aguadas\/","title":{"rendered":"Universidad de Caldas fortalece su presencia en el norte del departamento con nueva sede en Aguadas"},"content":{"rendered":"<div class=\"wpb-content-wrapper\"><p>[vc_row][vc_column][vc_video link=\u00bbhttps:\/\/youtu.be\/TayyTKMasdg\u00bb css=\u00bb\u00bb][vc_column_text]<\/p>\n<p style=\"text-align: justify;\">La Universidad de Caldas oficializ\u00f3 el traslado de su sede en el municipio de Aguadas desde la instituci\u00f3n Roberto Pel\u00e1ez hacia la Instituci\u00f3n Educativa Marino G\u00f3mez Estrada, una infraestructura m\u00e1s amplia y adecuada que responde al notable crecimiento que ha tenido la instituci\u00f3n en esta zona del departamento. Actualmente, la Universidad atiende 650 estudiantes entre Aguadas, Salamina y P\u00e1cora, tanto en programas de articulaci\u00f3n como en oferta de sede, y solo en la sede de Aguadas alberga 220 estudiantes en programas especiales.<!--more--><\/p>\n<p style=\"text-align: justify;\">El acto protocolario de firma del comodato, mediante el cual la instituci\u00f3n educativa entrega oficialmente los espacios a la Universidad de Caldas, cont\u00f3 con la presencia de estudiantes, padres de familia, directivos y autoridades municipales. Durante la ceremonia se destac\u00f3 que este traslado permitir\u00e1 ampliar la capacidad acad\u00e9mica y mejorar las condiciones de formaci\u00f3n, gracias a que el plantel Marino G\u00f3mez Estrada ofrece mayores \u00e1reas, cinco hect\u00e1reas campestres y un entorno propicio para futuros desarrollos como residencias universitarias, zonas de coworking y espacios de bienestar.<\/p>\n<p style=\"text-align: justify;\">Como parte del compromiso con el fortalecimiento de la sede, la Universidad de Caldas ya realiz\u00f3 la entrega inicial de mobiliario \u2014sillas universitarias, televisores y videobeam\u2014 y continuar\u00e1 evaluando necesidades de dotaci\u00f3n e infraestructura para realizar las inversiones. Estas acciones se realizan en articulaci\u00f3n con los aportes del municipio a trav\u00e9s de la Estampilla Pro Universidad, recurso que permite financiar procesos de articulaci\u00f3n educativa y apoyar el crecimiento de la instituci\u00f3n en el norte de Caldas.<\/p>\n<p style=\"text-align: justify;\">El rector de la Universidad de Caldas, Fabio Hernando Arias Orozco, destac\u00f3 la importancia estrat\u00e9gica de esta reapertura en el Colegio Marino G\u00f3mez y el crecimiento sostenido de la sede. \u201cEstamos hoy en Aguadas con 400 estudiantes en diferentes programas y queremos traer m\u00e1s ofertas acad\u00e9micas, como Ingenier\u00eda en Sistemas Inform\u00e1ticos y posteriormente Inteligencia Artificial. En menos de dos a\u00f1os y medio pasamos de 120 estudiantes a 400, y hoy tenemos un inventario total de 650 j\u00f3venes en el norte del departamento\u201d, se\u00f1al\u00f3. El directivo anunci\u00f3, adem\u00e1s, la gesti\u00f3n de proyectos ante el departamento y el Ministerio de Educaci\u00f3n para la construcci\u00f3n de residencias universitarias y mejoras en la infraestructura.<\/p>\n<p style=\"text-align: justify;\">Por su parte, el alcalde de Aguadas, Fabio G\u00f3mez Mej\u00eda, celebr\u00f3 la llegada de la Universidad de Caldas a la nueva sede, resaltando que este cambio responde a un proyecto de expansi\u00f3n que beneficiar\u00e1 a j\u00f3venes de toda la regi\u00f3n. \u201cPara nosotros es un privilegio que la universidad haya escogido a Aguadas como epicentro para los municipios aleda\u00f1os. Las residencias universitarias ser\u00e1n un logro muy significativo, porque permitir\u00e1n a nuestros j\u00f3venes acceder a educaci\u00f3n superior sin alejarse de sus territorios\u201d, afirm\u00f3. Tambi\u00e9n destac\u00f3 el aporte financiero de la Estampilla Pro Universidad, que ha permitido fortalecer dotaciones, aulas de inform\u00e1tica y equipamiento acad\u00e9mico.<\/p>\n<p style=\"text-align: justify;\">El rector de la Instituci\u00f3n Educativa Marino G\u00f3mez Estrada, Juli\u00e1n Andr\u00e9s \u00c1lvarez Osorio, expres\u00f3 el orgullo que representa recibir a la Universidad de Caldas en un a\u00f1o en que la instituci\u00f3n celebra 120 a\u00f1os de historia. \u201cEs una oportunidad muy especial para que nuestros estudiantes y los j\u00f3venes del municipio contin\u00faen sus procesos de formaci\u00f3n acad\u00e9mica sin salir de Aguadas. Hace a\u00f1os era dif\u00edcil pensar en acceder a la educaci\u00f3n superior desde aqu\u00ed; hoy ya es una realidad gracias a esta alianza\u201d, afirm\u00f3.<\/p>\n<p style=\"text-align: justify;\"><strong>Anexo:<\/strong><\/p>\n<p style=\"text-align: justify;\"><a href=\"https:\/\/www.ucaldas.edu.co\/portal\/wp-content\/uploads\/2025\/12\/Rector-de-la-Universidad-de-Caldas_-Fabio-Hernando-Arias-Orozco.mp3\"><strong>-Audio Rector de la Universidad de Caldas, Fabio Hernando Arias Orozco<\/strong><\/a><\/p>\n<audio class=\"wp-audio-shortcode\" id=\"audio-100397-1\" preload=\"none\" style=\"width: 100%;\" controls=\"controls\"><source type=\"audio\/mpeg\" src=\"https:\/\/www.ucaldas.edu.co\/portal\/wp-content\/uploads\/2025\/12\/Rector-de-la-Universidad-de-Caldas_-Fabio-Hernando-Arias-Orozco.mp3?_=1\" \/><a href=\"https:\/\/www.ucaldas.edu.co\/portal\/wp-content\/uploads\/2025\/12\/Rector-de-la-Universidad-de-Caldas_-Fabio-Hernando-Arias-Orozco.mp3\">https:\/\/www.ucaldas.edu.co\/portal\/wp-content\/uploads\/2025\/12\/Rector-de-la-Universidad-de-Caldas_-Fabio-Hernando-Arias-Orozco.mp3<\/a><\/audio>\n<p style=\"text-align: justify;\"><a href=\"https:\/\/www.ucaldas.edu.co\/portal\/wp-content\/uploads\/2025\/12\/Alcalde-de-Aguadas_-Fabio-Gomez-Mejia.mp3\"><strong>-Audio Alcalde de Aguadas, Fabio G\u00f3mez Mej\u00eda<\/strong><\/a><\/p>\n<audio class=\"wp-audio-shortcode\" id=\"audio-100397-2\" preload=\"none\" style=\"width: 100%;\" controls=\"controls\"><source type=\"audio\/mpeg\" src=\"https:\/\/www.ucaldas.edu.co\/portal\/wp-content\/uploads\/2025\/12\/Alcalde-de-Aguadas_-Fabio-Gomez-Mejia.mp3?_=2\" \/><a href=\"https:\/\/www.ucaldas.edu.co\/portal\/wp-content\/uploads\/2025\/12\/Alcalde-de-Aguadas_-Fabio-Gomez-Mejia.mp3\">https:\/\/www.ucaldas.edu.co\/portal\/wp-content\/uploads\/2025\/12\/Alcalde-de-Aguadas_-Fabio-Gomez-Mejia.mp3<\/a><\/audio>\n<p style=\"text-align: justify;\"><a href=\"https:\/\/www.ucaldas.edu.co\/portal\/wp-content\/uploads\/2025\/12\/Rector-de-la-I.-E.-Marino-Gomez-Estrada_-Julian-Andres-Alvarez-Osorio.mp3\"><strong>-Audio Rector de la I. E. Marino G\u00f3mez Estrada, Juli\u00e1n Andr\u00e9s \u00c1lvarez Osorio<\/strong><\/a><\/p>\n<audio class=\"wp-audio-shortcode\" id=\"audio-100397-3\" preload=\"none\" style=\"width: 100%;\" controls=\"controls\"><source type=\"audio\/mpeg\" src=\"https:\/\/www.ucaldas.edu.co\/portal\/wp-content\/uploads\/2025\/12\/Rector-de-la-I.-E.-Marino-Gomez-Estrada_-Julian-Andres-Alvarez-Osorio.mp3?_=3\" \/><a href=\"https:\/\/www.ucaldas.edu.co\/portal\/wp-content\/uploads\/2025\/12\/Rector-de-la-I.-E.-Marino-Gomez-Estrada_-Julian-Andres-Alvarez-Osorio.mp3\">https:\/\/www.ucaldas.edu.co\/portal\/wp-content\/uploads\/2025\/12\/Rector-de-la-I.-E.-Marino-Gomez-Estrada_-Julian-Andres-Alvarez-Osorio.mp3<\/a><\/audio>\n<p>[\/vc_column_text][vc_images_carousel images=\u00bb100402,100403,100404,100405,100406,100407,100408,100409,100410,100411,100412,100413,100414,100415,100416,100417,100418,100419&#8243; img_size=\u00bb700&#215;500&#8243; autoplay=\u00bbyes\u00bb css=\u00bb\u00bb title=\u00bbGaler\u00eda de fotos\u00bb][\/vc_column][\/vc_row]<\/p>\n<\/div>","protected":false},"excerpt":{"rendered":"<p>[vc_row][vc_column][vc_video link=\u00bbhttps:\/\/youtu.be\/TayyTKMasdg\u00bb css=\u00bb\u00bb][vc_column_text] La Universidad de Caldas oficializ\u00f3 el traslado de su sede en el municipio de Aguadas desde la instituci\u00f3n Roberto Pel\u00e1ez hacia la Instituci\u00f3n Educativa Marino G\u00f3mez Estrada, una infraestructura m\u00e1s amplia y adecuada que responde al notable crecimiento que ha tenido la instituci\u00f3n en esta zona del departamento. Actualmente, la Universidad atiende [&hellip;]<\/p>\n","protected":false},"author":2,"featured_media":100420,"comment_status":"closed","ping_status":"open","sticky":false,"template":"","format":"standard","meta":{"footnotes":""},"categories":[48,53,600,9799,9870],"tags":[1364,7212],"class_list":["post-100397","post","type-post","status-publish","format-standard","has-post-thumbnail","hentry","category-actualidad","category-universidad-al-dia","category-ucaldas-regional","category-destacados","category-u-caldas-en-tu-pueblo","tag-aguadas","tag-norte-de-caldas"],"yoast_head":"<!-- This site is optimized with the Yoast SEO plugin v27.5 - https:\/\/yoast.com\/product\/yoast-seo-wordpress\/ -->\n<title>Universidad de Caldas fortalece su presencia en el norte del departamento con nueva sede en Aguadas .<\/title>\n<meta name=\"robots\" content=\"index, follow, max-snippet:-1, max-image-preview:large, max-video-preview:-1\" \/>\n<link rel=\"canonical\" href=\"https:\/\/www.ucaldas.edu.co\/portal\/universidad-de-caldas-fortalece-su-presencia-en-el-norte-del-departamento-con-nueva-sede-en-aguadas\/\" \/>\n<script type=\"application\/ld+json\" class=\"yoast-schema-graph\">{\"@context\":\"https:\\\/\\\/schema.org\",\"@graph\":[{\"@type\":\"Article\",\"@id\":\"https:\\\/\\\/www.ucaldas.edu.co\\\/portal\\\/universidad-de-caldas-fortalece-su-presencia-en-el-norte-del-departamento-con-nueva-sede-en-aguadas\\\/#article\",\"isPartOf\":{\"@id\":\"https:\\\/\\\/www.ucaldas.edu.co\\\/portal\\\/universidad-de-caldas-fortalece-su-presencia-en-el-norte-del-departamento-con-nueva-sede-en-aguadas\\\/\"},\"author\":{\"name\":\"ofiprensa\",\"@id\":\"https:\\\/\\\/www.ucaldas.edu.co\\\/portal\\\/#\\\/schema\\\/person\\\/a1b482e23449158b4bc319926c074fdf\"},\"headline\":\"Universidad de Caldas fortalece su presencia en el norte del departamento con nueva sede en Aguadas\",\"datePublished\":\"2025-12-04T20:08:04+00:00\",\"mainEntityOfPage\":{\"@id\":\"https:\\\/\\\/www.ucaldas.edu.co\\\/portal\\\/universidad-de-caldas-fortalece-su-presencia-en-el-norte-del-departamento-con-nueva-sede-en-aguadas\\\/\"},\"wordCount\":723,\"publisher\":{\"@id\":\"https:\\\/\\\/www.ucaldas.edu.co\\\/portal\\\/#organization\"},\"image\":{\"@id\":\"https:\\\/\\\/www.ucaldas.edu.co\\\/portal\\\/universidad-de-caldas-fortalece-su-presencia-en-el-norte-del-departamento-con-nueva-sede-en-aguadas\\\/#primaryimage\"},\"thumbnailUrl\":\"https:\\\/\\\/www.ucaldas.edu.co\\\/portal\\\/wp-content\\\/uploads\\\/2025\\\/12\\\/IMG_0360-scaled-e1764878212963.jpg\",\"keywords\":[\"Aguadas\",\"norte de caldas\"],\"articleSection\":[\"Actualidad\",\"Universidad al D\u00eda\",\"UCaldas Regional\",\"Destacados\",\"U Caldas en tu Pueblo\"],\"inLanguage\":\"es\"},{\"@type\":\"WebPage\",\"@id\":\"https:\\\/\\\/www.ucaldas.edu.co\\\/portal\\\/universidad-de-caldas-fortalece-su-presencia-en-el-norte-del-departamento-con-nueva-sede-en-aguadas\\\/\",\"url\":\"https:\\\/\\\/www.ucaldas.edu.co\\\/portal\\\/universidad-de-caldas-fortalece-su-presencia-en-el-norte-del-departamento-con-nueva-sede-en-aguadas\\\/\",\"name\":\"Universidad de Caldas fortalece su presencia en el norte del departamento con nueva sede en Aguadas .\",\"isPartOf\":{\"@id\":\"https:\\\/\\\/www.ucaldas.edu.co\\\/portal\\\/#website\"},\"primaryImageOfPage\":{\"@id\":\"https:\\\/\\\/www.ucaldas.edu.co\\\/portal\\\/universidad-de-caldas-fortalece-su-presencia-en-el-norte-del-departamento-con-nueva-sede-en-aguadas\\\/#primaryimage\"},\"image\":{\"@id\":\"https:\\\/\\\/www.ucaldas.edu.co\\\/portal\\\/universidad-de-caldas-fortalece-su-presencia-en-el-norte-del-departamento-con-nueva-sede-en-aguadas\\\/#primaryimage\"},\"thumbnailUrl\":\"https:\\\/\\\/www.ucaldas.edu.co\\\/portal\\\/wp-content\\\/uploads\\\/2025\\\/12\\\/IMG_0360-scaled-e1764878212963.jpg\",\"datePublished\":\"2025-12-04T20:08:04+00:00\",\"breadcrumb\":{\"@id\":\"https:\\\/\\\/www.ucaldas.edu.co\\\/portal\\\/universidad-de-caldas-fortalece-su-presencia-en-el-norte-del-departamento-con-nueva-sede-en-aguadas\\\/#breadcrumb\"},\"inLanguage\":\"es\",\"potentialAction\":[{\"@type\":\"ReadAction\",\"target\":[\"https:\\\/\\\/www.ucaldas.edu.co\\\/portal\\\/universidad-de-caldas-fortalece-su-presencia-en-el-norte-del-departamento-con-nueva-sede-en-aguadas\\\/\"]}]},{\"@type\":\"ImageObject\",\"inLanguage\":\"es\",\"@id\":\"https:\\\/\\\/www.ucaldas.edu.co\\\/portal\\\/universidad-de-caldas-fortalece-su-presencia-en-el-norte-del-departamento-con-nueva-sede-en-aguadas\\\/#primaryimage\",\"url\":\"https:\\\/\\\/www.ucaldas.edu.co\\\/portal\\\/wp-content\\\/uploads\\\/2025\\\/12\\\/IMG_0360-scaled-e1764878212963.jpg\",\"contentUrl\":\"https:\\\/\\\/www.ucaldas.edu.co\\\/portal\\\/wp-content\\\/uploads\\\/2025\\\/12\\\/IMG_0360-scaled-e1764878212963.jpg\",\"width\":900,\"height\":675,\"caption\":\"Nueva sede en Aguadas\"},{\"@type\":\"BreadcrumbList\",\"@id\":\"https:\\\/\\\/www.ucaldas.edu.co\\\/portal\\\/universidad-de-caldas-fortalece-su-presencia-en-el-norte-del-departamento-con-nueva-sede-en-aguadas\\\/#breadcrumb\",\"itemListElement\":[{\"@type\":\"ListItem\",\"position\":1,\"name\":\"Portada\",\"item\":\"https:\\\/\\\/www.ucaldas.edu.co\\\/portal\\\/\"},{\"@type\":\"ListItem\",\"position\":2,\"name\":\"Universidad de Caldas fortalece su presencia en el norte del departamento con nueva sede en Aguadas\"}]},{\"@type\":\"WebSite\",\"@id\":\"https:\\\/\\\/www.ucaldas.edu.co\\\/portal\\\/#website\",\"url\":\"https:\\\/\\\/www.ucaldas.edu.co\\\/portal\\\/\",\"name\":\"Universidad de Caldas\",\"description\":\"\",\"publisher\":{\"@id\":\"https:\\\/\\\/www.ucaldas.edu.co\\\/portal\\\/#organization\"},\"alternateName\":\"U. de Caldas\",\"potentialAction\":[{\"@type\":\"SearchAction\",\"target\":{\"@type\":\"EntryPoint\",\"urlTemplate\":\"https:\\\/\\\/www.ucaldas.edu.co\\\/portal\\\/?s={search_term_string}\"},\"query-input\":{\"@type\":\"PropertyValueSpecification\",\"valueRequired\":true,\"valueName\":\"search_term_string\"}}],\"inLanguage\":\"es\"},{\"@type\":\"Organization\",\"@id\":\"https:\\\/\\\/www.ucaldas.edu.co\\\/portal\\\/#organization\",\"name\":\"Universidad de Caldas\",\"alternateName\":\"U. de Caldas\",\"url\":\"https:\\\/\\\/www.ucaldas.edu.co\\\/portal\\\/\",\"logo\":{\"@type\":\"ImageObject\",\"inLanguage\":\"es\",\"@id\":\"https:\\\/\\\/www.ucaldas.edu.co\\\/portal\\\/#\\\/schema\\\/logo\\\/image\\\/\",\"url\":\"https:\\\/\\\/www.ucaldas.edu.co\\\/portal\\\/wp-content\\\/uploads\\\/2023\\\/11\\\/Logo_horizontal_oscuroU-2023.png\",\"contentUrl\":\"https:\\\/\\\/www.ucaldas.edu.co\\\/portal\\\/wp-content\\\/uploads\\\/2023\\\/11\\\/Logo_horizontal_oscuroU-2023.png\",\"width\":263,\"height\":101,\"caption\":\"Universidad de Caldas\"},\"image\":{\"@id\":\"https:\\\/\\\/www.ucaldas.edu.co\\\/portal\\\/#\\\/schema\\\/logo\\\/image\\\/\"},\"sameAs\":[\"https:\\\/\\\/www.facebook.com\\\/udecaldas\",\"https:\\\/\\\/x.com\\\/udecaldas\",\"https:\\\/\\\/www.youtube.com\\\/universidadcaldas\",\"https:\\\/\\\/www.instagram.com\\\/udecaldas\\\/\"]},{\"@type\":\"Person\",\"@id\":\"https:\\\/\\\/www.ucaldas.edu.co\\\/portal\\\/#\\\/schema\\\/person\\\/a1b482e23449158b4bc319926c074fdf\",\"name\":\"ofiprensa\",\"image\":{\"@type\":\"ImageObject\",\"inLanguage\":\"es\",\"@id\":\"https:\\\/\\\/www.ucaldas.edu.co\\\/portal\\\/wp-content\\\/litespeed\\\/avatar\\\/09ea5085e600095a7a811142c6944527.jpg?ver=1777497608\",\"url\":\"https:\\\/\\\/www.ucaldas.edu.co\\\/portal\\\/wp-content\\\/litespeed\\\/avatar\\\/09ea5085e600095a7a811142c6944527.jpg?ver=1777497608\",\"contentUrl\":\"https:\\\/\\\/www.ucaldas.edu.co\\\/portal\\\/wp-content\\\/litespeed\\\/avatar\\\/09ea5085e600095a7a811142c6944527.jpg?ver=1777497608\",\"caption\":\"ofiprensa\"},\"url\":\"https:\\\/\\\/www.ucaldas.edu.co\\\/portal\\\/author\\\/ofiprensa\\\/\"}]}<\/script>\n<!-- \/ Yoast SEO plugin. -->","yoast_head_json":{"title":"Universidad de Caldas fortalece su presencia en el norte del departamento con nueva sede en Aguadas .","robots":{"index":"index","follow":"follow","max-snippet":"max-snippet:-1","max-image-preview":"max-image-preview:large","max-video-preview":"max-video-preview:-1"},"canonical":"https:\/\/www.ucaldas.edu.co\/portal\/universidad-de-caldas-fortalece-su-presencia-en-el-norte-del-departamento-con-nueva-sede-en-aguadas\/","schema":{"@context":"https:\/\/schema.org","@graph":[{"@type":"Article","@id":"https:\/\/www.ucaldas.edu.co\/portal\/universidad-de-caldas-fortalece-su-presencia-en-el-norte-del-departamento-con-nueva-sede-en-aguadas\/#article","isPartOf":{"@id":"https:\/\/www.ucaldas.edu.co\/portal\/universidad-de-caldas-fortalece-su-presencia-en-el-norte-del-departamento-con-nueva-sede-en-aguadas\/"},"author":{"name":"ofiprensa","@id":"https:\/\/www.ucaldas.edu.co\/portal\/#\/schema\/person\/a1b482e23449158b4bc319926c074fdf"},"headline":"Universidad de Caldas fortalece su presencia en el norte del departamento con nueva sede en Aguadas","datePublished":"2025-12-04T20:08:04+00:00","mainEntityOfPage":{"@id":"https:\/\/www.ucaldas.edu.co\/portal\/universidad-de-caldas-fortalece-su-presencia-en-el-norte-del-departamento-con-nueva-sede-en-aguadas\/"},"wordCount":723,"publisher":{"@id":"https:\/\/www.ucaldas.edu.co\/portal\/#organization"},"image":{"@id":"https:\/\/www.ucaldas.edu.co\/portal\/universidad-de-caldas-fortalece-su-presencia-en-el-norte-del-departamento-con-nueva-sede-en-aguadas\/#primaryimage"},"thumbnailUrl":"https:\/\/www.ucaldas.edu.co\/portal\/wp-content\/uploads\/2025\/12\/IMG_0360-scaled-e1764878212963.jpg","keywords":["Aguadas","norte de caldas"],"articleSection":["Actualidad","Universidad al D\u00eda","UCaldas Regional","Destacados","U Caldas en tu Pueblo"],"inLanguage":"es"},{"@type":"WebPage","@id":"https:\/\/www.ucaldas.edu.co\/portal\/universidad-de-caldas-fortalece-su-presencia-en-el-norte-del-departamento-con-nueva-sede-en-aguadas\/","url":"https:\/\/www.ucaldas.edu.co\/portal\/universidad-de-caldas-fortalece-su-presencia-en-el-norte-del-departamento-con-nueva-sede-en-aguadas\/","name":"Universidad de Caldas fortalece su presencia en el norte del departamento con nueva sede en Aguadas .","isPartOf":{"@id":"https:\/\/www.ucaldas.edu.co\/portal\/#website"},"primaryImageOfPage":{"@id":"https:\/\/www.ucaldas.edu.co\/portal\/universidad-de-caldas-fortalece-su-presencia-en-el-norte-del-departamento-con-nueva-sede-en-aguadas\/#primaryimage"},"image":{"@id":"https:\/\/www.ucaldas.edu.co\/portal\/universidad-de-caldas-fortalece-su-presencia-en-el-norte-del-departamento-con-nueva-sede-en-aguadas\/#primaryimage"},"thumbnailUrl":"https:\/\/www.ucaldas.edu.co\/portal\/wp-content\/uploads\/2025\/12\/IMG_0360-scaled-e1764878212963.jpg","datePublished":"2025-12-04T20:08:04+00:00","breadcrumb":{"@id":"https:\/\/www.ucaldas.edu.co\/portal\/universidad-de-caldas-fortalece-su-presencia-en-el-norte-del-departamento-con-nueva-sede-en-aguadas\/#breadcrumb"},"inLanguage":"es","potentialAction":[{"@type":"ReadAction","target":["https:\/\/www.ucaldas.edu.co\/portal\/universidad-de-caldas-fortalece-su-presencia-en-el-norte-del-departamento-con-nueva-sede-en-aguadas\/"]}]},{"@type":"ImageObject","inLanguage":"es","@id":"https:\/\/www.ucaldas.edu.co\/portal\/universidad-de-caldas-fortalece-su-presencia-en-el-norte-del-departamento-con-nueva-sede-en-aguadas\/#primaryimage","url":"https:\/\/www.ucaldas.edu.co\/portal\/wp-content\/uploads\/2025\/12\/IMG_0360-scaled-e1764878212963.jpg","contentUrl":"https:\/\/www.ucaldas.edu.co\/portal\/wp-content\/uploads\/2025\/12\/IMG_0360-scaled-e1764878212963.jpg","width":900,"height":675,"caption":"Nueva sede en Aguadas"},{"@type":"BreadcrumbList","@id":"https:\/\/www.ucaldas.edu.co\/portal\/universidad-de-caldas-fortalece-su-presencia-en-el-norte-del-departamento-con-nueva-sede-en-aguadas\/#breadcrumb","itemListElement":[{"@type":"ListItem","position":1,"name":"Portada","item":"https:\/\/www.ucaldas.edu.co\/portal\/"},{"@type":"ListItem","position":2,"name":"Universidad de Caldas fortalece su presencia en el norte del departamento con nueva sede en Aguadas"}]},{"@type":"WebSite","@id":"https:\/\/www.ucaldas.edu.co\/portal\/#website","url":"https:\/\/www.ucaldas.edu.co\/portal\/","name":"Universidad de Caldas","description":"","publisher":{"@id":"https:\/\/www.ucaldas.edu.co\/portal\/#organization"},"alternateName":"U. de Caldas","potentialAction":[{"@type":"SearchAction","target":{"@type":"EntryPoint","urlTemplate":"https:\/\/www.ucaldas.edu.co\/portal\/?s={search_term_string}"},"query-input":{"@type":"PropertyValueSpecification","valueRequired":true,"valueName":"search_term_string"}}],"inLanguage":"es"},{"@type":"Organization","@id":"https:\/\/www.ucaldas.edu.co\/portal\/#organization","name":"Universidad de Caldas","alternateName":"U. de Caldas","url":"https:\/\/www.ucaldas.edu.co\/portal\/","logo":{"@type":"ImageObject","inLanguage":"es","@id":"https:\/\/www.ucaldas.edu.co\/portal\/#\/schema\/logo\/image\/","url":"https:\/\/www.ucaldas.edu.co\/portal\/wp-content\/uploads\/2023\/11\/Logo_horizontal_oscuroU-2023.png","contentUrl":"https:\/\/www.ucaldas.edu.co\/portal\/wp-content\/uploads\/2023\/11\/Logo_horizontal_oscuroU-2023.png","width":263,"height":101,"caption":"Universidad de Caldas"},"image":{"@id":"https:\/\/www.ucaldas.edu.co\/portal\/#\/schema\/logo\/image\/"},"sameAs":["https:\/\/www.facebook.com\/udecaldas","https:\/\/x.com\/udecaldas","https:\/\/www.youtube.com\/universidadcaldas","https:\/\/www.instagram.com\/udecaldas\/"]},{"@type":"Person","@id":"https:\/\/www.ucaldas.edu.co\/portal\/#\/schema\/person\/a1b482e23449158b4bc319926c074fdf","name":"ofiprensa","image":{"@type":"ImageObject","inLanguage":"es","@id":"https:\/\/www.ucaldas.edu.co\/portal\/wp-content\/litespeed\/avatar\/09ea5085e600095a7a811142c6944527.jpg?ver=1777497608","url":"https:\/\/www.ucaldas.edu.co\/portal\/wp-content\/litespeed\/avatar\/09ea5085e600095a7a811142c6944527.jpg?ver=1777497608","contentUrl":"https:\/\/www.ucaldas.edu.co\/portal\/wp-content\/litespeed\/avatar\/09ea5085e600095a7a811142c6944527.jpg?ver=1777497608","caption":"ofiprensa"},"url":"https:\/\/www.ucaldas.edu.co\/portal\/author\/ofiprensa\/"}]}},"_links":{"self":[{"href":"https:\/\/www.ucaldas.edu.co\/portal\/wp-json\/wp\/v2\/posts\/100397","targetHints":{"allow":["GET"]}}],"collection":[{"href":"https:\/\/www.ucaldas.edu.co\/portal\/wp-json\/wp\/v2\/posts"}],"about":[{"href":"https:\/\/www.ucaldas.edu.co\/portal\/wp-json\/wp\/v2\/types\/post"}],"author":[{"embeddable":true,"href":"https:\/\/www.ucaldas.edu.co\/portal\/wp-json\/wp\/v2\/users\/2"}],"replies":[{"embeddable":true,"href":"https:\/\/www.ucaldas.edu.co\/portal\/wp-json\/wp\/v2\/comments?post=100397"}],"version-history":[{"count":1,"href":"https:\/\/www.ucaldas.edu.co\/portal\/wp-json\/wp\/v2\/posts\/100397\/revisions"}],"predecessor-version":[{"id":100423,"href":"https:\/\/www.ucaldas.edu.co\/portal\/wp-json\/wp\/v2\/posts\/100397\/revisions\/100423"}],"wp:featuredmedia":[{"embeddable":true,"href":"https:\/\/www.ucaldas.edu.co\/portal\/wp-json\/wp\/v2\/media\/100420"}],"wp:attachment":[{"href":"https:\/\/www.ucaldas.edu.co\/portal\/wp-json\/wp\/v2\/media?parent=100397"}],"wp:term":[{"taxonomy":"category","embeddable":true,"href":"https:\/\/www.ucaldas.edu.co\/portal\/wp-json\/wp\/v2\/categories?post=100397"},{"taxonomy":"post_tag","embeddable":true,"href":"https:\/\/www.ucaldas.edu.co\/portal\/wp-json\/wp\/v2\/tags?post=100397"}],"curies":[{"name":"wp","href":"https:\/\/api.w.org\/{rel}","templated":true}]}}