{"id":100360,"date":"2025-12-04T13:41:08","date_gmt":"2025-12-04T18:41:08","guid":{"rendered":"https:\/\/www.ucaldas.edu.co\/portal\/?p=100360"},"modified":"2025-12-04T13:41:08","modified_gmt":"2025-12-04T18:41:08","slug":"investigacion-y-creacion-el-cable-aereo-mas-largo-del-mundo-un-libro-que-es-legado-para-la-region","status":"publish","type":"post","link":"https:\/\/www.ucaldas.edu.co\/portal\/investigacion-y-creacion-el-cable-aereo-mas-largo-del-mundo-un-libro-que-es-legado-para-la-region\/","title":{"rendered":"Investigaci\u00f3n y creaci\u00f3n: El cable a\u00e9reo m\u00e1s largo del mundo, un libro que es legado para la regi\u00f3n"},"content":{"rendered":"<p><img loading=\"lazy\" decoding=\"async\" class=\"alignnone wp-image-100361 size-full\" src=\"https:\/\/www.ucaldas.edu.co\/portal\/wp-content\/uploads\/2025\/12\/Post-Salida-Cable-Aereo-Libro-e1764873582586.png\" alt=\"Cable a\u00e9reo m\u00e1s largo del mundo\" width=\"900\" height=\"1125\" \/><\/p>\n<p style=\"text-align: justify;\">Con la asistencia de m\u00e1s de 120 personas se realiz\u00f3 el lanzamiento de El cable a\u00e9reo m\u00e1s largo del mundo, una obra que reconstruye la historia, la memoria y la cultura del antiguo cable a\u00e9reo Manizales\u2013Mariquita. El libro, bajo la direcci\u00f3n de Gabriel Gallego Montes y Laura Sof\u00eda Mesa, surge de m\u00e1s de cuatro a\u00f1os de investigaci\u00f3n y creaci\u00f3n conjunta que reuni\u00f3 a investigadores, editores, aliados institucionales y equipos de producci\u00f3n audiovisual.<!--more--><\/p>\n<p style=\"text-align: justify;\">La publicaci\u00f3n se estructura en dos partes: una primera secci\u00f3n dedicada al contexto hist\u00f3rico del cable y una segunda que recopila recetas, objetos y elementos cotidianos asociados a la vida alrededor de esta infraestructura. El proyecto se desarroll\u00f3 en articulaci\u00f3n con la Facultad de Ciencias Jur\u00eddicas y Sociales de la Universidad de Caldas, que acompa\u00f1\u00f3 los procesos de recuperaci\u00f3n de memoria, trabajo comunitario y documentaci\u00f3n en territorio. El proceso creativo: registro fotogr\u00e1fico, dise\u00f1o, diagramaci\u00f3n y edici\u00f3n del libro fue realizado por el equipo C-Transmedia.<\/p>\n<p style=\"text-align: justify;\">Para Gabriel Gallego Montes este libro marca un cierre significativo: \u201cHacemos un cierre de un proyecto de 4\u20135 a\u00f1os, que empez\u00f3 como un ejercicio de familia, pero que se convirti\u00f3 en un proyecto de ciudad y de regi\u00f3n\u201d. Tambi\u00e9n destac\u00f3 el rol del C-Transmedia en la producci\u00f3n de la obra: \u201cEl compromiso de Transmedia fue central, fueron una pieza fundamental en este proceso. Este libro tiene su sello: un trabajo colaborativo en el que se puso el alma, el coraz\u00f3n y el conocimiento\u201d.<\/p>\n<p style=\"text-align: justify;\">Aunque esta publicaci\u00f3n cierra una etapa, el equipo ya inici\u00f3 un nuevo proceso de investigaci\u00f3n sobre el cable a\u00e9reo del norte de Caldas, otro sistema clave para el desarrollo regional. Con ello, contin\u00faa el prop\u00f3sito de visibilizar y preservar el patrimonio cultural, tecnol\u00f3gico y comunitario de la regi\u00f3n.<\/p>\n<p style=\"text-align: justify;\">Escucha aqu\u00ed el audio de Gabriel Gallego: <a href=\"https:\/\/youtu.be\/Ez0VB02TfMU?si=_RDNPQjuyc1D2s_Y\">https:\/\/youtu.be\/Ez0VB02TfMU?si=_RDNPQjuyc1D2s_Y<\/a><\/p>\n<p style=\"text-align: justify;\">Conoce m\u00e1s en: <a href=\"http:\/\/transmedia.ucaldas.edu.co\">transmedia.ucaldas.edu.co<\/a><\/p>\n","protected":false},"excerpt":{"rendered":"<p>Con la asistencia de m\u00e1s de 120 personas se realiz\u00f3 el lanzamiento de El cable a\u00e9reo m\u00e1s largo del mundo, una obra que reconstruye la historia, la memoria y la cultura del antiguo cable a\u00e9reo Manizales\u2013Mariquita. El libro, bajo la direcci\u00f3n de Gabriel Gallego Montes y Laura Sof\u00eda Mesa, surge de m\u00e1s de cuatro a\u00f1os [&hellip;]<\/p>\n","protected":false},"author":2,"featured_media":100361,"comment_status":"closed","ping_status":"open","sticky":false,"template":"","format":"standard","meta":{"footnotes":""},"categories":[48,53],"tags":[9894,9984],"class_list":["post-100360","post","type-post","status-publish","format-standard","has-post-thumbnail","hentry","category-actualidad","category-universidad-al-dia","tag-c-trasmedia","tag-cable-aereo-mas-largo-del-mundo"],"yoast_head":"<!-- This site is optimized with the Yoast SEO plugin v27.5 - https:\/\/yoast.com\/product\/yoast-seo-wordpress\/ -->\n<title>Investigaci\u00f3n y creaci\u00f3n: El cable a\u00e9reo m\u00e1s largo del mundo, un libro que es legado para la regi\u00f3n .<\/title>\n<meta name=\"robots\" content=\"index, follow, max-snippet:-1, max-image-preview:large, max-video-preview:-1\" \/>\n<link rel=\"canonical\" href=\"https:\/\/www.ucaldas.edu.co\/portal\/investigacion-y-creacion-el-cable-aereo-mas-largo-del-mundo-un-libro-que-es-legado-para-la-region\/\" \/>\n<script type=\"application\/ld+json\" class=\"yoast-schema-graph\">{\"@context\":\"https:\\\/\\\/schema.org\",\"@graph\":[{\"@type\":\"Article\",\"@id\":\"https:\\\/\\\/www.ucaldas.edu.co\\\/portal\\\/investigacion-y-creacion-el-cable-aereo-mas-largo-del-mundo-un-libro-que-es-legado-para-la-region\\\/#article\",\"isPartOf\":{\"@id\":\"https:\\\/\\\/www.ucaldas.edu.co\\\/portal\\\/investigacion-y-creacion-el-cable-aereo-mas-largo-del-mundo-un-libro-que-es-legado-para-la-region\\\/\"},\"author\":{\"name\":\"ofiprensa\",\"@id\":\"https:\\\/\\\/www.ucaldas.edu.co\\\/portal\\\/#\\\/schema\\\/person\\\/a1b482e23449158b4bc319926c074fdf\"},\"headline\":\"Investigaci\u00f3n y creaci\u00f3n: El cable a\u00e9reo m\u00e1s largo del mundo, un libro que es legado para la regi\u00f3n\",\"datePublished\":\"2025-12-04T18:41:08+00:00\",\"mainEntityOfPage\":{\"@id\":\"https:\\\/\\\/www.ucaldas.edu.co\\\/portal\\\/investigacion-y-creacion-el-cable-aereo-mas-largo-del-mundo-un-libro-que-es-legado-para-la-region\\\/\"},\"wordCount\":369,\"publisher\":{\"@id\":\"https:\\\/\\\/www.ucaldas.edu.co\\\/portal\\\/#organization\"},\"image\":{\"@id\":\"https:\\\/\\\/www.ucaldas.edu.co\\\/portal\\\/investigacion-y-creacion-el-cable-aereo-mas-largo-del-mundo-un-libro-que-es-legado-para-la-region\\\/#primaryimage\"},\"thumbnailUrl\":\"https:\\\/\\\/www.ucaldas.edu.co\\\/portal\\\/wp-content\\\/uploads\\\/2025\\\/12\\\/Post-Salida-Cable-Aereo-Libro-e1764873582586.png\",\"keywords\":[\"c-trasmedia\",\"cable aereo mas largo del mundo\"],\"articleSection\":[\"Actualidad\",\"Universidad al D\u00eda\"],\"inLanguage\":\"es\"},{\"@type\":\"WebPage\",\"@id\":\"https:\\\/\\\/www.ucaldas.edu.co\\\/portal\\\/investigacion-y-creacion-el-cable-aereo-mas-largo-del-mundo-un-libro-que-es-legado-para-la-region\\\/\",\"url\":\"https:\\\/\\\/www.ucaldas.edu.co\\\/portal\\\/investigacion-y-creacion-el-cable-aereo-mas-largo-del-mundo-un-libro-que-es-legado-para-la-region\\\/\",\"name\":\"Investigaci\u00f3n y creaci\u00f3n: El cable a\u00e9reo m\u00e1s largo del mundo, un libro que es legado para la regi\u00f3n .\",\"isPartOf\":{\"@id\":\"https:\\\/\\\/www.ucaldas.edu.co\\\/portal\\\/#website\"},\"primaryImageOfPage\":{\"@id\":\"https:\\\/\\\/www.ucaldas.edu.co\\\/portal\\\/investigacion-y-creacion-el-cable-aereo-mas-largo-del-mundo-un-libro-que-es-legado-para-la-region\\\/#primaryimage\"},\"image\":{\"@id\":\"https:\\\/\\\/www.ucaldas.edu.co\\\/portal\\\/investigacion-y-creacion-el-cable-aereo-mas-largo-del-mundo-un-libro-que-es-legado-para-la-region\\\/#primaryimage\"},\"thumbnailUrl\":\"https:\\\/\\\/www.ucaldas.edu.co\\\/portal\\\/wp-content\\\/uploads\\\/2025\\\/12\\\/Post-Salida-Cable-Aereo-Libro-e1764873582586.png\",\"datePublished\":\"2025-12-04T18:41:08+00:00\",\"breadcrumb\":{\"@id\":\"https:\\\/\\\/www.ucaldas.edu.co\\\/portal\\\/investigacion-y-creacion-el-cable-aereo-mas-largo-del-mundo-un-libro-que-es-legado-para-la-region\\\/#breadcrumb\"},\"inLanguage\":\"es\",\"potentialAction\":[{\"@type\":\"ReadAction\",\"target\":[\"https:\\\/\\\/www.ucaldas.edu.co\\\/portal\\\/investigacion-y-creacion-el-cable-aereo-mas-largo-del-mundo-un-libro-que-es-legado-para-la-region\\\/\"]}]},{\"@type\":\"ImageObject\",\"inLanguage\":\"es\",\"@id\":\"https:\\\/\\\/www.ucaldas.edu.co\\\/portal\\\/investigacion-y-creacion-el-cable-aereo-mas-largo-del-mundo-un-libro-que-es-legado-para-la-region\\\/#primaryimage\",\"url\":\"https:\\\/\\\/www.ucaldas.edu.co\\\/portal\\\/wp-content\\\/uploads\\\/2025\\\/12\\\/Post-Salida-Cable-Aereo-Libro-e1764873582586.png\",\"contentUrl\":\"https:\\\/\\\/www.ucaldas.edu.co\\\/portal\\\/wp-content\\\/uploads\\\/2025\\\/12\\\/Post-Salida-Cable-Aereo-Libro-e1764873582586.png\",\"width\":900,\"height\":1125,\"caption\":\"Cable a\u00e9reo m\u00e1s largo del mundo\"},{\"@type\":\"BreadcrumbList\",\"@id\":\"https:\\\/\\\/www.ucaldas.edu.co\\\/portal\\\/investigacion-y-creacion-el-cable-aereo-mas-largo-del-mundo-un-libro-que-es-legado-para-la-region\\\/#breadcrumb\",\"itemListElement\":[{\"@type\":\"ListItem\",\"position\":1,\"name\":\"Portada\",\"item\":\"https:\\\/\\\/www.ucaldas.edu.co\\\/portal\\\/\"},{\"@type\":\"ListItem\",\"position\":2,\"name\":\"Investigaci\u00f3n y creaci\u00f3n: El cable a\u00e9reo m\u00e1s largo del mundo, un libro que es legado para la regi\u00f3n\"}]},{\"@type\":\"WebSite\",\"@id\":\"https:\\\/\\\/www.ucaldas.edu.co\\\/portal\\\/#website\",\"url\":\"https:\\\/\\\/www.ucaldas.edu.co\\\/portal\\\/\",\"name\":\"Universidad de Caldas\",\"description\":\"\",\"publisher\":{\"@id\":\"https:\\\/\\\/www.ucaldas.edu.co\\\/portal\\\/#organization\"},\"alternateName\":\"U. de Caldas\",\"potentialAction\":[{\"@type\":\"SearchAction\",\"target\":{\"@type\":\"EntryPoint\",\"urlTemplate\":\"https:\\\/\\\/www.ucaldas.edu.co\\\/portal\\\/?s={search_term_string}\"},\"query-input\":{\"@type\":\"PropertyValueSpecification\",\"valueRequired\":true,\"valueName\":\"search_term_string\"}}],\"inLanguage\":\"es\"},{\"@type\":\"Organization\",\"@id\":\"https:\\\/\\\/www.ucaldas.edu.co\\\/portal\\\/#organization\",\"name\":\"Universidad de Caldas\",\"alternateName\":\"U. de Caldas\",\"url\":\"https:\\\/\\\/www.ucaldas.edu.co\\\/portal\\\/\",\"logo\":{\"@type\":\"ImageObject\",\"inLanguage\":\"es\",\"@id\":\"https:\\\/\\\/www.ucaldas.edu.co\\\/portal\\\/#\\\/schema\\\/logo\\\/image\\\/\",\"url\":\"https:\\\/\\\/www.ucaldas.edu.co\\\/portal\\\/wp-content\\\/uploads\\\/2023\\\/11\\\/Logo_horizontal_oscuroU-2023.png\",\"contentUrl\":\"https:\\\/\\\/www.ucaldas.edu.co\\\/portal\\\/wp-content\\\/uploads\\\/2023\\\/11\\\/Logo_horizontal_oscuroU-2023.png\",\"width\":263,\"height\":101,\"caption\":\"Universidad de Caldas\"},\"image\":{\"@id\":\"https:\\\/\\\/www.ucaldas.edu.co\\\/portal\\\/#\\\/schema\\\/logo\\\/image\\\/\"},\"sameAs\":[\"https:\\\/\\\/www.facebook.com\\\/udecaldas\",\"https:\\\/\\\/x.com\\\/udecaldas\",\"https:\\\/\\\/www.youtube.com\\\/universidadcaldas\",\"https:\\\/\\\/www.instagram.com\\\/udecaldas\\\/\"]},{\"@type\":\"Person\",\"@id\":\"https:\\\/\\\/www.ucaldas.edu.co\\\/portal\\\/#\\\/schema\\\/person\\\/a1b482e23449158b4bc319926c074fdf\",\"name\":\"ofiprensa\",\"image\":{\"@type\":\"ImageObject\",\"inLanguage\":\"es\",\"@id\":\"https:\\\/\\\/www.ucaldas.edu.co\\\/portal\\\/wp-content\\\/litespeed\\\/avatar\\\/09ea5085e600095a7a811142c6944527.jpg?ver=1777497608\",\"url\":\"https:\\\/\\\/www.ucaldas.edu.co\\\/portal\\\/wp-content\\\/litespeed\\\/avatar\\\/09ea5085e600095a7a811142c6944527.jpg?ver=1777497608\",\"contentUrl\":\"https:\\\/\\\/www.ucaldas.edu.co\\\/portal\\\/wp-content\\\/litespeed\\\/avatar\\\/09ea5085e600095a7a811142c6944527.jpg?ver=1777497608\",\"caption\":\"ofiprensa\"},\"url\":\"https:\\\/\\\/www.ucaldas.edu.co\\\/portal\\\/author\\\/ofiprensa\\\/\"}]}<\/script>\n<!-- \/ Yoast SEO plugin. -->","yoast_head_json":{"title":"Investigaci\u00f3n y creaci\u00f3n: El cable a\u00e9reo m\u00e1s largo del mundo, un libro que es legado para la regi\u00f3n .","robots":{"index":"index","follow":"follow","max-snippet":"max-snippet:-1","max-image-preview":"max-image-preview:large","max-video-preview":"max-video-preview:-1"},"canonical":"https:\/\/www.ucaldas.edu.co\/portal\/investigacion-y-creacion-el-cable-aereo-mas-largo-del-mundo-un-libro-que-es-legado-para-la-region\/","schema":{"@context":"https:\/\/schema.org","@graph":[{"@type":"Article","@id":"https:\/\/www.ucaldas.edu.co\/portal\/investigacion-y-creacion-el-cable-aereo-mas-largo-del-mundo-un-libro-que-es-legado-para-la-region\/#article","isPartOf":{"@id":"https:\/\/www.ucaldas.edu.co\/portal\/investigacion-y-creacion-el-cable-aereo-mas-largo-del-mundo-un-libro-que-es-legado-para-la-region\/"},"author":{"name":"ofiprensa","@id":"https:\/\/www.ucaldas.edu.co\/portal\/#\/schema\/person\/a1b482e23449158b4bc319926c074fdf"},"headline":"Investigaci\u00f3n y creaci\u00f3n: El cable a\u00e9reo m\u00e1s largo del mundo, un libro que es legado para la regi\u00f3n","datePublished":"2025-12-04T18:41:08+00:00","mainEntityOfPage":{"@id":"https:\/\/www.ucaldas.edu.co\/portal\/investigacion-y-creacion-el-cable-aereo-mas-largo-del-mundo-un-libro-que-es-legado-para-la-region\/"},"wordCount":369,"publisher":{"@id":"https:\/\/www.ucaldas.edu.co\/portal\/#organization"},"image":{"@id":"https:\/\/www.ucaldas.edu.co\/portal\/investigacion-y-creacion-el-cable-aereo-mas-largo-del-mundo-un-libro-que-es-legado-para-la-region\/#primaryimage"},"thumbnailUrl":"https:\/\/www.ucaldas.edu.co\/portal\/wp-content\/uploads\/2025\/12\/Post-Salida-Cable-Aereo-Libro-e1764873582586.png","keywords":["c-trasmedia","cable aereo mas largo del mundo"],"articleSection":["Actualidad","Universidad al D\u00eda"],"inLanguage":"es"},{"@type":"WebPage","@id":"https:\/\/www.ucaldas.edu.co\/portal\/investigacion-y-creacion-el-cable-aereo-mas-largo-del-mundo-un-libro-que-es-legado-para-la-region\/","url":"https:\/\/www.ucaldas.edu.co\/portal\/investigacion-y-creacion-el-cable-aereo-mas-largo-del-mundo-un-libro-que-es-legado-para-la-region\/","name":"Investigaci\u00f3n y creaci\u00f3n: El cable a\u00e9reo m\u00e1s largo del mundo, un libro que es legado para la regi\u00f3n .","isPartOf":{"@id":"https:\/\/www.ucaldas.edu.co\/portal\/#website"},"primaryImageOfPage":{"@id":"https:\/\/www.ucaldas.edu.co\/portal\/investigacion-y-creacion-el-cable-aereo-mas-largo-del-mundo-un-libro-que-es-legado-para-la-region\/#primaryimage"},"image":{"@id":"https:\/\/www.ucaldas.edu.co\/portal\/investigacion-y-creacion-el-cable-aereo-mas-largo-del-mundo-un-libro-que-es-legado-para-la-region\/#primaryimage"},"thumbnailUrl":"https:\/\/www.ucaldas.edu.co\/portal\/wp-content\/uploads\/2025\/12\/Post-Salida-Cable-Aereo-Libro-e1764873582586.png","datePublished":"2025-12-04T18:41:08+00:00","breadcrumb":{"@id":"https:\/\/www.ucaldas.edu.co\/portal\/investigacion-y-creacion-el-cable-aereo-mas-largo-del-mundo-un-libro-que-es-legado-para-la-region\/#breadcrumb"},"inLanguage":"es","potentialAction":[{"@type":"ReadAction","target":["https:\/\/www.ucaldas.edu.co\/portal\/investigacion-y-creacion-el-cable-aereo-mas-largo-del-mundo-un-libro-que-es-legado-para-la-region\/"]}]},{"@type":"ImageObject","inLanguage":"es","@id":"https:\/\/www.ucaldas.edu.co\/portal\/investigacion-y-creacion-el-cable-aereo-mas-largo-del-mundo-un-libro-que-es-legado-para-la-region\/#primaryimage","url":"https:\/\/www.ucaldas.edu.co\/portal\/wp-content\/uploads\/2025\/12\/Post-Salida-Cable-Aereo-Libro-e1764873582586.png","contentUrl":"https:\/\/www.ucaldas.edu.co\/portal\/wp-content\/uploads\/2025\/12\/Post-Salida-Cable-Aereo-Libro-e1764873582586.png","width":900,"height":1125,"caption":"Cable a\u00e9reo m\u00e1s largo del mundo"},{"@type":"BreadcrumbList","@id":"https:\/\/www.ucaldas.edu.co\/portal\/investigacion-y-creacion-el-cable-aereo-mas-largo-del-mundo-un-libro-que-es-legado-para-la-region\/#breadcrumb","itemListElement":[{"@type":"ListItem","position":1,"name":"Portada","item":"https:\/\/www.ucaldas.edu.co\/portal\/"},{"@type":"ListItem","position":2,"name":"Investigaci\u00f3n y creaci\u00f3n: El cable a\u00e9reo m\u00e1s largo del mundo, un libro que es legado para la regi\u00f3n"}]},{"@type":"WebSite","@id":"https:\/\/www.ucaldas.edu.co\/portal\/#website","url":"https:\/\/www.ucaldas.edu.co\/portal\/","name":"Universidad de Caldas","description":"","publisher":{"@id":"https:\/\/www.ucaldas.edu.co\/portal\/#organization"},"alternateName":"U. de Caldas","potentialAction":[{"@type":"SearchAction","target":{"@type":"EntryPoint","urlTemplate":"https:\/\/www.ucaldas.edu.co\/portal\/?s={search_term_string}"},"query-input":{"@type":"PropertyValueSpecification","valueRequired":true,"valueName":"search_term_string"}}],"inLanguage":"es"},{"@type":"Organization","@id":"https:\/\/www.ucaldas.edu.co\/portal\/#organization","name":"Universidad de Caldas","alternateName":"U. de Caldas","url":"https:\/\/www.ucaldas.edu.co\/portal\/","logo":{"@type":"ImageObject","inLanguage":"es","@id":"https:\/\/www.ucaldas.edu.co\/portal\/#\/schema\/logo\/image\/","url":"https:\/\/www.ucaldas.edu.co\/portal\/wp-content\/uploads\/2023\/11\/Logo_horizontal_oscuroU-2023.png","contentUrl":"https:\/\/www.ucaldas.edu.co\/portal\/wp-content\/uploads\/2023\/11\/Logo_horizontal_oscuroU-2023.png","width":263,"height":101,"caption":"Universidad de Caldas"},"image":{"@id":"https:\/\/www.ucaldas.edu.co\/portal\/#\/schema\/logo\/image\/"},"sameAs":["https:\/\/www.facebook.com\/udecaldas","https:\/\/x.com\/udecaldas","https:\/\/www.youtube.com\/universidadcaldas","https:\/\/www.instagram.com\/udecaldas\/"]},{"@type":"Person","@id":"https:\/\/www.ucaldas.edu.co\/portal\/#\/schema\/person\/a1b482e23449158b4bc319926c074fdf","name":"ofiprensa","image":{"@type":"ImageObject","inLanguage":"es","@id":"https:\/\/www.ucaldas.edu.co\/portal\/wp-content\/litespeed\/avatar\/09ea5085e600095a7a811142c6944527.jpg?ver=1777497608","url":"https:\/\/www.ucaldas.edu.co\/portal\/wp-content\/litespeed\/avatar\/09ea5085e600095a7a811142c6944527.jpg?ver=1777497608","contentUrl":"https:\/\/www.ucaldas.edu.co\/portal\/wp-content\/litespeed\/avatar\/09ea5085e600095a7a811142c6944527.jpg?ver=1777497608","caption":"ofiprensa"},"url":"https:\/\/www.ucaldas.edu.co\/portal\/author\/ofiprensa\/"}]}},"_links":{"self":[{"href":"https:\/\/www.ucaldas.edu.co\/portal\/wp-json\/wp\/v2\/posts\/100360","targetHints":{"allow":["GET"]}}],"collection":[{"href":"https:\/\/www.ucaldas.edu.co\/portal\/wp-json\/wp\/v2\/posts"}],"about":[{"href":"https:\/\/www.ucaldas.edu.co\/portal\/wp-json\/wp\/v2\/types\/post"}],"author":[{"embeddable":true,"href":"https:\/\/www.ucaldas.edu.co\/portal\/wp-json\/wp\/v2\/users\/2"}],"replies":[{"embeddable":true,"href":"https:\/\/www.ucaldas.edu.co\/portal\/wp-json\/wp\/v2\/comments?post=100360"}],"version-history":[{"count":1,"href":"https:\/\/www.ucaldas.edu.co\/portal\/wp-json\/wp\/v2\/posts\/100360\/revisions"}],"predecessor-version":[{"id":100362,"href":"https:\/\/www.ucaldas.edu.co\/portal\/wp-json\/wp\/v2\/posts\/100360\/revisions\/100362"}],"wp:featuredmedia":[{"embeddable":true,"href":"https:\/\/www.ucaldas.edu.co\/portal\/wp-json\/wp\/v2\/media\/100361"}],"wp:attachment":[{"href":"https:\/\/www.ucaldas.edu.co\/portal\/wp-json\/wp\/v2\/media?parent=100360"}],"wp:term":[{"taxonomy":"category","embeddable":true,"href":"https:\/\/www.ucaldas.edu.co\/portal\/wp-json\/wp\/v2\/categories?post=100360"},{"taxonomy":"post_tag","embeddable":true,"href":"https:\/\/www.ucaldas.edu.co\/portal\/wp-json\/wp\/v2\/tags?post=100360"}],"curies":[{"name":"wp","href":"https:\/\/api.w.org\/{rel}","templated":true}]}}